{"id":7320,"date":"2019-11-14T22:13:58","date_gmt":"2019-11-14T22:13:58","guid":{"rendered":"https:\/\/laprensacristiana.com\/?p=7320"},"modified":"2019-11-14T22:24:53","modified_gmt":"2019-11-14T22:24:53","slug":"pastor-mario-vega-habla-sobre-su-postura-frente-al-caso-del-magistrado-escalante","status":"publish","type":"post","link":"https:\/\/laprensacristiana.com\/?p=7320","title":{"rendered":"Pastor Mario Vega da su postura frente al caso del Magistrado Escalante"},"content":{"rendered":"\n<p>El caso del Magistrado Eduardo Escalante ha resonado en todo\nEl Salvador causando indignaci\u00f3n entre la poblaci\u00f3n, inicialmente estaba\nacusado por delito de agresi\u00f3n sexual en menor e incapaz, pero el jueves 31 de\noctubre se dio a conocer por la c\u00e1mara primero de lo penal de San Salvador que\nlo hechos por los que fue acusados no establec\u00edan un delito sino una \u201cfalta\u201d y\nel caso fue declarado incompetente, y seria sancionado con diez a treinta d\u00edas\nde multa. <\/p>\n\n\n\n<p>\u201cLas razones que la c\u00e1mara de lo penal a arg\u00fcido para decir\nque fue una falta creo que nos son valederas, pero tambi\u00e9n desde el punto de\nvista de las afectaciones hacia la v\u00edctima no se puede decir que ella no ha\nsufrido en su intimidad o que la condici\u00f3n no va a llevar a mayores\nrepercusiones porque las experiencias son de tipo traum\u00e1tico, y da\u00f1a\nprofundamente la personalidad sobre todo cuando se trata de una menor\u201d expres\u00f3\nel Pastor Mario Vega en un video compartido por la p\u00e1gina oficial de Misi\u00f3n\nCristiana Elim.&nbsp; <\/p>\n\n\n\n<p>El fallo puso caus\u00f3 revuelo en redes sociales tanto as\u00ed que\nmucha poblaci\u00f3n civil se uni\u00f3 a grupos feministas para marchar e instalarse\nfrente al Centro Judicial Isidro Menendez para gritarle al mundo que \u201cLas ni\u00f1as\nno se tocan y hacerlo si es un delito\u201d.<\/p>\n\n\n\n<p>Para el pastor Vega la iglesia debe sumarse a este tipo de\nacciones y ser parte de la fuerza que se va a producir y que sean m\u00e1s\nresponsables con este tipo de delitos y protejan mucho m\u00e1s a la ni\u00f1ez en base a\nla ley y de una forma m\u00e1s r\u00e1pida que al no hacer nada y limitarse a criticar a\nlos jueces. <\/p>\n\n\n\n<p>Para el pastor este es solo uno de los muchos casos que se\ndan en el pa\u00eds. Tambi\u00e9n habl\u00f3 sobre el trabajo que desde sus inicios se ha\nhecho dentro de Iglesia Elim para valorar la importancia de realizar un trabajo\nm\u00e1s integral y no solo enfocarse en un plano espiritual, actualmente trabajan\nde la mano con World Vision para prevenir agresiones en contra de la ni\u00f1ez.<\/p>\n","protected":false},"excerpt":{"rendered":"<p>El caso del Magistrado Eduardo Escalante ha resonado en todo El Salvador causando indignaci\u00f3n entre la poblaci\u00f3n, inicialmente estaba acusado por delito de agresi\u00f3n sexual en menor e incapaz, pero el jueves 31 de octubre se dio a conocer por la c\u00e1mara primero de lo penal de San Salvador que lo hechos por los que [&hellip;]<\/p>\n","protected":false},"author":3,"featured_media":7321,"comment_status":"open","ping_status":"open","sticky":false,"template":"","format":"standard","meta":[],"categories":[56],"tags":[],"yoast_head":"<!-- This site is optimized with the Yoast SEO plugin v20.8 - https:\/\/yoast.com\/wordpress\/plugins\/seo\/ -->\n<title>Pastor Mario Vega da su postura frente al caso del Magistrado Escalante - La Prensa Cristiana<\/title>\n<meta name=\"robots\" content=\"index, follow, max-snippet:-1, max-image-preview:large, max-video-preview:-1\" \/>\n<link rel=\"canonical\" href=\"https:\/\/laprensacristiana.com\/?p=7320\" \/>\n<meta property=\"og:locale\" content=\"es_ES\" \/>\n<meta property=\"og:type\" content=\"article\" \/>\n<meta property=\"og:title\" content=\"Pastor Mario Vega da su postura frente al caso del Magistrado Escalante - La Prensa Cristiana\" \/>\n<meta property=\"og:description\" content=\"El caso del Magistrado Eduardo Escalante ha resonado en todo El Salvador causando indignaci\u00f3n entre la poblaci\u00f3n, inicialmente estaba acusado por delito de agresi\u00f3n sexual en menor e incapaz, pero el jueves 31 de octubre se dio a conocer por la c\u00e1mara primero de lo penal de San Salvador que lo hechos por los que [&hellip;]\" \/>\n<meta property=\"og:url\" content=\"https:\/\/laprensacristiana.com\/?p=7320\" \/>\n<meta property=\"og:site_name\" content=\"La Prensa Cristiana\" \/>\n<meta property=\"article:published_time\" content=\"2019-11-14T22:13:58+00:00\" \/>\n<meta property=\"article:modified_time\" content=\"2019-11-14T22:24:53+00:00\" \/>\n<meta property=\"og:image\" content=\"https:\/\/laprensacristiana.com\/wp-content\/uploads\/2019\/11\/WhatsApp-Image-2019-11-14-at-16.12.48.jpeg\" \/>\n\t<meta property=\"og:image:width\" content=\"720\" \/>\n\t<meta property=\"og:image:height\" content=\"410\" \/>\n\t<meta property=\"og:image:type\" content=\"image\/jpeg\" \/>\n<meta name=\"author\" content=\"EDITOR\" \/>\n<meta name=\"twitter:card\" content=\"summary_large_image\" \/>\n<meta name=\"twitter:label1\" content=\"Escrito por\" \/>\n\t<meta name=\"twitter:data1\" content=\"EDITOR\" \/>\n\t<meta name=\"twitter:label2\" content=\"Tiempo de lectura\" \/>\n\t<meta name=\"twitter:data2\" content=\"2 minutos\" \/>\n<script type=\"application\/ld+json\" class=\"yoast-schema-graph\">{\"@context\":\"https:\/\/schema.org\",\"@graph\":[{\"@type\":\"WebPage\",\"@id\":\"https:\/\/laprensacristiana.com\/?p=7320\",\"url\":\"https:\/\/laprensacristiana.com\/?p=7320\",\"name\":\"Pastor Mario Vega da su postura frente al caso del Magistrado Escalante - La Prensa Cristiana\",\"isPartOf\":{\"@id\":\"https:\/\/laprensacristiana.com\/#website\"},\"datePublished\":\"2019-11-14T22:13:58+00:00\",\"dateModified\":\"2019-11-14T22:24:53+00:00\",\"author\":{\"@id\":\"https:\/\/laprensacristiana.com\/#\/schema\/person\/3e7d82c6bfd6b1fa67010f8f7cd5256e\"},\"breadcrumb\":{\"@id\":\"https:\/\/laprensacristiana.com\/?p=7320#breadcrumb\"},\"inLanguage\":\"es\",\"potentialAction\":[{\"@type\":\"ReadAction\",\"target\":[\"https:\/\/laprensacristiana.com\/?p=7320\"]}]},{\"@type\":\"BreadcrumbList\",\"@id\":\"https:\/\/laprensacristiana.com\/?p=7320#breadcrumb\",\"itemListElement\":[{\"@type\":\"ListItem\",\"position\":1,\"name\":\"Portada\",\"item\":\"https:\/\/laprensacristiana.com\/\"},{\"@type\":\"ListItem\",\"position\":2,\"name\":\"Pastor Mario Vega da su postura frente al caso del Magistrado Escalante\"}]},{\"@type\":\"WebSite\",\"@id\":\"https:\/\/laprensacristiana.com\/#website\",\"url\":\"https:\/\/laprensacristiana.com\/\",\"name\":\"La Prensa Cristiana\",\"description\":\"Anunciando Las Buenas Nuevas\",\"potentialAction\":[{\"@type\":\"SearchAction\",\"target\":{\"@type\":\"EntryPoint\",\"urlTemplate\":\"https:\/\/laprensacristiana.com\/?s={search_term_string}\"},\"query-input\":\"required name=search_term_string\"}],\"inLanguage\":\"es\"},{\"@type\":\"Person\",\"@id\":\"https:\/\/laprensacristiana.com\/#\/schema\/person\/3e7d82c6bfd6b1fa67010f8f7cd5256e\",\"name\":\"EDITOR\",\"image\":{\"@type\":\"ImageObject\",\"inLanguage\":\"es\",\"@id\":\"https:\/\/laprensacristiana.com\/#\/schema\/person\/image\/\",\"url\":\"https:\/\/secure.gravatar.com\/avatar\/72069dfb6c13772d9e8381e3638666d2?s=96&d=mm&r=g\",\"contentUrl\":\"https:\/\/secure.gravatar.com\/avatar\/72069dfb6c13772d9e8381e3638666d2?s=96&d=mm&r=g\",\"caption\":\"EDITOR\"},\"url\":\"https:\/\/laprensacristiana.com\/?author=3\"}]}<\/script>\n<!-- \/ Yoast SEO plugin. -->","yoast_head_json":{"title":"Pastor Mario Vega da su postura frente al caso del Magistrado Escalante - La Prensa Cristiana","robots":{"index":"index","follow":"follow","max-snippet":"max-snippet:-1","max-image-preview":"max-image-preview:large","max-video-preview":"max-video-preview:-1"},"canonical":"https:\/\/laprensacristiana.com\/?p=7320","og_locale":"es_ES","og_type":"article","og_title":"Pastor Mario Vega da su postura frente al caso del Magistrado Escalante - La Prensa Cristiana","og_description":"El caso del Magistrado Eduardo Escalante ha resonado en todo El Salvador causando indignaci\u00f3n entre la poblaci\u00f3n, inicialmente estaba acusado por delito de agresi\u00f3n sexual en menor e incapaz, pero el jueves 31 de octubre se dio a conocer por la c\u00e1mara primero de lo penal de San Salvador que lo hechos por los que [&hellip;]","og_url":"https:\/\/laprensacristiana.com\/?p=7320","og_site_name":"La Prensa Cristiana","article_published_time":"2019-11-14T22:13:58+00:00","article_modified_time":"2019-11-14T22:24:53+00:00","og_image":[{"width":720,"height":410,"url":"https:\/\/laprensacristiana.com\/wp-content\/uploads\/2019\/11\/WhatsApp-Image-2019-11-14-at-16.12.48.jpeg","type":"image\/jpeg"}],"author":"EDITOR","twitter_card":"summary_large_image","twitter_misc":{"Escrito por":"EDITOR","Tiempo de lectura":"2 minutos"},"schema":{"@context":"https:\/\/schema.org","@graph":[{"@type":"WebPage","@id":"https:\/\/laprensacristiana.com\/?p=7320","url":"https:\/\/laprensacristiana.com\/?p=7320","name":"Pastor Mario Vega da su postura frente al caso del Magistrado Escalante - La Prensa Cristiana","isPartOf":{"@id":"https:\/\/laprensacristiana.com\/#website"},"datePublished":"2019-11-14T22:13:58+00:00","dateModified":"2019-11-14T22:24:53+00:00","author":{"@id":"https:\/\/laprensacristiana.com\/#\/schema\/person\/3e7d82c6bfd6b1fa67010f8f7cd5256e"},"breadcrumb":{"@id":"https:\/\/laprensacristiana.com\/?p=7320#breadcrumb"},"inLanguage":"es","potentialAction":[{"@type":"ReadAction","target":["https:\/\/laprensacristiana.com\/?p=7320"]}]},{"@type":"BreadcrumbList","@id":"https:\/\/laprensacristiana.com\/?p=7320#breadcrumb","itemListElement":[{"@type":"ListItem","position":1,"name":"Portada","item":"https:\/\/laprensacristiana.com\/"},{"@type":"ListItem","position":2,"name":"Pastor Mario Vega da su postura frente al caso del Magistrado Escalante"}]},{"@type":"WebSite","@id":"https:\/\/laprensacristiana.com\/#website","url":"https:\/\/laprensacristiana.com\/","name":"La Prensa Cristiana","description":"Anunciando Las Buenas Nuevas","potentialAction":[{"@type":"SearchAction","target":{"@type":"EntryPoint","urlTemplate":"https:\/\/laprensacristiana.com\/?s={search_term_string}"},"query-input":"required name=search_term_string"}],"inLanguage":"es"},{"@type":"Person","@id":"https:\/\/laprensacristiana.com\/#\/schema\/person\/3e7d82c6bfd6b1fa67010f8f7cd5256e","name":"EDITOR","image":{"@type":"ImageObject","inLanguage":"es","@id":"https:\/\/laprensacristiana.com\/#\/schema\/person\/image\/","url":"https:\/\/secure.gravatar.com\/avatar\/72069dfb6c13772d9e8381e3638666d2?s=96&d=mm&r=g","contentUrl":"https:\/\/secure.gravatar.com\/avatar\/72069dfb6c13772d9e8381e3638666d2?s=96&d=mm&r=g","caption":"EDITOR"},"url":"https:\/\/laprensacristiana.com\/?author=3"}]}},"_links":{"self":[{"href":"https:\/\/laprensacristiana.com\/index.php?rest_route=\/wp\/v2\/posts\/7320"}],"collection":[{"href":"https:\/\/laprensacristiana.com\/index.php?rest_route=\/wp\/v2\/posts"}],"about":[{"href":"https:\/\/laprensacristiana.com\/index.php?rest_route=\/wp\/v2\/types\/post"}],"author":[{"embeddable":true,"href":"https:\/\/laprensacristiana.com\/index.php?rest_route=\/wp\/v2\/users\/3"}],"replies":[{"embeddable":true,"href":"https:\/\/laprensacristiana.com\/index.php?rest_route=%2Fwp%2Fv2%2Fcomments&post=7320"}],"version-history":[{"count":2,"href":"https:\/\/laprensacristiana.com\/index.php?rest_route=\/wp\/v2\/posts\/7320\/revisions"}],"predecessor-version":[{"id":7323,"href":"https:\/\/laprensacristiana.com\/index.php?rest_route=\/wp\/v2\/posts\/7320\/revisions\/7323"}],"wp:featuredmedia":[{"embeddable":true,"href":"https:\/\/laprensacristiana.com\/index.php?rest_route=\/wp\/v2\/media\/7321"}],"wp:attachment":[{"href":"https:\/\/laprensacristiana.com\/index.php?rest_route=%2Fwp%2Fv2%2Fmedia&parent=7320"}],"wp:term":[{"taxonomy":"category","embeddable":true,"href":"https:\/\/laprensacristiana.com\/index.php?rest_route=%2Fwp%2Fv2%2Fcategories&post=7320"},{"taxonomy":"post_tag","embeddable":true,"href":"https:\/\/laprensacristiana.com\/index.php?rest_route=%2Fwp%2Fv2%2Ftags&post=7320"}],"curies":[{"name":"wp","href":"https:\/\/api.w.org\/{rel}","templated":true}]}}