{"id":7325,"date":"2019-11-16T14:56:25","date_gmt":"2019-11-16T14:56:25","guid":{"rendered":"https:\/\/laprensacristiana.com\/?p=7325"},"modified":"2019-11-16T15:21:18","modified_gmt":"2019-11-16T15:21:18","slug":"el-camino-no-andado-parte-i","status":"publish","type":"post","link":"https:\/\/laprensacristiana.com\/?p=7325","title":{"rendered":"El camino no andado (parte I)"},"content":{"rendered":"\n<p>Es indudable, necesitamos\nmejores l\u00edderes. La pregunta es: \u00bfPodemos hacer algo en las Iglesias para\ngarantizarnos que en el futuro nuestros l\u00edderes ser\u00e1n escogidos por su car\u00e1cter\ny no por su personalidad? Honestamente, creo que s\u00ed. Probablemente has escuchado\nque los problemas no pueden ser resueltos en el mismo nivel de pensamiento en\nel que fueron creados. Tan acertado pensamiento (atribuido a Albert Einstein)\ntiene plena aplicaci\u00f3n a los cambios que las iglesias debemos realizar para el\ndesarrollo de un nuevo liderazgo. Una manera m\u00e1s coloquial de expresar la misma\nidea es entender que una definici\u00f3n de locura bien podr\u00eda ser \u201crepetir los\nmismos pasos y esperar resultados diferentes\u201d. Para evitar tal sin sentido,\ncomo en todo cambio radical, debemos evaluar cu\u00e1les son los elementos que\n\u2013aunque nos resulte inc\u00f3modo o inconveniente\u2013 debemos desechar, cu\u00e1les debemos\nconservar y cu\u00e1les nuevos factores debemos incorporar. \u00bfCu\u00e1l es el camino no\nandado que ahora debemos recorrer? Hay cinco mojones en tal camino que\nnecesitamos considerar: renunciar a la carnalidad, retornar al discipulado,\napropiarnos de la visi\u00f3n de Dios, crecer en nuestra capacidad de capacitar y\naprender a empoderar estrat\u00e9gicamente a la generaci\u00f3n m\u00e1s joven en nuestras\niglesias. Por cuestiones de espacio, reflexionemos sobre las primeras dos este\nd\u00eda y dejemos las tres restantes para la pr\u00f3xima ocasi\u00f3n.<\/p>\n\n\n\n<p><strong>Alto a la carnalidad<\/strong><\/p>\n\n\n\n<p>La carnalidad glorifica a\nla carne, la espiritualidad al Esp\u00edritu. El principio es simple: \u201cLo que es\nnacido de la carne, carne es; y lo que es nacido del Esp\u00edritu, esp\u00edritu es\u201d\n(Juan 3:36). Si algo es hecho en el ministerio para la gloria, poder,\ncomodidad, exaltaci\u00f3n o beneficio de un hombre (aunque no se diga as\u00ed\nabiertamente), es imposible que sea una acci\u00f3n espiritual. Si el ambiente en el\nque se forman los nuevos l\u00edderes est\u00e1 saturado por esta realidad, es imposible\nque ellos se desarrollen espiritualmente. Nos urge comprender que la carnalidad\nes un c\u00edrculo vicioso que debe ser interrumpido intencionalmente: Una iglesia\ncarnal, produce l\u00edderes carnales; l\u00edderes carnales producen m\u00e1s iglesias\ncarnales. Esto es tan simple y elemental que podr\u00eda ser pasado por alto. Por\ncierto, la espiritualidad poco tiene que ver con activismo en la iglesia. \u00bfC\u00f3mo\nse pone un alto a la carnalidad? No es complejo, pero tampoco es algo\nnecesariamente f\u00e1cil: el primer paso es profundo arrepentimiento, el segundo es\nvolver a una relaci\u00f3n con el Esp\u00edritu Santo en la que \u00e9l controla nuestras\ndecisiones, nuestra conducta y nuestro car\u00e1cter. Pi\u00e9nsalo. No tendremos jam\u00e1s\nen nuestras congregaciones los l\u00edderes espirituales que el pa\u00eds necesita\nmientras los que tenemos la responsabilidad de desarrollar nuevos l\u00edderes no\ntengamos un profundo compromiso con la Biblia vivida en el poder del Esp\u00ediritu\nSanto. No produciremos nuevos l\u00edderes que sean espirituales mientras los\nactuales no caminemos de la mano del Esp\u00edritu Santo. <\/p>\n\n\n\n<p><strong>Retorno al Discipulado<\/strong><\/p>\n\n\n\n<p>El discipulado es el\nproceso por medio del cual una persona se conforma a la imagen de Cristo y se\nconvierte paulatinamente en aguien un poco m\u00e1s parecido Jes\u00fas. El discipulado\nes el estudio de la persona de Jes\u00fas y la incorporaci\u00f3n intencional de lo que\naprendemos de ella en nuestro car\u00e1cter como personas. Es individual y no puede\nser realizado en masa, ya que depende grandemente del deseo y la voluntad de\ncada quien en crecer en ese proceso. De esto, precisamente, se trata el\ncristianismo. No sucede solo por asistir a una iglesia, participar de una\nc\u00e9lula de oraci\u00f3n o apropiarse de la identidad que proporcionan los elementos\nculturales evang\u00e9licos en boga. No se puede obligar a alguien a ser como\nJes\u00fas, \u00a1ni siquiera se puede obligar a que desee serlo! El que quiere, quiere; el que no quiere, no\nquiere. El que quiere estar\u00e1 dispuesto a hacer los ajustes necesarios en su\ntiempo, sus gustos, y en su vida en general para avanzar en el proceso que le\nacerque a conformarse a la imagen de Cristo, el prop\u00f3sito que Dios tiene para\ncada uno de sus seguidores (Romanos 8:29). Entre aquellos que est\u00e1n creciendo\nen su proceso de conformarse a Cristo deben surgir los l\u00edderes de nuestras\niglesias. Por supuesto, necesitan ser \u201ccapaces, temerosos de Dios, fieles y no\nmaterialistas\u201d (como se lo dijo Jetro a Mois\u00e9s); pero al mismo tiempo deben\npersonificar los valores de Jesucristo ante un mundo necesitado \u2013urgido\u2013 de\npersonas normales que sean ejemplos de algo mejor que lo que la sociedad ya\nofrece. Formar disc\u00edpulos fue el m\u00e9todo dise\u00f1ado por Jes\u00fas (y luego seguido por\nsus ap\u00f3stoles, por Pablo y por la iglesia primitiva) para influenciar este\nmundo. Aunque las expresiones congregacionales de adoraci\u00f3n son buenas \u2013l\u00e9ase\nlos cultos en las iglesias\u2013 no seremos sal y luz desde dentro de un templo\u2026 por\nmuy elocuente que sea el predicador, por impactante que sea la alabanza o por muy\nprofesional que sea la producci\u00f3n del culto. Influenciaremos nuestro mundo con\ncreyentes que se parezcan a Jes\u00fas liderados por quienes van a la cabeza de su\nproceso de crecimiento y hayan desarrollado las habilidades de liderazgo\nnecesarias. \u00bfC\u00f3mo retornar al discipulado? Bueno, la clave no est\u00e1 en los\nprogramas (casi cualquiera podr\u00eda funcionar) sino en el coraz\u00f3n de formar a\notros para ser como Jes\u00fas. En el momento en el que volvamos a escoger \u201chombres\nfieles que sean id\u00f3neos para ense\u00f1ar tambi\u00e9n a otros\u201d y logremos \u201cense\u00f1arles a\nque guarden todas las cosas que \u00e9l nos mand\u00f3\u201d habremos retornado al coraz\u00f3n\nmismo del cristianismo y de la formaci\u00f3n de l\u00edderes. <\/p>\n\n\n\n<p>Un pensamiento final\nantes de poner pausa a esta reflexi\u00f3n: Obviamente, la responsabilidad principal\ndel cambio organizacional de una iglesia recae en sus l\u00edderes. Los principios\nb\u00edblicos que confirman tal responsabilidad son abrumadoras. \u201cEl disc\u00edpulo no es\nm\u00e1s que su maestro, ni el siervo m\u00e1s que su se\u00f1or.\u201d Aunque todos en las\niglesias debemos participar del desarrollo de un nuevo liderazgo, somos los\nl\u00edderes actuales quienes \u2013alg\u00fan d\u00eda\u2013 daremos cuentas a Jes\u00fas por lo que ac\u00e1\nhicimos.<\/p>\n","protected":false},"excerpt":{"rendered":"<p>Es indudable, necesitamos mejores l\u00edderes. La pregunta es: \u00bfPodemos hacer algo en las Iglesias para garantizarnos que en el futuro nuestros l\u00edderes ser\u00e1n escogidos por su car\u00e1cter y no por su personalidad? Honestamente, creo que s\u00ed. Probablemente has escuchado que los problemas no pueden ser resueltos en el mismo nivel de pensamiento en el que [&hellip;]<\/p>\n","protected":false},"author":3,"featured_media":7169,"comment_status":"open","ping_status":"open","sticky":false,"template":"","format":"standard","meta":[],"categories":[75],"tags":[],"yoast_head":"<!-- This site is optimized with the Yoast SEO plugin v20.8 - https:\/\/yoast.com\/wordpress\/plugins\/seo\/ -->\n<title>El camino no andado (parte I) - La Prensa Cristiana<\/title>\n<meta name=\"robots\" content=\"index, follow, max-snippet:-1, max-image-preview:large, max-video-preview:-1\" \/>\n<link rel=\"canonical\" href=\"https:\/\/laprensacristiana.com\/?p=7325\" \/>\n<meta property=\"og:locale\" content=\"es_ES\" \/>\n<meta property=\"og:type\" content=\"article\" \/>\n<meta property=\"og:title\" content=\"El camino no andado (parte I) - La Prensa Cristiana\" \/>\n<meta property=\"og:description\" content=\"Es indudable, necesitamos mejores l\u00edderes. La pregunta es: \u00bfPodemos hacer algo en las Iglesias para garantizarnos que en el futuro nuestros l\u00edderes ser\u00e1n escogidos por su car\u00e1cter y no por su personalidad? Honestamente, creo que s\u00ed. Probablemente has escuchado que los problemas no pueden ser resueltos en el mismo nivel de pensamiento en el que [&hellip;]\" \/>\n<meta property=\"og:url\" content=\"https:\/\/laprensacristiana.com\/?p=7325\" \/>\n<meta property=\"og:site_name\" content=\"La Prensa Cristiana\" \/>\n<meta property=\"article:published_time\" content=\"2019-11-16T14:56:25+00:00\" \/>\n<meta property=\"article:modified_time\" content=\"2019-11-16T15:21:18+00:00\" \/>\n<meta property=\"og:image\" content=\"https:\/\/laprensacristiana.com\/wp-content\/uploads\/2019\/10\/elretodelliderazgo.jpg\" \/>\n\t<meta property=\"og:image:width\" content=\"776\" \/>\n\t<meta property=\"og:image:height\" content=\"393\" \/>\n\t<meta property=\"og:image:type\" content=\"image\/jpeg\" \/>\n<meta name=\"author\" content=\"EDITOR\" \/>\n<meta name=\"twitter:card\" content=\"summary_large_image\" \/>\n<meta name=\"twitter:label1\" content=\"Escrito por\" \/>\n\t<meta name=\"twitter:data1\" content=\"EDITOR\" \/>\n\t<meta name=\"twitter:label2\" content=\"Tiempo de lectura\" \/>\n\t<meta name=\"twitter:data2\" content=\"5 minutos\" \/>\n<script type=\"application\/ld+json\" class=\"yoast-schema-graph\">{\"@context\":\"https:\/\/schema.org\",\"@graph\":[{\"@type\":\"WebPage\",\"@id\":\"https:\/\/laprensacristiana.com\/?p=7325\",\"url\":\"https:\/\/laprensacristiana.com\/?p=7325\",\"name\":\"El camino no andado (parte I) - La Prensa Cristiana\",\"isPartOf\":{\"@id\":\"https:\/\/laprensacristiana.com\/#website\"},\"datePublished\":\"2019-11-16T14:56:25+00:00\",\"dateModified\":\"2019-11-16T15:21:18+00:00\",\"author\":{\"@id\":\"https:\/\/laprensacristiana.com\/#\/schema\/person\/3e7d82c6bfd6b1fa67010f8f7cd5256e\"},\"breadcrumb\":{\"@id\":\"https:\/\/laprensacristiana.com\/?p=7325#breadcrumb\"},\"inLanguage\":\"es\",\"potentialAction\":[{\"@type\":\"ReadAction\",\"target\":[\"https:\/\/laprensacristiana.com\/?p=7325\"]}]},{\"@type\":\"BreadcrumbList\",\"@id\":\"https:\/\/laprensacristiana.com\/?p=7325#breadcrumb\",\"itemListElement\":[{\"@type\":\"ListItem\",\"position\":1,\"name\":\"Portada\",\"item\":\"https:\/\/laprensacristiana.com\/\"},{\"@type\":\"ListItem\",\"position\":2,\"name\":\"El camino no andado (parte I)\"}]},{\"@type\":\"WebSite\",\"@id\":\"https:\/\/laprensacristiana.com\/#website\",\"url\":\"https:\/\/laprensacristiana.com\/\",\"name\":\"La Prensa Cristiana\",\"description\":\"Anunciando Las Buenas Nuevas\",\"potentialAction\":[{\"@type\":\"SearchAction\",\"target\":{\"@type\":\"EntryPoint\",\"urlTemplate\":\"https:\/\/laprensacristiana.com\/?s={search_term_string}\"},\"query-input\":\"required name=search_term_string\"}],\"inLanguage\":\"es\"},{\"@type\":\"Person\",\"@id\":\"https:\/\/laprensacristiana.com\/#\/schema\/person\/3e7d82c6bfd6b1fa67010f8f7cd5256e\",\"name\":\"EDITOR\",\"image\":{\"@type\":\"ImageObject\",\"inLanguage\":\"es\",\"@id\":\"https:\/\/laprensacristiana.com\/#\/schema\/person\/image\/\",\"url\":\"https:\/\/secure.gravatar.com\/avatar\/72069dfb6c13772d9e8381e3638666d2?s=96&d=mm&r=g\",\"contentUrl\":\"https:\/\/secure.gravatar.com\/avatar\/72069dfb6c13772d9e8381e3638666d2?s=96&d=mm&r=g\",\"caption\":\"EDITOR\"},\"url\":\"https:\/\/laprensacristiana.com\/?author=3\"}]}<\/script>\n<!-- \/ Yoast SEO plugin. -->","yoast_head_json":{"title":"El camino no andado (parte I) - La Prensa Cristiana","robots":{"index":"index","follow":"follow","max-snippet":"max-snippet:-1","max-image-preview":"max-image-preview:large","max-video-preview":"max-video-preview:-1"},"canonical":"https:\/\/laprensacristiana.com\/?p=7325","og_locale":"es_ES","og_type":"article","og_title":"El camino no andado (parte I) - La Prensa Cristiana","og_description":"Es indudable, necesitamos mejores l\u00edderes. La pregunta es: \u00bfPodemos hacer algo en las Iglesias para garantizarnos que en el futuro nuestros l\u00edderes ser\u00e1n escogidos por su car\u00e1cter y no por su personalidad? Honestamente, creo que s\u00ed. Probablemente has escuchado que los problemas no pueden ser resueltos en el mismo nivel de pensamiento en el que [&hellip;]","og_url":"https:\/\/laprensacristiana.com\/?p=7325","og_site_name":"La Prensa Cristiana","article_published_time":"2019-11-16T14:56:25+00:00","article_modified_time":"2019-11-16T15:21:18+00:00","og_image":[{"width":776,"height":393,"url":"https:\/\/laprensacristiana.com\/wp-content\/uploads\/2019\/10\/elretodelliderazgo.jpg","type":"image\/jpeg"}],"author":"EDITOR","twitter_card":"summary_large_image","twitter_misc":{"Escrito por":"EDITOR","Tiempo de lectura":"5 minutos"},"schema":{"@context":"https:\/\/schema.org","@graph":[{"@type":"WebPage","@id":"https:\/\/laprensacristiana.com\/?p=7325","url":"https:\/\/laprensacristiana.com\/?p=7325","name":"El camino no andado (parte I) - La Prensa Cristiana","isPartOf":{"@id":"https:\/\/laprensacristiana.com\/#website"},"datePublished":"2019-11-16T14:56:25+00:00","dateModified":"2019-11-16T15:21:18+00:00","author":{"@id":"https:\/\/laprensacristiana.com\/#\/schema\/person\/3e7d82c6bfd6b1fa67010f8f7cd5256e"},"breadcrumb":{"@id":"https:\/\/laprensacristiana.com\/?p=7325#breadcrumb"},"inLanguage":"es","potentialAction":[{"@type":"ReadAction","target":["https:\/\/laprensacristiana.com\/?p=7325"]}]},{"@type":"BreadcrumbList","@id":"https:\/\/laprensacristiana.com\/?p=7325#breadcrumb","itemListElement":[{"@type":"ListItem","position":1,"name":"Portada","item":"https:\/\/laprensacristiana.com\/"},{"@type":"ListItem","position":2,"name":"El camino no andado (parte I)"}]},{"@type":"WebSite","@id":"https:\/\/laprensacristiana.com\/#website","url":"https:\/\/laprensacristiana.com\/","name":"La Prensa Cristiana","description":"Anunciando Las Buenas Nuevas","potentialAction":[{"@type":"SearchAction","target":{"@type":"EntryPoint","urlTemplate":"https:\/\/laprensacristiana.com\/?s={search_term_string}"},"query-input":"required name=search_term_string"}],"inLanguage":"es"},{"@type":"Person","@id":"https:\/\/laprensacristiana.com\/#\/schema\/person\/3e7d82c6bfd6b1fa67010f8f7cd5256e","name":"EDITOR","image":{"@type":"ImageObject","inLanguage":"es","@id":"https:\/\/laprensacristiana.com\/#\/schema\/person\/image\/","url":"https:\/\/secure.gravatar.com\/avatar\/72069dfb6c13772d9e8381e3638666d2?s=96&d=mm&r=g","contentUrl":"https:\/\/secure.gravatar.com\/avatar\/72069dfb6c13772d9e8381e3638666d2?s=96&d=mm&r=g","caption":"EDITOR"},"url":"https:\/\/laprensacristiana.com\/?author=3"}]}},"_links":{"self":[{"href":"https:\/\/laprensacristiana.com\/index.php?rest_route=\/wp\/v2\/posts\/7325"}],"collection":[{"href":"https:\/\/laprensacristiana.com\/index.php?rest_route=\/wp\/v2\/posts"}],"about":[{"href":"https:\/\/laprensacristiana.com\/index.php?rest_route=\/wp\/v2\/types\/post"}],"author":[{"embeddable":true,"href":"https:\/\/laprensacristiana.com\/index.php?rest_route=\/wp\/v2\/users\/3"}],"replies":[{"embeddable":true,"href":"https:\/\/laprensacristiana.com\/index.php?rest_route=%2Fwp%2Fv2%2Fcomments&post=7325"}],"version-history":[{"count":2,"href":"https:\/\/laprensacristiana.com\/index.php?rest_route=\/wp\/v2\/posts\/7325\/revisions"}],"predecessor-version":[{"id":7327,"href":"https:\/\/laprensacristiana.com\/index.php?rest_route=\/wp\/v2\/posts\/7325\/revisions\/7327"}],"wp:featuredmedia":[{"embeddable":true,"href":"https:\/\/laprensacristiana.com\/index.php?rest_route=\/wp\/v2\/media\/7169"}],"wp:attachment":[{"href":"https:\/\/laprensacristiana.com\/index.php?rest_route=%2Fwp%2Fv2%2Fmedia&parent=7325"}],"wp:term":[{"taxonomy":"category","embeddable":true,"href":"https:\/\/laprensacristiana.com\/index.php?rest_route=%2Fwp%2Fv2%2Fcategories&post=7325"},{"taxonomy":"post_tag","embeddable":true,"href":"https:\/\/laprensacristiana.com\/index.php?rest_route=%2Fwp%2Fv2%2Ftags&post=7325"}],"curies":[{"name":"wp","href":"https:\/\/api.w.org\/{rel}","templated":true}]}}