{"id":7328,"date":"2019-11-16T16:20:35","date_gmt":"2019-11-16T16:20:35","guid":{"rendered":"https:\/\/laprensacristiana.com\/?p=7328"},"modified":"2019-11-16T16:20:38","modified_gmt":"2019-11-16T16:20:38","slug":"evangelizacion-en-las-calles-de-mejicanos","status":"publish","type":"post","link":"https:\/\/laprensacristiana.com\/?p=7328","title":{"rendered":"Evangelizaci\u00f3n en las calles de Mejicanos"},"content":{"rendered":"\n<p>El fin de semana pasada ni\u00f1os, j\u00f3venes y adultos pertenecientes a Iglesia Zacamil AD\u00a0 se desplazaron en el recorrido de toda la calle zacamil, en paradas de buses, frente al templo, por el ISSS y en diferente puntos para predicar el evangelio a todo transe\u00fante, entregando tratados y sosteniendo pancartas con mensajes como: \u00bfy t\u00fa conoces a Jes\u00fas?, Jes\u00fas te ama, entre otros.<\/p>\n\n\n\n<ul class=\"wp-block-gallery columns-2 is-cropped wp-block-gallery-1 is-layout-flex\"><li class=\"blocks-gallery-item\"><figure><img decoding=\"async\" loading=\"lazy\" width=\"1024\" height=\"768\" src=\"https:\/\/laprensacristiana.com\/wp-content\/uploads\/2019\/11\/WhatsApp-Image-2019-11-16-at-09.43.18-1024x768.jpeg\" alt=\"\" data-id=\"7330\" data-link=\"https:\/\/laprensacristiana.com\/?attachment_id=7330\" class=\"wp-image-7330\" srcset=\"https:\/\/laprensacristiana.com\/wp-content\/uploads\/2019\/11\/WhatsApp-Image-2019-11-16-at-09.43.18-1024x768.jpeg 1024w, https:\/\/laprensacristiana.com\/wp-content\/uploads\/2019\/11\/WhatsApp-Image-2019-11-16-at-09.43.18-300x225.jpeg 300w, https:\/\/laprensacristiana.com\/wp-content\/uploads\/2019\/11\/WhatsApp-Image-2019-11-16-at-09.43.18-768x576.jpeg 768w, https:\/\/laprensacristiana.com\/wp-content\/uploads\/2019\/11\/WhatsApp-Image-2019-11-16-at-09.43.18-80x60.jpeg 80w, https:\/\/laprensacristiana.com\/wp-content\/uploads\/2019\/11\/WhatsApp-Image-2019-11-16-at-09.43.18-265x198.jpeg 265w, https:\/\/laprensacristiana.com\/wp-content\/uploads\/2019\/11\/WhatsApp-Image-2019-11-16-at-09.43.18-696x522.jpeg 696w, https:\/\/laprensacristiana.com\/wp-content\/uploads\/2019\/11\/WhatsApp-Image-2019-11-16-at-09.43.18-560x420.jpeg 560w, https:\/\/laprensacristiana.com\/wp-content\/uploads\/2019\/11\/WhatsApp-Image-2019-11-16-at-09.43.18-600x450.jpeg 600w, https:\/\/laprensacristiana.com\/wp-content\/uploads\/2019\/11\/WhatsApp-Image-2019-11-16-at-09.43.18.jpeg 1040w\" sizes=\"(max-width: 1024px) 100vw, 1024px\" \/><\/figure><\/li><li class=\"blocks-gallery-item\"><figure><img decoding=\"async\" loading=\"lazy\" width=\"1024\" height=\"768\" src=\"https:\/\/laprensacristiana.com\/wp-content\/uploads\/2019\/11\/WhatsApp-Image-2019-11-16-at-09.43.16-1-1024x768.jpeg\" alt=\"\" data-id=\"7331\" data-link=\"https:\/\/laprensacristiana.com\/?attachment_id=7331\" class=\"wp-image-7331\" srcset=\"https:\/\/laprensacristiana.com\/wp-content\/uploads\/2019\/11\/WhatsApp-Image-2019-11-16-at-09.43.16-1-1024x768.jpeg 1024w, https:\/\/laprensacristiana.com\/wp-content\/uploads\/2019\/11\/WhatsApp-Image-2019-11-16-at-09.43.16-1-300x225.jpeg 300w, https:\/\/laprensacristiana.com\/wp-content\/uploads\/2019\/11\/WhatsApp-Image-2019-11-16-at-09.43.16-1-768x576.jpeg 768w, https:\/\/laprensacristiana.com\/wp-content\/uploads\/2019\/11\/WhatsApp-Image-2019-11-16-at-09.43.16-1-80x60.jpeg 80w, https:\/\/laprensacristiana.com\/wp-content\/uploads\/2019\/11\/WhatsApp-Image-2019-11-16-at-09.43.16-1-265x198.jpeg 265w, https:\/\/laprensacristiana.com\/wp-content\/uploads\/2019\/11\/WhatsApp-Image-2019-11-16-at-09.43.16-1-696x522.jpeg 696w, https:\/\/laprensacristiana.com\/wp-content\/uploads\/2019\/11\/WhatsApp-Image-2019-11-16-at-09.43.16-1-560x420.jpeg 560w, https:\/\/laprensacristiana.com\/wp-content\/uploads\/2019\/11\/WhatsApp-Image-2019-11-16-at-09.43.16-1-600x450.jpeg 600w, https:\/\/laprensacristiana.com\/wp-content\/uploads\/2019\/11\/WhatsApp-Image-2019-11-16-at-09.43.16-1.jpeg 1040w\" sizes=\"(max-width: 1024px) 100vw, 1024px\" \/><\/figure><\/li><\/ul>\n\n\n\n<p>Se desplazaron 5 grupos para la realizar evangelizaci\u00f3n de choque y transmitir a las personas que pasaban por el lugar\u00a0 esperanza, hablarles del amor de Dios, el perd\u00f3n que solo se encuentra en \u00c9l\u00a0 y decirles que solo Dios puede transformar la vida del ser humano.<\/p>\n\n\n\n<figure class=\"wp-block-image\"><img alt=\"\"\/><\/figure>\n\n\n\n<p>\u201cLes hago el llamado que puedan compartir\u00a0 y transmitir\u00a0 el amor de Dios, solo \u00e9l puede cambiar las vidas, solo \u00e9l tiene el poder para transformar al ser humano\u00bb concluy\u00f3 Sonia Caballero, integrante grupo de Evangelismo IZAD<\/p>\n\n\n\n<figure class=\"wp-block-image\"><img decoding=\"async\" loading=\"lazy\" width=\"1024\" height=\"768\" src=\"https:\/\/laprensacristiana.com\/wp-content\/uploads\/2019\/11\/WhatsApp-Image-2019-11-16-at-09.43.17-1-1024x768.jpeg\" alt=\"\" class=\"wp-image-7332\" srcset=\"https:\/\/laprensacristiana.com\/wp-content\/uploads\/2019\/11\/WhatsApp-Image-2019-11-16-at-09.43.17-1-1024x768.jpeg 1024w, https:\/\/laprensacristiana.com\/wp-content\/uploads\/2019\/11\/WhatsApp-Image-2019-11-16-at-09.43.17-1-300x225.jpeg 300w, https:\/\/laprensacristiana.com\/wp-content\/uploads\/2019\/11\/WhatsApp-Image-2019-11-16-at-09.43.17-1-768x576.jpeg 768w, https:\/\/laprensacristiana.com\/wp-content\/uploads\/2019\/11\/WhatsApp-Image-2019-11-16-at-09.43.17-1-80x60.jpeg 80w, https:\/\/laprensacristiana.com\/wp-content\/uploads\/2019\/11\/WhatsApp-Image-2019-11-16-at-09.43.17-1-265x198.jpeg 265w, https:\/\/laprensacristiana.com\/wp-content\/uploads\/2019\/11\/WhatsApp-Image-2019-11-16-at-09.43.17-1-696x522.jpeg 696w, https:\/\/laprensacristiana.com\/wp-content\/uploads\/2019\/11\/WhatsApp-Image-2019-11-16-at-09.43.17-1-560x420.jpeg 560w, https:\/\/laprensacristiana.com\/wp-content\/uploads\/2019\/11\/WhatsApp-Image-2019-11-16-at-09.43.17-1-600x450.jpeg 600w, https:\/\/laprensacristiana.com\/wp-content\/uploads\/2019\/11\/WhatsApp-Image-2019-11-16-at-09.43.17-1.jpeg 1040w\" sizes=\"(max-width: 1024px) 100vw, 1024px\" \/><\/figure>\n","protected":false},"excerpt":{"rendered":"<p>El fin de semana pasada ni\u00f1os, j\u00f3venes y adultos pertenecientes a Iglesia Zacamil AD\u00a0 se desplazaron en el recorrido de toda la calle zacamil, en paradas de buses, frente al templo, por el ISSS y en diferente puntos para predicar el evangelio a todo transe\u00fante, entregando tratados y sosteniendo pancartas con mensajes como: \u00bfy t\u00fa [&hellip;]<\/p>\n","protected":false},"author":3,"featured_media":7333,"comment_status":"open","ping_status":"open","sticky":false,"template":"","format":"standard","meta":[],"categories":[56],"tags":[],"yoast_head":"<!-- This site is optimized with the Yoast SEO plugin v20.8 - https:\/\/yoast.com\/wordpress\/plugins\/seo\/ -->\n<title>Evangelizaci\u00f3n en las calles de Mejicanos - La Prensa Cristiana<\/title>\n<meta name=\"robots\" content=\"index, follow, max-snippet:-1, max-image-preview:large, max-video-preview:-1\" \/>\n<link rel=\"canonical\" href=\"https:\/\/laprensacristiana.com\/?p=7328\" \/>\n<meta property=\"og:locale\" content=\"es_ES\" \/>\n<meta property=\"og:type\" content=\"article\" \/>\n<meta property=\"og:title\" content=\"Evangelizaci\u00f3n en las calles de Mejicanos - La Prensa Cristiana\" \/>\n<meta property=\"og:description\" content=\"El fin de semana pasada ni\u00f1os, j\u00f3venes y adultos pertenecientes a Iglesia Zacamil AD\u00a0 se desplazaron en el recorrido de toda la calle zacamil, en paradas de buses, frente al templo, por el ISSS y en diferente puntos para predicar el evangelio a todo transe\u00fante, entregando tratados y sosteniendo pancartas con mensajes como: \u00bfy t\u00fa [&hellip;]\" \/>\n<meta property=\"og:url\" content=\"https:\/\/laprensacristiana.com\/?p=7328\" \/>\n<meta property=\"og:site_name\" content=\"La Prensa Cristiana\" \/>\n<meta property=\"article:published_time\" content=\"2019-11-16T16:20:35+00:00\" \/>\n<meta property=\"article:modified_time\" content=\"2019-11-16T16:20:38+00:00\" \/>\n<meta property=\"og:image\" content=\"https:\/\/laprensacristiana.com\/wp-content\/uploads\/2019\/11\/WhatsApp-Image-2019-11-16-at-09.43.17.jpeg\" \/>\n\t<meta property=\"og:image:width\" content=\"1040\" \/>\n\t<meta property=\"og:image:height\" content=\"780\" \/>\n\t<meta property=\"og:image:type\" content=\"image\/jpeg\" \/>\n<meta name=\"author\" content=\"EDITOR\" \/>\n<meta name=\"twitter:card\" content=\"summary_large_image\" \/>\n<meta name=\"twitter:label1\" content=\"Escrito por\" \/>\n\t<meta name=\"twitter:data1\" content=\"EDITOR\" \/>\n\t<meta name=\"twitter:label2\" content=\"Tiempo de lectura\" \/>\n\t<meta name=\"twitter:data2\" content=\"1 minuto\" \/>\n<script type=\"application\/ld+json\" class=\"yoast-schema-graph\">{\"@context\":\"https:\/\/schema.org\",\"@graph\":[{\"@type\":\"WebPage\",\"@id\":\"https:\/\/laprensacristiana.com\/?p=7328\",\"url\":\"https:\/\/laprensacristiana.com\/?p=7328\",\"name\":\"Evangelizaci\u00f3n en las calles de Mejicanos - La Prensa Cristiana\",\"isPartOf\":{\"@id\":\"https:\/\/laprensacristiana.com\/#website\"},\"datePublished\":\"2019-11-16T16:20:35+00:00\",\"dateModified\":\"2019-11-16T16:20:38+00:00\",\"author\":{\"@id\":\"https:\/\/laprensacristiana.com\/#\/schema\/person\/3e7d82c6bfd6b1fa67010f8f7cd5256e\"},\"breadcrumb\":{\"@id\":\"https:\/\/laprensacristiana.com\/?p=7328#breadcrumb\"},\"inLanguage\":\"es\",\"potentialAction\":[{\"@type\":\"ReadAction\",\"target\":[\"https:\/\/laprensacristiana.com\/?p=7328\"]}]},{\"@type\":\"BreadcrumbList\",\"@id\":\"https:\/\/laprensacristiana.com\/?p=7328#breadcrumb\",\"itemListElement\":[{\"@type\":\"ListItem\",\"position\":1,\"name\":\"Portada\",\"item\":\"https:\/\/laprensacristiana.com\/\"},{\"@type\":\"ListItem\",\"position\":2,\"name\":\"Evangelizaci\u00f3n en las calles de Mejicanos\"}]},{\"@type\":\"WebSite\",\"@id\":\"https:\/\/laprensacristiana.com\/#website\",\"url\":\"https:\/\/laprensacristiana.com\/\",\"name\":\"La Prensa Cristiana\",\"description\":\"Anunciando Las Buenas Nuevas\",\"potentialAction\":[{\"@type\":\"SearchAction\",\"target\":{\"@type\":\"EntryPoint\",\"urlTemplate\":\"https:\/\/laprensacristiana.com\/?s={search_term_string}\"},\"query-input\":\"required name=search_term_string\"}],\"inLanguage\":\"es\"},{\"@type\":\"Person\",\"@id\":\"https:\/\/laprensacristiana.com\/#\/schema\/person\/3e7d82c6bfd6b1fa67010f8f7cd5256e\",\"name\":\"EDITOR\",\"image\":{\"@type\":\"ImageObject\",\"inLanguage\":\"es\",\"@id\":\"https:\/\/laprensacristiana.com\/#\/schema\/person\/image\/\",\"url\":\"https:\/\/secure.gravatar.com\/avatar\/72069dfb6c13772d9e8381e3638666d2?s=96&d=mm&r=g\",\"contentUrl\":\"https:\/\/secure.gravatar.com\/avatar\/72069dfb6c13772d9e8381e3638666d2?s=96&d=mm&r=g\",\"caption\":\"EDITOR\"},\"url\":\"https:\/\/laprensacristiana.com\/?author=3\"}]}<\/script>\n<!-- \/ Yoast SEO plugin. -->","yoast_head_json":{"title":"Evangelizaci\u00f3n en las calles de Mejicanos - La Prensa Cristiana","robots":{"index":"index","follow":"follow","max-snippet":"max-snippet:-1","max-image-preview":"max-image-preview:large","max-video-preview":"max-video-preview:-1"},"canonical":"https:\/\/laprensacristiana.com\/?p=7328","og_locale":"es_ES","og_type":"article","og_title":"Evangelizaci\u00f3n en las calles de Mejicanos - La Prensa Cristiana","og_description":"El fin de semana pasada ni\u00f1os, j\u00f3venes y adultos pertenecientes a Iglesia Zacamil AD\u00a0 se desplazaron en el recorrido de toda la calle zacamil, en paradas de buses, frente al templo, por el ISSS y en diferente puntos para predicar el evangelio a todo transe\u00fante, entregando tratados y sosteniendo pancartas con mensajes como: \u00bfy t\u00fa [&hellip;]","og_url":"https:\/\/laprensacristiana.com\/?p=7328","og_site_name":"La Prensa Cristiana","article_published_time":"2019-11-16T16:20:35+00:00","article_modified_time":"2019-11-16T16:20:38+00:00","og_image":[{"width":1040,"height":780,"url":"https:\/\/laprensacristiana.com\/wp-content\/uploads\/2019\/11\/WhatsApp-Image-2019-11-16-at-09.43.17.jpeg","type":"image\/jpeg"}],"author":"EDITOR","twitter_card":"summary_large_image","twitter_misc":{"Escrito por":"EDITOR","Tiempo de lectura":"1 minuto"},"schema":{"@context":"https:\/\/schema.org","@graph":[{"@type":"WebPage","@id":"https:\/\/laprensacristiana.com\/?p=7328","url":"https:\/\/laprensacristiana.com\/?p=7328","name":"Evangelizaci\u00f3n en las calles de Mejicanos - La Prensa Cristiana","isPartOf":{"@id":"https:\/\/laprensacristiana.com\/#website"},"datePublished":"2019-11-16T16:20:35+00:00","dateModified":"2019-11-16T16:20:38+00:00","author":{"@id":"https:\/\/laprensacristiana.com\/#\/schema\/person\/3e7d82c6bfd6b1fa67010f8f7cd5256e"},"breadcrumb":{"@id":"https:\/\/laprensacristiana.com\/?p=7328#breadcrumb"},"inLanguage":"es","potentialAction":[{"@type":"ReadAction","target":["https:\/\/laprensacristiana.com\/?p=7328"]}]},{"@type":"BreadcrumbList","@id":"https:\/\/laprensacristiana.com\/?p=7328#breadcrumb","itemListElement":[{"@type":"ListItem","position":1,"name":"Portada","item":"https:\/\/laprensacristiana.com\/"},{"@type":"ListItem","position":2,"name":"Evangelizaci\u00f3n en las calles de Mejicanos"}]},{"@type":"WebSite","@id":"https:\/\/laprensacristiana.com\/#website","url":"https:\/\/laprensacristiana.com\/","name":"La Prensa Cristiana","description":"Anunciando Las Buenas Nuevas","potentialAction":[{"@type":"SearchAction","target":{"@type":"EntryPoint","urlTemplate":"https:\/\/laprensacristiana.com\/?s={search_term_string}"},"query-input":"required name=search_term_string"}],"inLanguage":"es"},{"@type":"Person","@id":"https:\/\/laprensacristiana.com\/#\/schema\/person\/3e7d82c6bfd6b1fa67010f8f7cd5256e","name":"EDITOR","image":{"@type":"ImageObject","inLanguage":"es","@id":"https:\/\/laprensacristiana.com\/#\/schema\/person\/image\/","url":"https:\/\/secure.gravatar.com\/avatar\/72069dfb6c13772d9e8381e3638666d2?s=96&d=mm&r=g","contentUrl":"https:\/\/secure.gravatar.com\/avatar\/72069dfb6c13772d9e8381e3638666d2?s=96&d=mm&r=g","caption":"EDITOR"},"url":"https:\/\/laprensacristiana.com\/?author=3"}]}},"_links":{"self":[{"href":"https:\/\/laprensacristiana.com\/index.php?rest_route=\/wp\/v2\/posts\/7328"}],"collection":[{"href":"https:\/\/laprensacristiana.com\/index.php?rest_route=\/wp\/v2\/posts"}],"about":[{"href":"https:\/\/laprensacristiana.com\/index.php?rest_route=\/wp\/v2\/types\/post"}],"author":[{"embeddable":true,"href":"https:\/\/laprensacristiana.com\/index.php?rest_route=\/wp\/v2\/users\/3"}],"replies":[{"embeddable":true,"href":"https:\/\/laprensacristiana.com\/index.php?rest_route=%2Fwp%2Fv2%2Fcomments&post=7328"}],"version-history":[{"count":1,"href":"https:\/\/laprensacristiana.com\/index.php?rest_route=\/wp\/v2\/posts\/7328\/revisions"}],"predecessor-version":[{"id":7334,"href":"https:\/\/laprensacristiana.com\/index.php?rest_route=\/wp\/v2\/posts\/7328\/revisions\/7334"}],"wp:featuredmedia":[{"embeddable":true,"href":"https:\/\/laprensacristiana.com\/index.php?rest_route=\/wp\/v2\/media\/7333"}],"wp:attachment":[{"href":"https:\/\/laprensacristiana.com\/index.php?rest_route=%2Fwp%2Fv2%2Fmedia&parent=7328"}],"wp:term":[{"taxonomy":"category","embeddable":true,"href":"https:\/\/laprensacristiana.com\/index.php?rest_route=%2Fwp%2Fv2%2Fcategories&post=7328"},{"taxonomy":"post_tag","embeddable":true,"href":"https:\/\/laprensacristiana.com\/index.php?rest_route=%2Fwp%2Fv2%2Ftags&post=7328"}],"curies":[{"name":"wp","href":"https:\/\/api.w.org\/{rel}","templated":true}]}}