{"id":7349,"date":"2019-11-19T16:44:13","date_gmt":"2019-11-19T16:44:13","guid":{"rendered":"https:\/\/laprensacristiana.com\/?p=7349"},"modified":"2019-11-19T16:44:16","modified_gmt":"2019-11-19T16:44:16","slug":"esta-usted-solo","status":"publish","type":"post","link":"https:\/\/laprensacristiana.com\/?p=7349","title":{"rendered":"\u00bfEsta usted solo?"},"content":{"rendered":"\n<p>1 Cr\u00f3nicas 19:12 \u201cY dijo: Si los sirios\nfueren m\u00e1s fuertes que yo, t\u00fa me ayudar\u00e1s; y si los amonitas fueren m\u00e1s fuertes\nque t\u00fa, yo te ayudar\u00e9\u201d<\/p>\n\n\n\n<p>Desde hace unos 40 a\u00f1os que empec\u00e9 a salir a\npredicar all\u00e1 en mi tierra Guatemala, mis mentores me ense\u00f1aron algo que nunca\nhe dejado de practicar: \u201cHermano Carlos, cuando vaya a predicar, nunca vaya\nsolo. Siempre lleve a alguien que lo cuide\u201d. <\/p>\n\n\n\n<p>No de los ladrones. Tampoco de los accidentes\nviales. Que me cuiden de los pecados que se pueden llegar a cometer cuando un\npastor anda solo. Del adulterio. De las borracheras. De la pornograf\u00eda,\nchismes, cr\u00edticas, miradas obscenas hacia las hermanas, lenguaje soez, chistes\nvulgares y muchas cosas m\u00e1s.<\/p>\n\n\n\n<p>Dicen que las gacelas africanas forman instintivamente \u00abc\u00edrculos de alerta\u00bb mientras descansan en\nla sabana. Se agrupan, con cada animal mirando hacia afuera y en una direcci\u00f3n\nlevemente distinta. Esto les permite escanear el horizonte los 360 grados y\navisar sobre posibles peligros u oportunidades.<\/p>\n\n\n\n<p>En lugar de pensar solo en s\u00ed mismos, los\nmiembros del grupo se cuidan unos a otros. Aqu\u00ed hay sabidur\u00eda para los\nseguidores de Cristo. La Biblia nos exhorta: \u00abconsider\u00e9monos unos a otros para estimularnos al amor y a las buenas obras\u201d\nEl escritor de Hebreos explica que nunca se plante\u00f3 que los creyentes\nanduvieran solos. Juntos somos m\u00e1s fuertes. Podemos alentarnos unos a otros y\nayudarnos a estar alertas ante los esfuerzos de nuestro enemigo, el diablo, quien\n\u00abanda\nalrededor buscando a qui\u00e9n\ndevorar\u00bb.<\/p>\n\n\n\n<p>\u00bfQu\u00e9 ha sucedido con los l\u00edderes de hoy que\nno obedecen a estas instrucciones que nos da la Palabra de Dios? Creo que la\nrespuesta es sencilla: No quieren ser fiscalizados. No quieren que otros se den\ncuenta de sus liviandades y carnalidades. Controlar nuestros instintos y\ndominar nuestros deseos es una tarea que llevamos a cabo todos los d\u00edas. No\ntodo lo que queremos es bueno para nosotros o para la gente que nos rodea; en\nmuchas ocasiones debemos restringir nuestro poder de actuar a fin de tener un\nequilibrio positivo que nos ayude a ser seres humanos de bien, \u00edntegros y\ndichosos. <\/p>\n\n\n\n<p>En esto radica el problema que tenemos hoy\nen d\u00eca de tanto fracaso ministerial, de tanto hogar desintegrado dentro de la\nIglesia. Pastores que no quieren rendirle cuentas a otro pastor. L\u00edderes que\ncon haber cursado un pensum de materias b\u00edblicas ya creen que su carne est\u00e1\nsujeta a la Palabra y Voluntad de Dios.&nbsp;\nPero sabemos que no es as\u00ed. Siempre tendremos ese problema dentro de\nnosotros. Ya lo dijo Pablo: \u00a1Miserable hombre de m\u00ed!. <\/p>\n\n\n\n<p>Estar solo es peligroso. Nos volvemos\nvulnerables a las tentaciones y ca\u00eddas como cualquier otro hombre ya sea\nejecutivo de alto perfil como el trabajador m\u00e1s humilde. Joab lo sab\u00eda. Solo no\npod\u00eda vencer a sus enemigos y le pide ayuda a su hermano Abisai para que juntos\nse cuiden mutuamente. <\/p>\n\n\n\n<p>Y, \u00bfqu\u00e9 de nosotros los pastores? \u00bfQu\u00e9 de\nnosotros los que ense\u00f1amos a las ovejas del Se\u00f1or? Este ha sido el fracaso de\nla Iglesia de hoy en d\u00eda. Esc\u00e1ndalos por todos lados. Fragmentaci\u00f3n en las\nfamilias pastorales. Intrigas dentro del Cuerpo de Cristo. Todo porque\ninsistimos en andar solos. <\/p>\n\n\n\n<p>Cuando salgo a entregar el mensaje del Se\u00f1or\na otras congregaciones siempre llevo conmigo lo que se ha dado a llamar \u201cun\nescudero\u201d. Pero no es alguien que me cargue la biblia ni el malet\u00edn ni que sea\nmi sirviente. No. Es alguien a quien estoy discipulado al mismo tiempo que le\nmuestro realmente qui\u00e9n y c\u00f3mo soy fuera del foco de la congregaci\u00f3n.&nbsp; Es decir, al andar con otro var\u00f3n me obligo a\nm\u00ed mismo a cuidar mis ojos, mis acciones y mi conducta delante de los dem\u00e1s,\nespecialmente de las hermanas para poder darle el ejemplo de como un pastor\ndebe conducirse ante los dem\u00e1s y poder tener la autoridad suficiente de\nllamarlo al orden el d\u00eda que uno de ellos cometa una falta que denigre el\nNombre del Se\u00f1or. <\/p>\n\n\n\n<p>Solo as\u00ed, podr\u00e9 hacerle una pregunta si\nllegara a fallar. Esta es: \u201c\u00bfTe he ense\u00f1ado yo esto?\u201d Los hombres de mi\ncongregaci\u00f3n saben que si yo les rindo cuentas a ellos, ellos tambi\u00e9n est\u00e1n\nobligados a hacerlo ante su pastor. Esto, sin olvidar que sobre m\u00ed tengo a un\npastor a quien ministerialmente le rindo cuentas. Joab necesit\u00f3 a Abisai y\nviceversa. \u00bfA qui\u00e9n tiene usted para que le ayude a vencer a sus enemigos,\nquerido hermano?<\/p>\n","protected":false},"excerpt":{"rendered":"<p>1 Cr\u00f3nicas 19:12 \u201cY dijo: Si los sirios fueren m\u00e1s fuertes que yo, t\u00fa me ayudar\u00e1s; y si los amonitas fueren m\u00e1s fuertes que t\u00fa, yo te ayudar\u00e9\u201d Desde hace unos 40 a\u00f1os que empec\u00e9 a salir a predicar all\u00e1 en mi tierra Guatemala, mis mentores me ense\u00f1aron algo que nunca he dejado de practicar: [&hellip;]<\/p>\n","protected":false},"author":3,"featured_media":6421,"comment_status":"open","ping_status":"open","sticky":false,"template":"","format":"standard","meta":[],"categories":[36],"tags":[],"yoast_head":"<!-- This site is optimized with the Yoast SEO plugin v20.8 - https:\/\/yoast.com\/wordpress\/plugins\/seo\/ -->\n<title>\u00bfEsta usted solo? - La Prensa Cristiana<\/title>\n<meta name=\"robots\" content=\"index, follow, max-snippet:-1, max-image-preview:large, max-video-preview:-1\" \/>\n<link rel=\"canonical\" href=\"https:\/\/laprensacristiana.com\/?p=7349\" \/>\n<meta property=\"og:locale\" content=\"es_ES\" \/>\n<meta property=\"og:type\" content=\"article\" \/>\n<meta property=\"og:title\" content=\"\u00bfEsta usted solo? - La Prensa Cristiana\" \/>\n<meta property=\"og:description\" content=\"1 Cr\u00f3nicas 19:12 \u201cY dijo: Si los sirios fueren m\u00e1s fuertes que yo, t\u00fa me ayudar\u00e1s; y si los amonitas fueren m\u00e1s fuertes que t\u00fa, yo te ayudar\u00e9\u201d Desde hace unos 40 a\u00f1os que empec\u00e9 a salir a predicar all\u00e1 en mi tierra Guatemala, mis mentores me ense\u00f1aron algo que nunca he dejado de practicar: [&hellip;]\" \/>\n<meta property=\"og:url\" content=\"https:\/\/laprensacristiana.com\/?p=7349\" \/>\n<meta property=\"og:site_name\" content=\"La Prensa Cristiana\" \/>\n<meta property=\"article:published_time\" content=\"2019-11-19T16:44:13+00:00\" \/>\n<meta property=\"article:modified_time\" content=\"2019-11-19T16:44:16+00:00\" \/>\n<meta property=\"og:image\" content=\"https:\/\/laprensacristiana.com\/wp-content\/uploads\/2019\/09\/2017-11-23-PHOTO-00003245-1.jpg\" \/>\n\t<meta property=\"og:image:width\" content=\"1280\" \/>\n\t<meta property=\"og:image:height\" content=\"714\" \/>\n\t<meta property=\"og:image:type\" content=\"image\/jpeg\" \/>\n<meta name=\"author\" content=\"EDITOR\" \/>\n<meta name=\"twitter:card\" content=\"summary_large_image\" \/>\n<meta name=\"twitter:label1\" content=\"Escrito por\" \/>\n\t<meta name=\"twitter:data1\" content=\"EDITOR\" \/>\n\t<meta name=\"twitter:label2\" content=\"Tiempo de lectura\" \/>\n\t<meta name=\"twitter:data2\" content=\"4 minutos\" \/>\n<script type=\"application\/ld+json\" class=\"yoast-schema-graph\">{\"@context\":\"https:\/\/schema.org\",\"@graph\":[{\"@type\":\"WebPage\",\"@id\":\"https:\/\/laprensacristiana.com\/?p=7349\",\"url\":\"https:\/\/laprensacristiana.com\/?p=7349\",\"name\":\"\u00bfEsta usted solo? - La Prensa Cristiana\",\"isPartOf\":{\"@id\":\"https:\/\/laprensacristiana.com\/#website\"},\"datePublished\":\"2019-11-19T16:44:13+00:00\",\"dateModified\":\"2019-11-19T16:44:16+00:00\",\"author\":{\"@id\":\"https:\/\/laprensacristiana.com\/#\/schema\/person\/3e7d82c6bfd6b1fa67010f8f7cd5256e\"},\"breadcrumb\":{\"@id\":\"https:\/\/laprensacristiana.com\/?p=7349#breadcrumb\"},\"inLanguage\":\"es\",\"potentialAction\":[{\"@type\":\"ReadAction\",\"target\":[\"https:\/\/laprensacristiana.com\/?p=7349\"]}]},{\"@type\":\"BreadcrumbList\",\"@id\":\"https:\/\/laprensacristiana.com\/?p=7349#breadcrumb\",\"itemListElement\":[{\"@type\":\"ListItem\",\"position\":1,\"name\":\"Portada\",\"item\":\"https:\/\/laprensacristiana.com\/\"},{\"@type\":\"ListItem\",\"position\":2,\"name\":\"\u00bfEsta usted solo?\"}]},{\"@type\":\"WebSite\",\"@id\":\"https:\/\/laprensacristiana.com\/#website\",\"url\":\"https:\/\/laprensacristiana.com\/\",\"name\":\"La Prensa Cristiana\",\"description\":\"Anunciando Las Buenas Nuevas\",\"potentialAction\":[{\"@type\":\"SearchAction\",\"target\":{\"@type\":\"EntryPoint\",\"urlTemplate\":\"https:\/\/laprensacristiana.com\/?s={search_term_string}\"},\"query-input\":\"required name=search_term_string\"}],\"inLanguage\":\"es\"},{\"@type\":\"Person\",\"@id\":\"https:\/\/laprensacristiana.com\/#\/schema\/person\/3e7d82c6bfd6b1fa67010f8f7cd5256e\",\"name\":\"EDITOR\",\"image\":{\"@type\":\"ImageObject\",\"inLanguage\":\"es\",\"@id\":\"https:\/\/laprensacristiana.com\/#\/schema\/person\/image\/\",\"url\":\"https:\/\/secure.gravatar.com\/avatar\/72069dfb6c13772d9e8381e3638666d2?s=96&d=mm&r=g\",\"contentUrl\":\"https:\/\/secure.gravatar.com\/avatar\/72069dfb6c13772d9e8381e3638666d2?s=96&d=mm&r=g\",\"caption\":\"EDITOR\"},\"url\":\"https:\/\/laprensacristiana.com\/?author=3\"}]}<\/script>\n<!-- \/ Yoast SEO plugin. -->","yoast_head_json":{"title":"\u00bfEsta usted solo? - La Prensa Cristiana","robots":{"index":"index","follow":"follow","max-snippet":"max-snippet:-1","max-image-preview":"max-image-preview:large","max-video-preview":"max-video-preview:-1"},"canonical":"https:\/\/laprensacristiana.com\/?p=7349","og_locale":"es_ES","og_type":"article","og_title":"\u00bfEsta usted solo? - La Prensa Cristiana","og_description":"1 Cr\u00f3nicas 19:12 \u201cY dijo: Si los sirios fueren m\u00e1s fuertes que yo, t\u00fa me ayudar\u00e1s; y si los amonitas fueren m\u00e1s fuertes que t\u00fa, yo te ayudar\u00e9\u201d Desde hace unos 40 a\u00f1os que empec\u00e9 a salir a predicar all\u00e1 en mi tierra Guatemala, mis mentores me ense\u00f1aron algo que nunca he dejado de practicar: [&hellip;]","og_url":"https:\/\/laprensacristiana.com\/?p=7349","og_site_name":"La Prensa Cristiana","article_published_time":"2019-11-19T16:44:13+00:00","article_modified_time":"2019-11-19T16:44:16+00:00","og_image":[{"width":1280,"height":714,"url":"https:\/\/laprensacristiana.com\/wp-content\/uploads\/2019\/09\/2017-11-23-PHOTO-00003245-1.jpg","type":"image\/jpeg"}],"author":"EDITOR","twitter_card":"summary_large_image","twitter_misc":{"Escrito por":"EDITOR","Tiempo de lectura":"4 minutos"},"schema":{"@context":"https:\/\/schema.org","@graph":[{"@type":"WebPage","@id":"https:\/\/laprensacristiana.com\/?p=7349","url":"https:\/\/laprensacristiana.com\/?p=7349","name":"\u00bfEsta usted solo? - La Prensa Cristiana","isPartOf":{"@id":"https:\/\/laprensacristiana.com\/#website"},"datePublished":"2019-11-19T16:44:13+00:00","dateModified":"2019-11-19T16:44:16+00:00","author":{"@id":"https:\/\/laprensacristiana.com\/#\/schema\/person\/3e7d82c6bfd6b1fa67010f8f7cd5256e"},"breadcrumb":{"@id":"https:\/\/laprensacristiana.com\/?p=7349#breadcrumb"},"inLanguage":"es","potentialAction":[{"@type":"ReadAction","target":["https:\/\/laprensacristiana.com\/?p=7349"]}]},{"@type":"BreadcrumbList","@id":"https:\/\/laprensacristiana.com\/?p=7349#breadcrumb","itemListElement":[{"@type":"ListItem","position":1,"name":"Portada","item":"https:\/\/laprensacristiana.com\/"},{"@type":"ListItem","position":2,"name":"\u00bfEsta usted solo?"}]},{"@type":"WebSite","@id":"https:\/\/laprensacristiana.com\/#website","url":"https:\/\/laprensacristiana.com\/","name":"La Prensa Cristiana","description":"Anunciando Las Buenas Nuevas","potentialAction":[{"@type":"SearchAction","target":{"@type":"EntryPoint","urlTemplate":"https:\/\/laprensacristiana.com\/?s={search_term_string}"},"query-input":"required name=search_term_string"}],"inLanguage":"es"},{"@type":"Person","@id":"https:\/\/laprensacristiana.com\/#\/schema\/person\/3e7d82c6bfd6b1fa67010f8f7cd5256e","name":"EDITOR","image":{"@type":"ImageObject","inLanguage":"es","@id":"https:\/\/laprensacristiana.com\/#\/schema\/person\/image\/","url":"https:\/\/secure.gravatar.com\/avatar\/72069dfb6c13772d9e8381e3638666d2?s=96&d=mm&r=g","contentUrl":"https:\/\/secure.gravatar.com\/avatar\/72069dfb6c13772d9e8381e3638666d2?s=96&d=mm&r=g","caption":"EDITOR"},"url":"https:\/\/laprensacristiana.com\/?author=3"}]}},"_links":{"self":[{"href":"https:\/\/laprensacristiana.com\/index.php?rest_route=\/wp\/v2\/posts\/7349"}],"collection":[{"href":"https:\/\/laprensacristiana.com\/index.php?rest_route=\/wp\/v2\/posts"}],"about":[{"href":"https:\/\/laprensacristiana.com\/index.php?rest_route=\/wp\/v2\/types\/post"}],"author":[{"embeddable":true,"href":"https:\/\/laprensacristiana.com\/index.php?rest_route=\/wp\/v2\/users\/3"}],"replies":[{"embeddable":true,"href":"https:\/\/laprensacristiana.com\/index.php?rest_route=%2Fwp%2Fv2%2Fcomments&post=7349"}],"version-history":[{"count":1,"href":"https:\/\/laprensacristiana.com\/index.php?rest_route=\/wp\/v2\/posts\/7349\/revisions"}],"predecessor-version":[{"id":7350,"href":"https:\/\/laprensacristiana.com\/index.php?rest_route=\/wp\/v2\/posts\/7349\/revisions\/7350"}],"wp:featuredmedia":[{"embeddable":true,"href":"https:\/\/laprensacristiana.com\/index.php?rest_route=\/wp\/v2\/media\/6421"}],"wp:attachment":[{"href":"https:\/\/laprensacristiana.com\/index.php?rest_route=%2Fwp%2Fv2%2Fmedia&parent=7349"}],"wp:term":[{"taxonomy":"category","embeddable":true,"href":"https:\/\/laprensacristiana.com\/index.php?rest_route=%2Fwp%2Fv2%2Fcategories&post=7349"},{"taxonomy":"post_tag","embeddable":true,"href":"https:\/\/laprensacristiana.com\/index.php?rest_route=%2Fwp%2Fv2%2Ftags&post=7349"}],"curies":[{"name":"wp","href":"https:\/\/api.w.org\/{rel}","templated":true}]}}