{"id":7351,"date":"2019-11-20T18:57:37","date_gmt":"2019-11-20T18:57:37","guid":{"rendered":"https:\/\/laprensacristiana.com\/?p=7351"},"modified":"2019-11-20T18:57:40","modified_gmt":"2019-11-20T18:57:40","slug":"realizan-preparativos-para-celebrar-el-dia-nacional-de-la-oracion","status":"publish","type":"post","link":"https:\/\/laprensacristiana.com\/?p=7351","title":{"rendered":"Realizan preparativos para celebrar el D\u00eda Nacional de la Oraci\u00f3n"},"content":{"rendered":"\n<p>En el a\u00f1o 2003 la Asamblea Legislativa de El Salvador\ndeclar\u00f3 el 23 de noviembre de cada a\u00f1o como D\u00eda Nacional de Oraci\u00f3n por El\nSalvador, considerando en uno de sus incisos del decreto \u201cQue, sin menoscabo de\nla libertad de culto proclamada por nuestra Constituci\u00f3n, es procedente\nfortalecer la unidad de los salvadore\u00f1os y promover los m\u00e1s altos ideales de la\npersona humana, de la familia y de la naci\u00f3n, decretando un D\u00eda Nacional de la\nOraci\u00f3n por El Salvador\u201d.<\/p>\n\n\n\n<p>En ese marco la Universidad Evang\u00e9lica de El Salvador en\nconjunto con Alianza Evang\u00e9lica, con el respaldo de diferentes pastores e\niglesias est\u00e1n preparando celebrar el pr\u00f3ximo viernes 22 de noviembre en la cancha\ntechada del campus, desde las 8:30 de la ma\u00f1ana el D\u00eda Nacional de Oraci\u00f3n por\nEl Salvador. &nbsp;<\/p>\n\n\n\n<p>\u201cEs una oportunidad para nosotros\nno para enfatizar la actividad o un evento como tal, sino para resaltar el\npapel de la oraci\u00f3n en la vida todo creyente, es importante tener una vida de\ndevoci\u00f3n y dependencia del Se\u00f1or, como universidad encabezamos un movimiento de\noraci\u00f3n, con una reuni\u00f3n cada martes a las 9:00 de la ma\u00f1ana, de forma especial\nel primer martes de cada mes en el redondel de la Biblia (UEES), con base a una\nserie de peticiones que hemos seleccionada a trav\u00e9s de las cuales le estamos\npidiendo a Dios que exista un cambio en nuestro pa\u00eds, en la Biblia encontramos\npersonajes que lograron lo que se propusieron por ser de oraci\u00f3n, como el caso\nde Nehem\u00edas, Daniel, y el mayor ejemplo es el de Jes\u00fas, quien ense\u00f1\u00f3 a sus disc\u00edpulos\na orar porque ellos se lo pidieron, su ministerio estaba fundamentado en la\noraci\u00f3n\u201d. &nbsp;Expres\u00f3 el capell\u00e1n de la\nuniversidad Cesar Mel\u00e9ndez.<\/p>\n\n\n\n<p>La Universidad Evang\u00e9lica de El\nSalvador existe para poder guiar a los estudiantes en valores, que no solo\nculminen una carrera profesional, sino que sean personas que puedan aportar a\nla sociedad, por ello se fundamentan en valores que radican en las sagradas\nescrituras. &nbsp;<\/p>\n\n\n\n<p>La actividad tiene el slogan &#8211; <em>La oraci\u00f3n define el futuro de la naci\u00f3n<\/em>\n&#8211; \u201cUna persona en lugar de pensar que por s\u00ed mismo puede salir adelante o\nencontrar las respuestas para su vida, debe dejar que Dios que es el fundador y\ncreador de todo lo que podemos observar pueda dirigir su vida, hay 2 formas de\nenfrentar la vida: con Dios o sin Dios, cuando se le entrega su vida al creador\ntal transformaci\u00f3n tiene alcances innumerables, una persona transformada es\ncapaz de traer cambios a toda una naci\u00f3n\u201d concluy\u00f3 el capell\u00e1n Mel\u00e9ndez. <\/p>\n\n\n\n<p>Cabe mencionar que sumado en el\nmismo sentir de oraci\u00f3n, hay toda una agenda preparada por la Iglesia\nEvang\u00e9lica, mi\u00e9rcoles 20 de noviembre oraci\u00f3n en la Asamblea Legislativa (2:30\nPM), Jueves 21 de noviembre oraci\u00f3n a trav\u00e9s de la cadena radial ASDER (12:00\nM), Viernes 22 de noviembre oraci\u00f3n en la Universidad Evang\u00e9lica de El Salvador\n(8:30 AM), S\u00e1bado 23 de Noviembre Plaza Gerardo Barrios (3:00 PM). <\/p>\n","protected":false},"excerpt":{"rendered":"<p>En el a\u00f1o 2003 la Asamblea Legislativa de El Salvador declar\u00f3 el 23 de noviembre de cada a\u00f1o como D\u00eda Nacional de Oraci\u00f3n por El Salvador, considerando en uno de sus incisos del decreto \u201cQue, sin menoscabo de la libertad de culto proclamada por nuestra Constituci\u00f3n, es procedente fortalecer la unidad de los salvadore\u00f1os y [&hellip;]<\/p>\n","protected":false},"author":3,"featured_media":7352,"comment_status":"open","ping_status":"open","sticky":false,"template":"","format":"standard","meta":[],"categories":[56],"tags":[],"yoast_head":"<!-- This site is optimized with the Yoast SEO plugin v20.8 - https:\/\/yoast.com\/wordpress\/plugins\/seo\/ -->\n<title>Realizan preparativos para celebrar el D\u00eda Nacional de la Oraci\u00f3n - La Prensa Cristiana<\/title>\n<meta name=\"robots\" content=\"index, follow, max-snippet:-1, max-image-preview:large, max-video-preview:-1\" \/>\n<link rel=\"canonical\" href=\"https:\/\/laprensacristiana.com\/?p=7351\" \/>\n<meta property=\"og:locale\" content=\"es_ES\" \/>\n<meta property=\"og:type\" content=\"article\" \/>\n<meta property=\"og:title\" content=\"Realizan preparativos para celebrar el D\u00eda Nacional de la Oraci\u00f3n - La Prensa Cristiana\" \/>\n<meta property=\"og:description\" content=\"En el a\u00f1o 2003 la Asamblea Legislativa de El Salvador declar\u00f3 el 23 de noviembre de cada a\u00f1o como D\u00eda Nacional de Oraci\u00f3n por El Salvador, considerando en uno de sus incisos del decreto \u201cQue, sin menoscabo de la libertad de culto proclamada por nuestra Constituci\u00f3n, es procedente fortalecer la unidad de los salvadore\u00f1os y [&hellip;]\" \/>\n<meta property=\"og:url\" content=\"https:\/\/laprensacristiana.com\/?p=7351\" \/>\n<meta property=\"og:site_name\" content=\"La Prensa Cristiana\" \/>\n<meta property=\"article:published_time\" content=\"2019-11-20T18:57:37+00:00\" \/>\n<meta property=\"article:modified_time\" content=\"2019-11-20T18:57:40+00:00\" \/>\n<meta property=\"og:image\" content=\"https:\/\/laprensacristiana.com\/wp-content\/uploads\/2019\/11\/IMG-20191120-WA0054.jpg\" \/>\n\t<meta property=\"og:image:width\" content=\"1280\" \/>\n\t<meta property=\"og:image:height\" content=\"853\" \/>\n\t<meta property=\"og:image:type\" content=\"image\/jpeg\" \/>\n<meta name=\"author\" content=\"EDITOR\" \/>\n<meta name=\"twitter:card\" content=\"summary_large_image\" \/>\n<meta name=\"twitter:label1\" content=\"Escrito por\" \/>\n\t<meta name=\"twitter:data1\" content=\"EDITOR\" \/>\n\t<meta name=\"twitter:label2\" content=\"Tiempo de lectura\" \/>\n\t<meta name=\"twitter:data2\" content=\"3 minutos\" \/>\n<script type=\"application\/ld+json\" class=\"yoast-schema-graph\">{\"@context\":\"https:\/\/schema.org\",\"@graph\":[{\"@type\":\"WebPage\",\"@id\":\"https:\/\/laprensacristiana.com\/?p=7351\",\"url\":\"https:\/\/laprensacristiana.com\/?p=7351\",\"name\":\"Realizan preparativos para celebrar el D\u00eda Nacional de la Oraci\u00f3n - La Prensa Cristiana\",\"isPartOf\":{\"@id\":\"https:\/\/laprensacristiana.com\/#website\"},\"datePublished\":\"2019-11-20T18:57:37+00:00\",\"dateModified\":\"2019-11-20T18:57:40+00:00\",\"author\":{\"@id\":\"https:\/\/laprensacristiana.com\/#\/schema\/person\/3e7d82c6bfd6b1fa67010f8f7cd5256e\"},\"breadcrumb\":{\"@id\":\"https:\/\/laprensacristiana.com\/?p=7351#breadcrumb\"},\"inLanguage\":\"es\",\"potentialAction\":[{\"@type\":\"ReadAction\",\"target\":[\"https:\/\/laprensacristiana.com\/?p=7351\"]}]},{\"@type\":\"BreadcrumbList\",\"@id\":\"https:\/\/laprensacristiana.com\/?p=7351#breadcrumb\",\"itemListElement\":[{\"@type\":\"ListItem\",\"position\":1,\"name\":\"Portada\",\"item\":\"https:\/\/laprensacristiana.com\/\"},{\"@type\":\"ListItem\",\"position\":2,\"name\":\"Realizan preparativos para celebrar el D\u00eda Nacional de la Oraci\u00f3n\"}]},{\"@type\":\"WebSite\",\"@id\":\"https:\/\/laprensacristiana.com\/#website\",\"url\":\"https:\/\/laprensacristiana.com\/\",\"name\":\"La Prensa Cristiana\",\"description\":\"Anunciando Las Buenas Nuevas\",\"potentialAction\":[{\"@type\":\"SearchAction\",\"target\":{\"@type\":\"EntryPoint\",\"urlTemplate\":\"https:\/\/laprensacristiana.com\/?s={search_term_string}\"},\"query-input\":\"required name=search_term_string\"}],\"inLanguage\":\"es\"},{\"@type\":\"Person\",\"@id\":\"https:\/\/laprensacristiana.com\/#\/schema\/person\/3e7d82c6bfd6b1fa67010f8f7cd5256e\",\"name\":\"EDITOR\",\"image\":{\"@type\":\"ImageObject\",\"inLanguage\":\"es\",\"@id\":\"https:\/\/laprensacristiana.com\/#\/schema\/person\/image\/\",\"url\":\"https:\/\/secure.gravatar.com\/avatar\/72069dfb6c13772d9e8381e3638666d2?s=96&d=mm&r=g\",\"contentUrl\":\"https:\/\/secure.gravatar.com\/avatar\/72069dfb6c13772d9e8381e3638666d2?s=96&d=mm&r=g\",\"caption\":\"EDITOR\"},\"url\":\"https:\/\/laprensacristiana.com\/?author=3\"}]}<\/script>\n<!-- \/ Yoast SEO plugin. -->","yoast_head_json":{"title":"Realizan preparativos para celebrar el D\u00eda Nacional de la Oraci\u00f3n - La Prensa Cristiana","robots":{"index":"index","follow":"follow","max-snippet":"max-snippet:-1","max-image-preview":"max-image-preview:large","max-video-preview":"max-video-preview:-1"},"canonical":"https:\/\/laprensacristiana.com\/?p=7351","og_locale":"es_ES","og_type":"article","og_title":"Realizan preparativos para celebrar el D\u00eda Nacional de la Oraci\u00f3n - La Prensa Cristiana","og_description":"En el a\u00f1o 2003 la Asamblea Legislativa de El Salvador declar\u00f3 el 23 de noviembre de cada a\u00f1o como D\u00eda Nacional de Oraci\u00f3n por El Salvador, considerando en uno de sus incisos del decreto \u201cQue, sin menoscabo de la libertad de culto proclamada por nuestra Constituci\u00f3n, es procedente fortalecer la unidad de los salvadore\u00f1os y [&hellip;]","og_url":"https:\/\/laprensacristiana.com\/?p=7351","og_site_name":"La Prensa Cristiana","article_published_time":"2019-11-20T18:57:37+00:00","article_modified_time":"2019-11-20T18:57:40+00:00","og_image":[{"width":1280,"height":853,"url":"https:\/\/laprensacristiana.com\/wp-content\/uploads\/2019\/11\/IMG-20191120-WA0054.jpg","type":"image\/jpeg"}],"author":"EDITOR","twitter_card":"summary_large_image","twitter_misc":{"Escrito por":"EDITOR","Tiempo de lectura":"3 minutos"},"schema":{"@context":"https:\/\/schema.org","@graph":[{"@type":"WebPage","@id":"https:\/\/laprensacristiana.com\/?p=7351","url":"https:\/\/laprensacristiana.com\/?p=7351","name":"Realizan preparativos para celebrar el D\u00eda Nacional de la Oraci\u00f3n - La Prensa Cristiana","isPartOf":{"@id":"https:\/\/laprensacristiana.com\/#website"},"datePublished":"2019-11-20T18:57:37+00:00","dateModified":"2019-11-20T18:57:40+00:00","author":{"@id":"https:\/\/laprensacristiana.com\/#\/schema\/person\/3e7d82c6bfd6b1fa67010f8f7cd5256e"},"breadcrumb":{"@id":"https:\/\/laprensacristiana.com\/?p=7351#breadcrumb"},"inLanguage":"es","potentialAction":[{"@type":"ReadAction","target":["https:\/\/laprensacristiana.com\/?p=7351"]}]},{"@type":"BreadcrumbList","@id":"https:\/\/laprensacristiana.com\/?p=7351#breadcrumb","itemListElement":[{"@type":"ListItem","position":1,"name":"Portada","item":"https:\/\/laprensacristiana.com\/"},{"@type":"ListItem","position":2,"name":"Realizan preparativos para celebrar el D\u00eda Nacional de la Oraci\u00f3n"}]},{"@type":"WebSite","@id":"https:\/\/laprensacristiana.com\/#website","url":"https:\/\/laprensacristiana.com\/","name":"La Prensa Cristiana","description":"Anunciando Las Buenas Nuevas","potentialAction":[{"@type":"SearchAction","target":{"@type":"EntryPoint","urlTemplate":"https:\/\/laprensacristiana.com\/?s={search_term_string}"},"query-input":"required name=search_term_string"}],"inLanguage":"es"},{"@type":"Person","@id":"https:\/\/laprensacristiana.com\/#\/schema\/person\/3e7d82c6bfd6b1fa67010f8f7cd5256e","name":"EDITOR","image":{"@type":"ImageObject","inLanguage":"es","@id":"https:\/\/laprensacristiana.com\/#\/schema\/person\/image\/","url":"https:\/\/secure.gravatar.com\/avatar\/72069dfb6c13772d9e8381e3638666d2?s=96&d=mm&r=g","contentUrl":"https:\/\/secure.gravatar.com\/avatar\/72069dfb6c13772d9e8381e3638666d2?s=96&d=mm&r=g","caption":"EDITOR"},"url":"https:\/\/laprensacristiana.com\/?author=3"}]}},"_links":{"self":[{"href":"https:\/\/laprensacristiana.com\/index.php?rest_route=\/wp\/v2\/posts\/7351"}],"collection":[{"href":"https:\/\/laprensacristiana.com\/index.php?rest_route=\/wp\/v2\/posts"}],"about":[{"href":"https:\/\/laprensacristiana.com\/index.php?rest_route=\/wp\/v2\/types\/post"}],"author":[{"embeddable":true,"href":"https:\/\/laprensacristiana.com\/index.php?rest_route=\/wp\/v2\/users\/3"}],"replies":[{"embeddable":true,"href":"https:\/\/laprensacristiana.com\/index.php?rest_route=%2Fwp%2Fv2%2Fcomments&post=7351"}],"version-history":[{"count":1,"href":"https:\/\/laprensacristiana.com\/index.php?rest_route=\/wp\/v2\/posts\/7351\/revisions"}],"predecessor-version":[{"id":7353,"href":"https:\/\/laprensacristiana.com\/index.php?rest_route=\/wp\/v2\/posts\/7351\/revisions\/7353"}],"wp:featuredmedia":[{"embeddable":true,"href":"https:\/\/laprensacristiana.com\/index.php?rest_route=\/wp\/v2\/media\/7352"}],"wp:attachment":[{"href":"https:\/\/laprensacristiana.com\/index.php?rest_route=%2Fwp%2Fv2%2Fmedia&parent=7351"}],"wp:term":[{"taxonomy":"category","embeddable":true,"href":"https:\/\/laprensacristiana.com\/index.php?rest_route=%2Fwp%2Fv2%2Fcategories&post=7351"},{"taxonomy":"post_tag","embeddable":true,"href":"https:\/\/laprensacristiana.com\/index.php?rest_route=%2Fwp%2Fv2%2Ftags&post=7351"}],"curies":[{"name":"wp","href":"https:\/\/api.w.org\/{rel}","templated":true}]}}