{"id":7354,"date":"2019-11-20T23:50:11","date_gmt":"2019-11-20T23:50:11","guid":{"rendered":"https:\/\/laprensacristiana.com\/?p=7354"},"modified":"2019-11-20T23:50:14","modified_gmt":"2019-11-20T23:50:14","slug":"pastores-conmemoran-dia-nacional-de-la-oracion-desde-asamblea-legislativa-de-el-salvador","status":"publish","type":"post","link":"https:\/\/laprensacristiana.com\/?p=7354","title":{"rendered":"Pastores conmemoran \u201cD\u00eda Nacional De La Oraci\u00f3n\u201d  desde Asamblea Legislativa de El Salvador"},"content":{"rendered":"\n<p>Esta tarde se llev\u00f3 a cabo la agenda de la sesi\u00f3n plenaria\nordinaria N\u00ba76 con una asistencia de 56 diputados en el Sal\u00f3n Azul, como cuarto\npunto dentro de la agenda de la Asamblea tom\u00f3 a bien otorgar un espacio para\nconmemorar \u201cEl D\u00eda Nacional De La Oraci\u00f3n por El Salvador\u201d que por decreto se\ncelebra cada 23 de noviembre, fueron invitados por segunda vez a pastores de\ndiferentes denominaciones para orar por las necesidades de El Salvador.<\/p>\n\n\n\n<p>Diez pastores estuvieron a cargo de elevar una oraci\u00f3n por\nlas diferentes necesidades que tiene el pa\u00eds en \u00e1reas de salud, trabajo,\nseguridad, educaci\u00f3n, econom\u00eda, familia.<\/p>\n\n\n\n<p>\uf0fc&nbsp;&nbsp;&nbsp;&nbsp;&nbsp;&nbsp;&nbsp;&nbsp;&nbsp;&nbsp;&nbsp;&nbsp; El Pastor\nMauricio Navas de Iglesia Del Camino&nbsp; fue\nel encargado de orar por la paz del pa\u00eds.<\/p>\n\n\n\n<p>\uf0fc&nbsp;&nbsp;&nbsp;&nbsp;&nbsp;&nbsp;&nbsp;&nbsp;&nbsp;&nbsp;&nbsp;&nbsp; Pastor\nJosu\u00e9 Uma\u00f1a encargado de orar por los gobernantes.<\/p>\n\n\n\n<p>\uf0fc&nbsp;&nbsp;&nbsp;&nbsp;&nbsp;&nbsp;&nbsp;&nbsp;&nbsp;&nbsp;&nbsp;&nbsp; Pastor\nNelson Quezada or\u00f3 por la seguridad del pa\u00eds.<\/p>\n\n\n\n<p>\uf0fc&nbsp;&nbsp;&nbsp;&nbsp;&nbsp;&nbsp;&nbsp;&nbsp;&nbsp;&nbsp;&nbsp;&nbsp; Pastor\nJuan Carlos Hasb\u00fan orando por la unidad de las iglesias.<\/p>\n\n\n\n<p>\uf0fc&nbsp;&nbsp;&nbsp;&nbsp;&nbsp;&nbsp;&nbsp;&nbsp;&nbsp;&nbsp;&nbsp;&nbsp; Pastor\nMiguel Ramos or\u00f3 por El Salvador. <\/p>\n\n\n\n<p>\uf0fc&nbsp;&nbsp;&nbsp;&nbsp;&nbsp;&nbsp;&nbsp;&nbsp;&nbsp;&nbsp;&nbsp;&nbsp; Pastora\nSisi Quinteros or\u00f3 por la educaci\u00f3n.<\/p>\n\n\n\n<p>\uf0fc&nbsp;&nbsp;&nbsp;&nbsp;&nbsp;&nbsp;&nbsp;&nbsp;&nbsp;&nbsp;&nbsp;&nbsp; Pastor\nEdwin Guzm\u00e1n hizo una oraci\u00f3n por la econom\u00eda.<\/p>\n\n\n\n<p>\uf0fc&nbsp;&nbsp;&nbsp;&nbsp;&nbsp;&nbsp;&nbsp;&nbsp;&nbsp;&nbsp;&nbsp;&nbsp; Pastor\nNuma Rodezno fue el encargado de&nbsp; orar\npor la familia.<\/p>\n\n\n\n<p>\uf0fc&nbsp;&nbsp;&nbsp;&nbsp;&nbsp;&nbsp;&nbsp;&nbsp;&nbsp;&nbsp;&nbsp;&nbsp; Pastor\nMauricio Quinteros elev\u00f3 una oraci\u00f3n por el trabajo.<\/p>\n\n\n\n<p>\uf0fc&nbsp;&nbsp;&nbsp;&nbsp;&nbsp;&nbsp;&nbsp;&nbsp;&nbsp;&nbsp;&nbsp;&nbsp; Pastor\nFredy Mezquita realiz\u00f3 oraci\u00f3n por la salud en El Salvador.<\/p>\n\n\n\n<p>\u201cLa iglesia de Cristo esta en este pa\u00eds en cada kil\u00f3metro\ncuadrado, representada dignamente por pastores, familias, ministerios que le\nhan cre\u00eddo a Jesucristo, declarar esta bendici\u00f3n, saber que somos una tercera o\ncuarta generaci\u00f3n de cristianos evang\u00e9licos y que venimos de un tiempo donde a\nlomo de mula se inici\u00f3 el mensaje de la palabra y ahora que se abran estos\nespacios es grandioso, en el sentido que m\u00e1s all\u00e1 del glamour, m\u00e1s all\u00e1 de lo\nque representa el protocolo, es que Jesucristo y la palabra de Dios est\u00e1\npresente\u201d expres\u00f3 el Pastor Juan Carlos Hasb\u00fan de Iglesia Kemuel.<\/p>\n\n\n\n<p>Tambi\u00e9n clamaron por las autoridades, por sabidur\u00eda,\nmisericordia y bondad, y recordaron a trav\u00e9s de las oraciones la importancia de\nla familia y del fundamento principal que es Jes\u00fas.<\/p>\n\n\n\n<p>La Asamblea Legislativa reiter\u00f3 su agradecimiento a los\npastores por hacerse presentes en el pleno para conmemorar la declaratoria que\nse celebra cada 23 de noviembre en El Salvador.<\/p>\n\n\n\n<p>Al lugar tambi\u00e9n se hicieron presente diferentes ministerios\ny pastores para acompa\u00f1ar y ser parte de este momento tan importante para la\niglesia evang\u00e9lica. La Mesa Ministerial de Soyapango hizo la entrega de nuevos\ntestamentos a los diputados presentes, con el prop\u00f3sito seg\u00fan su director\nPastor Eleazar Aguilar que los diputados entiendan que este pa\u00eds debe ser legislado\na trav\u00e9s de principios y valores que se encuentran dentro de la palabra de\nDios. <\/p>\n\n\n\n<p>\u201cQuiero darle las gracias por este presente tan importante\nque nos han dejado en cada uno de nuestros cubiles que es el Nuevo Testamento y\nlos Salmos y Proverbios, de donde tanto podemos realmente aprender, para poder\nconducirnos con sabidur\u00eda y con temor del Se\u00f1or\u201d Expres\u00f3 el diputado Rodrigo\n\u00c1vila.<\/p>\n\n\n\n<p>Para el Diputado Norman Quijano&nbsp; el prop\u00f3sito de la apertura en este pleno\nlegislativo es pedirle a Dios el acompa\u00f1amiento en la labor que desarrollan:\n\u201cHemos orado por la vida, por la seguridad, por la salud, por educaci\u00f3n, por\ntantos temas que son atinentes a la labor que nosotros desarrollamos, y hemos\npodido escuchar la palabra de Dios de varios hombres comprometidos, ciertamente\ncon eso la parte espiritual\u201d.<\/p>\n\n\n\n<p>El diputado nos coment\u00f3 que el decreto para declarar cada 23\nde noviembre como \u201cD\u00eda Nacional De La Oraci\u00f3n por El Salvador\u201d se realiz\u00f3 para\nacercar a la poblaci\u00f3n salvadore\u00f1a que pudieran tomar conciencia de la importancia\nque tiene el fortalecimiento de los valores espirituales que vienen acompa\u00f1ados\ncon los valores morales. <\/p>\n\n\n\n<p>\u201cYo siempre he reconocido la labor en la parte social que\ndesarrollan las iglesias del pa\u00eds de todas las denominaciones, porque vivimos\nen un mundo de mucha violencia, con p\u00e9rdida de valores y es importante que a\ntrav\u00e9s de los pastores nos acerquemos a Dios\u201d concluy\u00f3 el diputado Norman\nQuijano.<\/p>\n","protected":false},"excerpt":{"rendered":"<p>Esta tarde se llev\u00f3 a cabo la agenda de la sesi\u00f3n plenaria ordinaria N\u00ba76 con una asistencia de 56 diputados en el Sal\u00f3n Azul, como cuarto punto dentro de la agenda de la Asamblea tom\u00f3 a bien otorgar un espacio para conmemorar \u201cEl D\u00eda Nacional De La Oraci\u00f3n por El Salvador\u201d que por decreto se [&hellip;]<\/p>\n","protected":false},"author":3,"featured_media":7355,"comment_status":"open","ping_status":"open","sticky":false,"template":"","format":"standard","meta":[],"categories":[56],"tags":[],"yoast_head":"<!-- This site is optimized with the Yoast SEO plugin v20.8 - https:\/\/yoast.com\/wordpress\/plugins\/seo\/ -->\n<title>Pastores conmemoran \u201cD\u00eda Nacional De La Oraci\u00f3n\u201d desde Asamblea Legislativa de El Salvador - La Prensa Cristiana<\/title>\n<meta name=\"robots\" content=\"index, follow, max-snippet:-1, max-image-preview:large, max-video-preview:-1\" \/>\n<link rel=\"canonical\" href=\"https:\/\/laprensacristiana.com\/?p=7354\" \/>\n<meta property=\"og:locale\" content=\"es_ES\" \/>\n<meta property=\"og:type\" content=\"article\" \/>\n<meta property=\"og:title\" content=\"Pastores conmemoran \u201cD\u00eda Nacional De La Oraci\u00f3n\u201d desde Asamblea Legislativa de El Salvador - La Prensa Cristiana\" \/>\n<meta property=\"og:description\" content=\"Esta tarde se llev\u00f3 a cabo la agenda de la sesi\u00f3n plenaria ordinaria N\u00ba76 con una asistencia de 56 diputados en el Sal\u00f3n Azul, como cuarto punto dentro de la agenda de la Asamblea tom\u00f3 a bien otorgar un espacio para conmemorar \u201cEl D\u00eda Nacional De La Oraci\u00f3n por El Salvador\u201d que por decreto se [&hellip;]\" \/>\n<meta property=\"og:url\" content=\"https:\/\/laprensacristiana.com\/?p=7354\" \/>\n<meta property=\"og:site_name\" content=\"La Prensa Cristiana\" \/>\n<meta property=\"article:published_time\" content=\"2019-11-20T23:50:11+00:00\" \/>\n<meta property=\"article:modified_time\" content=\"2019-11-20T23:50:14+00:00\" \/>\n<meta property=\"og:image\" content=\"https:\/\/laprensacristiana.com\/wp-content\/uploads\/2019\/11\/e73a3500-36d6-44ec-812e-ee608a6e17b7.jpg\" \/>\n\t<meta property=\"og:image:width\" content=\"1280\" \/>\n\t<meta property=\"og:image:height\" content=\"720\" \/>\n\t<meta property=\"og:image:type\" content=\"image\/jpeg\" \/>\n<meta name=\"author\" content=\"EDITOR\" \/>\n<meta name=\"twitter:card\" content=\"summary_large_image\" \/>\n<meta name=\"twitter:label1\" content=\"Escrito por\" \/>\n\t<meta name=\"twitter:data1\" content=\"EDITOR\" \/>\n\t<meta name=\"twitter:label2\" content=\"Tiempo de lectura\" \/>\n\t<meta name=\"twitter:data2\" content=\"4 minutos\" \/>\n<script type=\"application\/ld+json\" class=\"yoast-schema-graph\">{\"@context\":\"https:\/\/schema.org\",\"@graph\":[{\"@type\":\"WebPage\",\"@id\":\"https:\/\/laprensacristiana.com\/?p=7354\",\"url\":\"https:\/\/laprensacristiana.com\/?p=7354\",\"name\":\"Pastores conmemoran \u201cD\u00eda Nacional De La Oraci\u00f3n\u201d desde Asamblea Legislativa de El Salvador - La Prensa Cristiana\",\"isPartOf\":{\"@id\":\"https:\/\/laprensacristiana.com\/#website\"},\"datePublished\":\"2019-11-20T23:50:11+00:00\",\"dateModified\":\"2019-11-20T23:50:14+00:00\",\"author\":{\"@id\":\"https:\/\/laprensacristiana.com\/#\/schema\/person\/3e7d82c6bfd6b1fa67010f8f7cd5256e\"},\"breadcrumb\":{\"@id\":\"https:\/\/laprensacristiana.com\/?p=7354#breadcrumb\"},\"inLanguage\":\"es\",\"potentialAction\":[{\"@type\":\"ReadAction\",\"target\":[\"https:\/\/laprensacristiana.com\/?p=7354\"]}]},{\"@type\":\"BreadcrumbList\",\"@id\":\"https:\/\/laprensacristiana.com\/?p=7354#breadcrumb\",\"itemListElement\":[{\"@type\":\"ListItem\",\"position\":1,\"name\":\"Portada\",\"item\":\"https:\/\/laprensacristiana.com\/\"},{\"@type\":\"ListItem\",\"position\":2,\"name\":\"Pastores conmemoran \u201cD\u00eda Nacional De La Oraci\u00f3n\u201d desde Asamblea Legislativa de El Salvador\"}]},{\"@type\":\"WebSite\",\"@id\":\"https:\/\/laprensacristiana.com\/#website\",\"url\":\"https:\/\/laprensacristiana.com\/\",\"name\":\"La Prensa Cristiana\",\"description\":\"Anunciando Las Buenas Nuevas\",\"potentialAction\":[{\"@type\":\"SearchAction\",\"target\":{\"@type\":\"EntryPoint\",\"urlTemplate\":\"https:\/\/laprensacristiana.com\/?s={search_term_string}\"},\"query-input\":\"required name=search_term_string\"}],\"inLanguage\":\"es\"},{\"@type\":\"Person\",\"@id\":\"https:\/\/laprensacristiana.com\/#\/schema\/person\/3e7d82c6bfd6b1fa67010f8f7cd5256e\",\"name\":\"EDITOR\",\"image\":{\"@type\":\"ImageObject\",\"inLanguage\":\"es\",\"@id\":\"https:\/\/laprensacristiana.com\/#\/schema\/person\/image\/\",\"url\":\"https:\/\/secure.gravatar.com\/avatar\/72069dfb6c13772d9e8381e3638666d2?s=96&d=mm&r=g\",\"contentUrl\":\"https:\/\/secure.gravatar.com\/avatar\/72069dfb6c13772d9e8381e3638666d2?s=96&d=mm&r=g\",\"caption\":\"EDITOR\"},\"url\":\"https:\/\/laprensacristiana.com\/?author=3\"}]}<\/script>\n<!-- \/ Yoast SEO plugin. -->","yoast_head_json":{"title":"Pastores conmemoran \u201cD\u00eda Nacional De La Oraci\u00f3n\u201d desde Asamblea Legislativa de El Salvador - La Prensa Cristiana","robots":{"index":"index","follow":"follow","max-snippet":"max-snippet:-1","max-image-preview":"max-image-preview:large","max-video-preview":"max-video-preview:-1"},"canonical":"https:\/\/laprensacristiana.com\/?p=7354","og_locale":"es_ES","og_type":"article","og_title":"Pastores conmemoran \u201cD\u00eda Nacional De La Oraci\u00f3n\u201d desde Asamblea Legislativa de El Salvador - La Prensa Cristiana","og_description":"Esta tarde se llev\u00f3 a cabo la agenda de la sesi\u00f3n plenaria ordinaria N\u00ba76 con una asistencia de 56 diputados en el Sal\u00f3n Azul, como cuarto punto dentro de la agenda de la Asamblea tom\u00f3 a bien otorgar un espacio para conmemorar \u201cEl D\u00eda Nacional De La Oraci\u00f3n por El Salvador\u201d que por decreto se [&hellip;]","og_url":"https:\/\/laprensacristiana.com\/?p=7354","og_site_name":"La Prensa Cristiana","article_published_time":"2019-11-20T23:50:11+00:00","article_modified_time":"2019-11-20T23:50:14+00:00","og_image":[{"width":1280,"height":720,"url":"https:\/\/laprensacristiana.com\/wp-content\/uploads\/2019\/11\/e73a3500-36d6-44ec-812e-ee608a6e17b7.jpg","type":"image\/jpeg"}],"author":"EDITOR","twitter_card":"summary_large_image","twitter_misc":{"Escrito por":"EDITOR","Tiempo de lectura":"4 minutos"},"schema":{"@context":"https:\/\/schema.org","@graph":[{"@type":"WebPage","@id":"https:\/\/laprensacristiana.com\/?p=7354","url":"https:\/\/laprensacristiana.com\/?p=7354","name":"Pastores conmemoran \u201cD\u00eda Nacional De La Oraci\u00f3n\u201d desde Asamblea Legislativa de El Salvador - La Prensa Cristiana","isPartOf":{"@id":"https:\/\/laprensacristiana.com\/#website"},"datePublished":"2019-11-20T23:50:11+00:00","dateModified":"2019-11-20T23:50:14+00:00","author":{"@id":"https:\/\/laprensacristiana.com\/#\/schema\/person\/3e7d82c6bfd6b1fa67010f8f7cd5256e"},"breadcrumb":{"@id":"https:\/\/laprensacristiana.com\/?p=7354#breadcrumb"},"inLanguage":"es","potentialAction":[{"@type":"ReadAction","target":["https:\/\/laprensacristiana.com\/?p=7354"]}]},{"@type":"BreadcrumbList","@id":"https:\/\/laprensacristiana.com\/?p=7354#breadcrumb","itemListElement":[{"@type":"ListItem","position":1,"name":"Portada","item":"https:\/\/laprensacristiana.com\/"},{"@type":"ListItem","position":2,"name":"Pastores conmemoran \u201cD\u00eda Nacional De La Oraci\u00f3n\u201d desde Asamblea Legislativa de El Salvador"}]},{"@type":"WebSite","@id":"https:\/\/laprensacristiana.com\/#website","url":"https:\/\/laprensacristiana.com\/","name":"La Prensa Cristiana","description":"Anunciando Las Buenas Nuevas","potentialAction":[{"@type":"SearchAction","target":{"@type":"EntryPoint","urlTemplate":"https:\/\/laprensacristiana.com\/?s={search_term_string}"},"query-input":"required name=search_term_string"}],"inLanguage":"es"},{"@type":"Person","@id":"https:\/\/laprensacristiana.com\/#\/schema\/person\/3e7d82c6bfd6b1fa67010f8f7cd5256e","name":"EDITOR","image":{"@type":"ImageObject","inLanguage":"es","@id":"https:\/\/laprensacristiana.com\/#\/schema\/person\/image\/","url":"https:\/\/secure.gravatar.com\/avatar\/72069dfb6c13772d9e8381e3638666d2?s=96&d=mm&r=g","contentUrl":"https:\/\/secure.gravatar.com\/avatar\/72069dfb6c13772d9e8381e3638666d2?s=96&d=mm&r=g","caption":"EDITOR"},"url":"https:\/\/laprensacristiana.com\/?author=3"}]}},"_links":{"self":[{"href":"https:\/\/laprensacristiana.com\/index.php?rest_route=\/wp\/v2\/posts\/7354"}],"collection":[{"href":"https:\/\/laprensacristiana.com\/index.php?rest_route=\/wp\/v2\/posts"}],"about":[{"href":"https:\/\/laprensacristiana.com\/index.php?rest_route=\/wp\/v2\/types\/post"}],"author":[{"embeddable":true,"href":"https:\/\/laprensacristiana.com\/index.php?rest_route=\/wp\/v2\/users\/3"}],"replies":[{"embeddable":true,"href":"https:\/\/laprensacristiana.com\/index.php?rest_route=%2Fwp%2Fv2%2Fcomments&post=7354"}],"version-history":[{"count":1,"href":"https:\/\/laprensacristiana.com\/index.php?rest_route=\/wp\/v2\/posts\/7354\/revisions"}],"predecessor-version":[{"id":7356,"href":"https:\/\/laprensacristiana.com\/index.php?rest_route=\/wp\/v2\/posts\/7354\/revisions\/7356"}],"wp:featuredmedia":[{"embeddable":true,"href":"https:\/\/laprensacristiana.com\/index.php?rest_route=\/wp\/v2\/media\/7355"}],"wp:attachment":[{"href":"https:\/\/laprensacristiana.com\/index.php?rest_route=%2Fwp%2Fv2%2Fmedia&parent=7354"}],"wp:term":[{"taxonomy":"category","embeddable":true,"href":"https:\/\/laprensacristiana.com\/index.php?rest_route=%2Fwp%2Fv2%2Fcategories&post=7354"},{"taxonomy":"post_tag","embeddable":true,"href":"https:\/\/laprensacristiana.com\/index.php?rest_route=%2Fwp%2Fv2%2Ftags&post=7354"}],"curies":[{"name":"wp","href":"https:\/\/api.w.org\/{rel}","templated":true}]}}