{"id":7357,"date":"2019-11-21T15:02:00","date_gmt":"2019-11-21T15:02:00","guid":{"rendered":"https:\/\/laprensacristiana.com\/?p=7357"},"modified":"2019-11-21T15:02:05","modified_gmt":"2019-11-21T15:02:05","slug":"pastores-de-santo-tendran-cadena-de-oracion-por-el-salvador","status":"publish","type":"post","link":"https:\/\/laprensacristiana.com\/?p=7357","title":{"rendered":"Pastores de SANTO tendr\u00e1n cadena de oraci\u00f3n por El Salvador"},"content":{"rendered":"\n<p>En el a\u00f1o 2003 la Asamblea Legislativa de El Salvador\ndeclar\u00f3 el 23 de noviembre de cada a\u00f1o como D\u00eda Nacional de Oraci\u00f3n por El\nSalvador, considerando en uno de sus incisos del decreto \u201cQue, sin menoscabo de\nla libertad de culto proclamada por nuestra Constituci\u00f3n, es procedente\nfortalecer la unidad de los salvadore\u00f1os y promover los m\u00e1s altos ideales de la\npersona humana, de la familia y de la naci\u00f3n, decretando un D\u00eda Nacional de la\nOraci\u00f3n por El Salvador\u201d.<\/p>\n\n\n\n<p>En ese marco la asociaci\u00f3n de pastores Santa Tecla\nOrganizada para Cristo (SANTO) a organizado una cadena de oraci\u00f3n de 24 horas\ncontinuas, iniciando el viernes 22 de noviembre a las 6:00 PM, culminando a las\n6:00 PM del s\u00e1bado 23. Una iglesia diferente estar\u00e1 desarrollando la oraci\u00f3n en\nlapsos de una hora, de manera que no quede ning\u00fan vac\u00edo a\u00fan en horas de la\nmadrugada y as\u00ed lograr de manera contin\u00faa orar por todas las necesidades que El\nSalvador tiene. <\/p>\n\n\n\n<p>\u00abNos reuniremos en el parque Daniel Hern\u00e1ndez de Santa\nTecla a las 5:00 PM para un culto de inicio y luego a las 6 PM dar inicio a la\ncadena de oraci\u00f3n\u00bb expres\u00f3 el pastor Rafael Reyes presidente de SANTO.<\/p>\n\n\n\n<p>Por su parte el pastor Numa Rodezno mencion\u00f3 que el\nbanderillazo de salida a sido dado ya en horas de la tarde con una oraci\u00f3n en\nla Asamblea Legislativa en d\u00f3nde diferentes pastores han tenido participaci\u00f3n\norando por los legisladores de la naci\u00f3n.<\/p>\n","protected":false},"excerpt":{"rendered":"<p>En el a\u00f1o 2003 la Asamblea Legislativa de El Salvador declar\u00f3 el 23 de noviembre de cada a\u00f1o como D\u00eda Nacional de Oraci\u00f3n por El Salvador, considerando en uno de sus incisos del decreto \u201cQue, sin menoscabo de la libertad de culto proclamada por nuestra Constituci\u00f3n, es procedente fortalecer la unidad de los salvadore\u00f1os y [&hellip;]<\/p>\n","protected":false},"author":3,"featured_media":7358,"comment_status":"open","ping_status":"open","sticky":false,"template":"","format":"standard","meta":[],"categories":[56],"tags":[],"yoast_head":"<!-- This site is optimized with the Yoast SEO plugin v20.8 - https:\/\/yoast.com\/wordpress\/plugins\/seo\/ -->\n<title>Pastores de SANTO tendr\u00e1n cadena de oraci\u00f3n por El Salvador - La Prensa Cristiana<\/title>\n<meta name=\"robots\" content=\"index, follow, max-snippet:-1, max-image-preview:large, max-video-preview:-1\" \/>\n<link rel=\"canonical\" href=\"https:\/\/laprensacristiana.com\/?p=7357\" \/>\n<meta property=\"og:locale\" content=\"es_ES\" \/>\n<meta property=\"og:type\" content=\"article\" \/>\n<meta property=\"og:title\" content=\"Pastores de SANTO tendr\u00e1n cadena de oraci\u00f3n por El Salvador - La Prensa Cristiana\" \/>\n<meta property=\"og:description\" content=\"En el a\u00f1o 2003 la Asamblea Legislativa de El Salvador declar\u00f3 el 23 de noviembre de cada a\u00f1o como D\u00eda Nacional de Oraci\u00f3n por El Salvador, considerando en uno de sus incisos del decreto \u201cQue, sin menoscabo de la libertad de culto proclamada por nuestra Constituci\u00f3n, es procedente fortalecer la unidad de los salvadore\u00f1os y [&hellip;]\" \/>\n<meta property=\"og:url\" content=\"https:\/\/laprensacristiana.com\/?p=7357\" \/>\n<meta property=\"og:site_name\" content=\"La Prensa Cristiana\" \/>\n<meta property=\"article:published_time\" content=\"2019-11-21T15:02:00+00:00\" \/>\n<meta property=\"article:modified_time\" content=\"2019-11-21T15:02:05+00:00\" \/>\n<meta property=\"og:image\" content=\"https:\/\/laprensacristiana.com\/wp-content\/uploads\/2019\/11\/WhatsApp-Image-2019-11-21-at-08.56.55.jpeg\" \/>\n\t<meta property=\"og:image:width\" content=\"1067\" \/>\n\t<meta property=\"og:image:height\" content=\"637\" \/>\n\t<meta property=\"og:image:type\" content=\"image\/jpeg\" \/>\n<meta name=\"author\" content=\"EDITOR\" \/>\n<meta name=\"twitter:card\" content=\"summary_large_image\" \/>\n<meta name=\"twitter:label1\" content=\"Escrito por\" \/>\n\t<meta name=\"twitter:data1\" content=\"EDITOR\" \/>\n\t<meta name=\"twitter:label2\" content=\"Tiempo de lectura\" \/>\n\t<meta name=\"twitter:data2\" content=\"1 minuto\" \/>\n<script type=\"application\/ld+json\" class=\"yoast-schema-graph\">{\"@context\":\"https:\/\/schema.org\",\"@graph\":[{\"@type\":\"WebPage\",\"@id\":\"https:\/\/laprensacristiana.com\/?p=7357\",\"url\":\"https:\/\/laprensacristiana.com\/?p=7357\",\"name\":\"Pastores de SANTO tendr\u00e1n cadena de oraci\u00f3n por El Salvador - La Prensa Cristiana\",\"isPartOf\":{\"@id\":\"https:\/\/laprensacristiana.com\/#website\"},\"datePublished\":\"2019-11-21T15:02:00+00:00\",\"dateModified\":\"2019-11-21T15:02:05+00:00\",\"author\":{\"@id\":\"https:\/\/laprensacristiana.com\/#\/schema\/person\/3e7d82c6bfd6b1fa67010f8f7cd5256e\"},\"breadcrumb\":{\"@id\":\"https:\/\/laprensacristiana.com\/?p=7357#breadcrumb\"},\"inLanguage\":\"es\",\"potentialAction\":[{\"@type\":\"ReadAction\",\"target\":[\"https:\/\/laprensacristiana.com\/?p=7357\"]}]},{\"@type\":\"BreadcrumbList\",\"@id\":\"https:\/\/laprensacristiana.com\/?p=7357#breadcrumb\",\"itemListElement\":[{\"@type\":\"ListItem\",\"position\":1,\"name\":\"Portada\",\"item\":\"https:\/\/laprensacristiana.com\/\"},{\"@type\":\"ListItem\",\"position\":2,\"name\":\"Pastores de SANTO tendr\u00e1n cadena de oraci\u00f3n por El Salvador\"}]},{\"@type\":\"WebSite\",\"@id\":\"https:\/\/laprensacristiana.com\/#website\",\"url\":\"https:\/\/laprensacristiana.com\/\",\"name\":\"La Prensa Cristiana\",\"description\":\"Anunciando Las Buenas Nuevas\",\"potentialAction\":[{\"@type\":\"SearchAction\",\"target\":{\"@type\":\"EntryPoint\",\"urlTemplate\":\"https:\/\/laprensacristiana.com\/?s={search_term_string}\"},\"query-input\":\"required name=search_term_string\"}],\"inLanguage\":\"es\"},{\"@type\":\"Person\",\"@id\":\"https:\/\/laprensacristiana.com\/#\/schema\/person\/3e7d82c6bfd6b1fa67010f8f7cd5256e\",\"name\":\"EDITOR\",\"image\":{\"@type\":\"ImageObject\",\"inLanguage\":\"es\",\"@id\":\"https:\/\/laprensacristiana.com\/#\/schema\/person\/image\/\",\"url\":\"https:\/\/secure.gravatar.com\/avatar\/72069dfb6c13772d9e8381e3638666d2?s=96&d=mm&r=g\",\"contentUrl\":\"https:\/\/secure.gravatar.com\/avatar\/72069dfb6c13772d9e8381e3638666d2?s=96&d=mm&r=g\",\"caption\":\"EDITOR\"},\"url\":\"https:\/\/laprensacristiana.com\/?author=3\"}]}<\/script>\n<!-- \/ Yoast SEO plugin. -->","yoast_head_json":{"title":"Pastores de SANTO tendr\u00e1n cadena de oraci\u00f3n por El Salvador - La Prensa Cristiana","robots":{"index":"index","follow":"follow","max-snippet":"max-snippet:-1","max-image-preview":"max-image-preview:large","max-video-preview":"max-video-preview:-1"},"canonical":"https:\/\/laprensacristiana.com\/?p=7357","og_locale":"es_ES","og_type":"article","og_title":"Pastores de SANTO tendr\u00e1n cadena de oraci\u00f3n por El Salvador - La Prensa Cristiana","og_description":"En el a\u00f1o 2003 la Asamblea Legislativa de El Salvador declar\u00f3 el 23 de noviembre de cada a\u00f1o como D\u00eda Nacional de Oraci\u00f3n por El Salvador, considerando en uno de sus incisos del decreto \u201cQue, sin menoscabo de la libertad de culto proclamada por nuestra Constituci\u00f3n, es procedente fortalecer la unidad de los salvadore\u00f1os y [&hellip;]","og_url":"https:\/\/laprensacristiana.com\/?p=7357","og_site_name":"La Prensa Cristiana","article_published_time":"2019-11-21T15:02:00+00:00","article_modified_time":"2019-11-21T15:02:05+00:00","og_image":[{"width":1067,"height":637,"url":"https:\/\/laprensacristiana.com\/wp-content\/uploads\/2019\/11\/WhatsApp-Image-2019-11-21-at-08.56.55.jpeg","type":"image\/jpeg"}],"author":"EDITOR","twitter_card":"summary_large_image","twitter_misc":{"Escrito por":"EDITOR","Tiempo de lectura":"1 minuto"},"schema":{"@context":"https:\/\/schema.org","@graph":[{"@type":"WebPage","@id":"https:\/\/laprensacristiana.com\/?p=7357","url":"https:\/\/laprensacristiana.com\/?p=7357","name":"Pastores de SANTO tendr\u00e1n cadena de oraci\u00f3n por El Salvador - La Prensa Cristiana","isPartOf":{"@id":"https:\/\/laprensacristiana.com\/#website"},"datePublished":"2019-11-21T15:02:00+00:00","dateModified":"2019-11-21T15:02:05+00:00","author":{"@id":"https:\/\/laprensacristiana.com\/#\/schema\/person\/3e7d82c6bfd6b1fa67010f8f7cd5256e"},"breadcrumb":{"@id":"https:\/\/laprensacristiana.com\/?p=7357#breadcrumb"},"inLanguage":"es","potentialAction":[{"@type":"ReadAction","target":["https:\/\/laprensacristiana.com\/?p=7357"]}]},{"@type":"BreadcrumbList","@id":"https:\/\/laprensacristiana.com\/?p=7357#breadcrumb","itemListElement":[{"@type":"ListItem","position":1,"name":"Portada","item":"https:\/\/laprensacristiana.com\/"},{"@type":"ListItem","position":2,"name":"Pastores de SANTO tendr\u00e1n cadena de oraci\u00f3n por El Salvador"}]},{"@type":"WebSite","@id":"https:\/\/laprensacristiana.com\/#website","url":"https:\/\/laprensacristiana.com\/","name":"La Prensa Cristiana","description":"Anunciando Las Buenas Nuevas","potentialAction":[{"@type":"SearchAction","target":{"@type":"EntryPoint","urlTemplate":"https:\/\/laprensacristiana.com\/?s={search_term_string}"},"query-input":"required name=search_term_string"}],"inLanguage":"es"},{"@type":"Person","@id":"https:\/\/laprensacristiana.com\/#\/schema\/person\/3e7d82c6bfd6b1fa67010f8f7cd5256e","name":"EDITOR","image":{"@type":"ImageObject","inLanguage":"es","@id":"https:\/\/laprensacristiana.com\/#\/schema\/person\/image\/","url":"https:\/\/secure.gravatar.com\/avatar\/72069dfb6c13772d9e8381e3638666d2?s=96&d=mm&r=g","contentUrl":"https:\/\/secure.gravatar.com\/avatar\/72069dfb6c13772d9e8381e3638666d2?s=96&d=mm&r=g","caption":"EDITOR"},"url":"https:\/\/laprensacristiana.com\/?author=3"}]}},"_links":{"self":[{"href":"https:\/\/laprensacristiana.com\/index.php?rest_route=\/wp\/v2\/posts\/7357"}],"collection":[{"href":"https:\/\/laprensacristiana.com\/index.php?rest_route=\/wp\/v2\/posts"}],"about":[{"href":"https:\/\/laprensacristiana.com\/index.php?rest_route=\/wp\/v2\/types\/post"}],"author":[{"embeddable":true,"href":"https:\/\/laprensacristiana.com\/index.php?rest_route=\/wp\/v2\/users\/3"}],"replies":[{"embeddable":true,"href":"https:\/\/laprensacristiana.com\/index.php?rest_route=%2Fwp%2Fv2%2Fcomments&post=7357"}],"version-history":[{"count":1,"href":"https:\/\/laprensacristiana.com\/index.php?rest_route=\/wp\/v2\/posts\/7357\/revisions"}],"predecessor-version":[{"id":7359,"href":"https:\/\/laprensacristiana.com\/index.php?rest_route=\/wp\/v2\/posts\/7357\/revisions\/7359"}],"wp:featuredmedia":[{"embeddable":true,"href":"https:\/\/laprensacristiana.com\/index.php?rest_route=\/wp\/v2\/media\/7358"}],"wp:attachment":[{"href":"https:\/\/laprensacristiana.com\/index.php?rest_route=%2Fwp%2Fv2%2Fmedia&parent=7357"}],"wp:term":[{"taxonomy":"category","embeddable":true,"href":"https:\/\/laprensacristiana.com\/index.php?rest_route=%2Fwp%2Fv2%2Fcategories&post=7357"},{"taxonomy":"post_tag","embeddable":true,"href":"https:\/\/laprensacristiana.com\/index.php?rest_route=%2Fwp%2Fv2%2Ftags&post=7357"}],"curies":[{"name":"wp","href":"https:\/\/api.w.org\/{rel}","templated":true}]}}