{"id":7365,"date":"2019-11-23T15:19:40","date_gmt":"2019-11-23T15:19:40","guid":{"rendered":"https:\/\/laprensacristiana.com\/?p=7365"},"modified":"2019-11-23T15:19:43","modified_gmt":"2019-11-23T15:19:43","slug":"tomando-mi-nacion-celebrara-hoy-el-dia-nacional-de-la-oracion","status":"publish","type":"post","link":"https:\/\/laprensacristiana.com\/?p=7365","title":{"rendered":"Tomando mi Naci\u00f3n celebrar\u00e1 hoy el D\u00eda Nacional de la Oraci\u00f3n"},"content":{"rendered":"\n<p>El d\u00eda de ayer se reunieron pastores de diferentes\ndenominaciones pertenecientes al municipio de Zacatecoluca en el departamento de\nLa Paz junto al pastor Mauricio Navas quien es el coordinador nacional del\nmovimiento Tomando Mi Naci\u00f3n, organiz\u00e1ndose para este di que para la iglesia evang\u00e9lica\nes tan importante y en el cual se celebra el &nbsp;\u201cD\u00eda Nacional De La Oraci\u00f3n en El Salvador\u201d.<\/p>\n\n\n\n<p>El pastor Navas motivo a cada uno de los asistentes para\ntrabajar en conjunto, y haci\u00e9ndoles ver la importancia de trabajar de la mano\npor un pa\u00eds a trav\u00e9s de movimientos que impulsen a la oraci\u00f3n.<\/p>\n\n\n\n<p>\u201cEstamos invitando al pueblo cristiano evang\u00e9lico a lo largo\ny ancho de todo el territorio nacional por medio de los pastores para que nos\nacompa\u00f1en el 23 de noviembre a partir de las 2 pm en el pabell\u00f3n No 8 de CIFCO para\nbuscar juntos el rostro del Se\u00f1or, Dios tiene respuesta para todo aquel que le\nbusca por eso seguimos motivando en orar y tambi\u00e9n en unir al cuerpo de Cristo\npara unidos podamos buscar el rostro del Se\u00f1or y disfrutar luego la respuesta\nfavorable que Dios nos abra de dar\u201d &nbsp;expres\u00f3\nPastor Mauricio Navas coordinador del movimiento de \u201cTomando Mi Naci\u00f3n\u201d.<\/p>\n\n\n\n<p>Este esfuerzo es algo que siempre se ha realizado a trav\u00e9s de\n\u201cFuego Continuo\u201d que es un ap\u00e9ndice de \u201cNo Mataras\u201d y \u201cTomando Mi Naci\u00f3n\u201d. <\/p>\n","protected":false},"excerpt":{"rendered":"<p>El d\u00eda de ayer se reunieron pastores de diferentes denominaciones pertenecientes al municipio de Zacatecoluca en el departamento de La Paz junto al pastor Mauricio Navas quien es el coordinador nacional del movimiento Tomando Mi Naci\u00f3n, organiz\u00e1ndose para este di que para la iglesia evang\u00e9lica es tan importante y en el cual se celebra el [&hellip;]<\/p>\n","protected":false},"author":3,"featured_media":7366,"comment_status":"open","ping_status":"open","sticky":false,"template":"","format":"standard","meta":[],"categories":[56],"tags":[],"yoast_head":"<!-- This site is optimized with the Yoast SEO plugin v20.8 - https:\/\/yoast.com\/wordpress\/plugins\/seo\/ -->\n<title>Tomando mi Naci\u00f3n celebrar\u00e1 hoy el D\u00eda Nacional de la Oraci\u00f3n - La Prensa Cristiana<\/title>\n<meta name=\"robots\" content=\"index, follow, max-snippet:-1, max-image-preview:large, max-video-preview:-1\" \/>\n<link rel=\"canonical\" href=\"https:\/\/laprensacristiana.com\/?p=7365\" \/>\n<meta property=\"og:locale\" content=\"es_ES\" \/>\n<meta property=\"og:type\" content=\"article\" \/>\n<meta property=\"og:title\" content=\"Tomando mi Naci\u00f3n celebrar\u00e1 hoy el D\u00eda Nacional de la Oraci\u00f3n - La Prensa Cristiana\" \/>\n<meta property=\"og:description\" content=\"El d\u00eda de ayer se reunieron pastores de diferentes denominaciones pertenecientes al municipio de Zacatecoluca en el departamento de La Paz junto al pastor Mauricio Navas quien es el coordinador nacional del movimiento Tomando Mi Naci\u00f3n, organiz\u00e1ndose para este di que para la iglesia evang\u00e9lica es tan importante y en el cual se celebra el [&hellip;]\" \/>\n<meta property=\"og:url\" content=\"https:\/\/laprensacristiana.com\/?p=7365\" \/>\n<meta property=\"og:site_name\" content=\"La Prensa Cristiana\" \/>\n<meta property=\"article:published_time\" content=\"2019-11-23T15:19:40+00:00\" \/>\n<meta property=\"article:modified_time\" content=\"2019-11-23T15:19:43+00:00\" \/>\n<meta property=\"og:image\" content=\"https:\/\/laprensacristiana.com\/wp-content\/uploads\/2019\/11\/4e784c42-1ff0-4c78-a914-6788c643ae2f.jpg\" \/>\n\t<meta property=\"og:image:width\" content=\"1280\" \/>\n\t<meta property=\"og:image:height\" content=\"853\" \/>\n\t<meta property=\"og:image:type\" content=\"image\/jpeg\" \/>\n<meta name=\"author\" content=\"EDITOR\" \/>\n<meta name=\"twitter:card\" content=\"summary_large_image\" \/>\n<meta name=\"twitter:label1\" content=\"Escrito por\" \/>\n\t<meta name=\"twitter:data1\" content=\"EDITOR\" \/>\n\t<meta name=\"twitter:label2\" content=\"Tiempo de lectura\" \/>\n\t<meta name=\"twitter:data2\" content=\"1 minuto\" \/>\n<script type=\"application\/ld+json\" class=\"yoast-schema-graph\">{\"@context\":\"https:\/\/schema.org\",\"@graph\":[{\"@type\":\"WebPage\",\"@id\":\"https:\/\/laprensacristiana.com\/?p=7365\",\"url\":\"https:\/\/laprensacristiana.com\/?p=7365\",\"name\":\"Tomando mi Naci\u00f3n celebrar\u00e1 hoy el D\u00eda Nacional de la Oraci\u00f3n - La Prensa Cristiana\",\"isPartOf\":{\"@id\":\"https:\/\/laprensacristiana.com\/#website\"},\"datePublished\":\"2019-11-23T15:19:40+00:00\",\"dateModified\":\"2019-11-23T15:19:43+00:00\",\"author\":{\"@id\":\"https:\/\/laprensacristiana.com\/#\/schema\/person\/3e7d82c6bfd6b1fa67010f8f7cd5256e\"},\"breadcrumb\":{\"@id\":\"https:\/\/laprensacristiana.com\/?p=7365#breadcrumb\"},\"inLanguage\":\"es\",\"potentialAction\":[{\"@type\":\"ReadAction\",\"target\":[\"https:\/\/laprensacristiana.com\/?p=7365\"]}]},{\"@type\":\"BreadcrumbList\",\"@id\":\"https:\/\/laprensacristiana.com\/?p=7365#breadcrumb\",\"itemListElement\":[{\"@type\":\"ListItem\",\"position\":1,\"name\":\"Portada\",\"item\":\"https:\/\/laprensacristiana.com\/\"},{\"@type\":\"ListItem\",\"position\":2,\"name\":\"Tomando mi Naci\u00f3n celebrar\u00e1 hoy el D\u00eda Nacional de la Oraci\u00f3n\"}]},{\"@type\":\"WebSite\",\"@id\":\"https:\/\/laprensacristiana.com\/#website\",\"url\":\"https:\/\/laprensacristiana.com\/\",\"name\":\"La Prensa Cristiana\",\"description\":\"Anunciando Las Buenas Nuevas\",\"potentialAction\":[{\"@type\":\"SearchAction\",\"target\":{\"@type\":\"EntryPoint\",\"urlTemplate\":\"https:\/\/laprensacristiana.com\/?s={search_term_string}\"},\"query-input\":\"required name=search_term_string\"}],\"inLanguage\":\"es\"},{\"@type\":\"Person\",\"@id\":\"https:\/\/laprensacristiana.com\/#\/schema\/person\/3e7d82c6bfd6b1fa67010f8f7cd5256e\",\"name\":\"EDITOR\",\"image\":{\"@type\":\"ImageObject\",\"inLanguage\":\"es\",\"@id\":\"https:\/\/laprensacristiana.com\/#\/schema\/person\/image\/\",\"url\":\"https:\/\/secure.gravatar.com\/avatar\/72069dfb6c13772d9e8381e3638666d2?s=96&d=mm&r=g\",\"contentUrl\":\"https:\/\/secure.gravatar.com\/avatar\/72069dfb6c13772d9e8381e3638666d2?s=96&d=mm&r=g\",\"caption\":\"EDITOR\"},\"url\":\"https:\/\/laprensacristiana.com\/?author=3\"}]}<\/script>\n<!-- \/ Yoast SEO plugin. -->","yoast_head_json":{"title":"Tomando mi Naci\u00f3n celebrar\u00e1 hoy el D\u00eda Nacional de la Oraci\u00f3n - La Prensa Cristiana","robots":{"index":"index","follow":"follow","max-snippet":"max-snippet:-1","max-image-preview":"max-image-preview:large","max-video-preview":"max-video-preview:-1"},"canonical":"https:\/\/laprensacristiana.com\/?p=7365","og_locale":"es_ES","og_type":"article","og_title":"Tomando mi Naci\u00f3n celebrar\u00e1 hoy el D\u00eda Nacional de la Oraci\u00f3n - La Prensa Cristiana","og_description":"El d\u00eda de ayer se reunieron pastores de diferentes denominaciones pertenecientes al municipio de Zacatecoluca en el departamento de La Paz junto al pastor Mauricio Navas quien es el coordinador nacional del movimiento Tomando Mi Naci\u00f3n, organiz\u00e1ndose para este di que para la iglesia evang\u00e9lica es tan importante y en el cual se celebra el [&hellip;]","og_url":"https:\/\/laprensacristiana.com\/?p=7365","og_site_name":"La Prensa Cristiana","article_published_time":"2019-11-23T15:19:40+00:00","article_modified_time":"2019-11-23T15:19:43+00:00","og_image":[{"width":1280,"height":853,"url":"https:\/\/laprensacristiana.com\/wp-content\/uploads\/2019\/11\/4e784c42-1ff0-4c78-a914-6788c643ae2f.jpg","type":"image\/jpeg"}],"author":"EDITOR","twitter_card":"summary_large_image","twitter_misc":{"Escrito por":"EDITOR","Tiempo de lectura":"1 minuto"},"schema":{"@context":"https:\/\/schema.org","@graph":[{"@type":"WebPage","@id":"https:\/\/laprensacristiana.com\/?p=7365","url":"https:\/\/laprensacristiana.com\/?p=7365","name":"Tomando mi Naci\u00f3n celebrar\u00e1 hoy el D\u00eda Nacional de la Oraci\u00f3n - La Prensa Cristiana","isPartOf":{"@id":"https:\/\/laprensacristiana.com\/#website"},"datePublished":"2019-11-23T15:19:40+00:00","dateModified":"2019-11-23T15:19:43+00:00","author":{"@id":"https:\/\/laprensacristiana.com\/#\/schema\/person\/3e7d82c6bfd6b1fa67010f8f7cd5256e"},"breadcrumb":{"@id":"https:\/\/laprensacristiana.com\/?p=7365#breadcrumb"},"inLanguage":"es","potentialAction":[{"@type":"ReadAction","target":["https:\/\/laprensacristiana.com\/?p=7365"]}]},{"@type":"BreadcrumbList","@id":"https:\/\/laprensacristiana.com\/?p=7365#breadcrumb","itemListElement":[{"@type":"ListItem","position":1,"name":"Portada","item":"https:\/\/laprensacristiana.com\/"},{"@type":"ListItem","position":2,"name":"Tomando mi Naci\u00f3n celebrar\u00e1 hoy el D\u00eda Nacional de la Oraci\u00f3n"}]},{"@type":"WebSite","@id":"https:\/\/laprensacristiana.com\/#website","url":"https:\/\/laprensacristiana.com\/","name":"La Prensa Cristiana","description":"Anunciando Las Buenas Nuevas","potentialAction":[{"@type":"SearchAction","target":{"@type":"EntryPoint","urlTemplate":"https:\/\/laprensacristiana.com\/?s={search_term_string}"},"query-input":"required name=search_term_string"}],"inLanguage":"es"},{"@type":"Person","@id":"https:\/\/laprensacristiana.com\/#\/schema\/person\/3e7d82c6bfd6b1fa67010f8f7cd5256e","name":"EDITOR","image":{"@type":"ImageObject","inLanguage":"es","@id":"https:\/\/laprensacristiana.com\/#\/schema\/person\/image\/","url":"https:\/\/secure.gravatar.com\/avatar\/72069dfb6c13772d9e8381e3638666d2?s=96&d=mm&r=g","contentUrl":"https:\/\/secure.gravatar.com\/avatar\/72069dfb6c13772d9e8381e3638666d2?s=96&d=mm&r=g","caption":"EDITOR"},"url":"https:\/\/laprensacristiana.com\/?author=3"}]}},"_links":{"self":[{"href":"https:\/\/laprensacristiana.com\/index.php?rest_route=\/wp\/v2\/posts\/7365"}],"collection":[{"href":"https:\/\/laprensacristiana.com\/index.php?rest_route=\/wp\/v2\/posts"}],"about":[{"href":"https:\/\/laprensacristiana.com\/index.php?rest_route=\/wp\/v2\/types\/post"}],"author":[{"embeddable":true,"href":"https:\/\/laprensacristiana.com\/index.php?rest_route=\/wp\/v2\/users\/3"}],"replies":[{"embeddable":true,"href":"https:\/\/laprensacristiana.com\/index.php?rest_route=%2Fwp%2Fv2%2Fcomments&post=7365"}],"version-history":[{"count":1,"href":"https:\/\/laprensacristiana.com\/index.php?rest_route=\/wp\/v2\/posts\/7365\/revisions"}],"predecessor-version":[{"id":7367,"href":"https:\/\/laprensacristiana.com\/index.php?rest_route=\/wp\/v2\/posts\/7365\/revisions\/7367"}],"wp:featuredmedia":[{"embeddable":true,"href":"https:\/\/laprensacristiana.com\/index.php?rest_route=\/wp\/v2\/media\/7366"}],"wp:attachment":[{"href":"https:\/\/laprensacristiana.com\/index.php?rest_route=%2Fwp%2Fv2%2Fmedia&parent=7365"}],"wp:term":[{"taxonomy":"category","embeddable":true,"href":"https:\/\/laprensacristiana.com\/index.php?rest_route=%2Fwp%2Fv2%2Fcategories&post=7365"},{"taxonomy":"post_tag","embeddable":true,"href":"https:\/\/laprensacristiana.com\/index.php?rest_route=%2Fwp%2Fv2%2Ftags&post=7365"}],"curies":[{"name":"wp","href":"https:\/\/api.w.org\/{rel}","templated":true}]}}