{"id":7368,"date":"2019-11-23T16:38:16","date_gmt":"2019-11-23T16:38:16","guid":{"rendered":"https:\/\/laprensacristiana.com\/?p=7368"},"modified":"2019-11-23T17:41:36","modified_gmt":"2019-11-23T17:41:36","slug":"universidad-evangelica-de-el-salvador-conmemoro-el-dia-nacional-de-la-oracion","status":"publish","type":"post","link":"https:\/\/laprensacristiana.com\/?p=7368","title":{"rendered":"Universidad Evang\u00e9lica de El Salvador conmemor\u00f3 el \u201cD\u00eda Nacional de La Oraci\u00f3n\u201d"},"content":{"rendered":"\n<p>En el marco de esta celebraci\u00f3n La Universidad Evang\u00e9lica de\nEl Salvador realiz\u00f3 en sus instalaciones un evento conmemorativo para recordar\nel decreto legislativo 161 que se celebra desde el a\u00f1o 2003, junto a la\nasociaci\u00f3n de pastores de Alianza Evang\u00e9lica de El Salvador corroboraron su\ncompromiso para con el pa\u00eds de continuar consolidando las relaciones con la\niglesia evang\u00e9lica, con el convencimiento que la oraci\u00f3n es un pilar importante\nen el desarrollo de una naci\u00f3n y creyendo que es a trav\u00e9s de ella se puede\ngenerar un cambio social. <\/p>\n\n\n\n<figure class=\"wp-block-image\"><img decoding=\"async\" loading=\"lazy\" width=\"1024\" height=\"682\" src=\"https:\/\/laprensacristiana.com\/wp-content\/uploads\/2019\/11\/8c18c975-a566-44b7-b60a-aa5bd49b092d-1024x682.jpg\" alt=\"\" class=\"wp-image-7370\" srcset=\"https:\/\/laprensacristiana.com\/wp-content\/uploads\/2019\/11\/8c18c975-a566-44b7-b60a-aa5bd49b092d-1024x682.jpg 1024w, https:\/\/laprensacristiana.com\/wp-content\/uploads\/2019\/11\/8c18c975-a566-44b7-b60a-aa5bd49b092d-300x200.jpg 300w, https:\/\/laprensacristiana.com\/wp-content\/uploads\/2019\/11\/8c18c975-a566-44b7-b60a-aa5bd49b092d-768x512.jpg 768w, https:\/\/laprensacristiana.com\/wp-content\/uploads\/2019\/11\/8c18c975-a566-44b7-b60a-aa5bd49b092d-696x464.jpg 696w, https:\/\/laprensacristiana.com\/wp-content\/uploads\/2019\/11\/8c18c975-a566-44b7-b60a-aa5bd49b092d-1068x712.jpg 1068w, https:\/\/laprensacristiana.com\/wp-content\/uploads\/2019\/11\/8c18c975-a566-44b7-b60a-aa5bd49b092d-630x420.jpg 630w, https:\/\/laprensacristiana.com\/wp-content\/uploads\/2019\/11\/8c18c975-a566-44b7-b60a-aa5bd49b092d-600x400.jpg 600w, https:\/\/laprensacristiana.com\/wp-content\/uploads\/2019\/11\/8c18c975-a566-44b7-b60a-aa5bd49b092d.jpg 1280w\" sizes=\"(max-width: 1024px) 100vw, 1024px\" \/><\/figure>\n\n\n\n<p>\u201cComo Universidad Evang\u00e9lica preocupados por fortalecer la\niglesia y por ser parte de la soluci\u00f3n de los principales problemas del pa\u00eds,\ncreemos que podemos participar desde este ejercicio \u201cla oraci\u00f3n\u201d, adem\u00e1s que es\nun decreto nacional, yo creo que si desde el gobierno se quiere restaurar el\ntejido social no se va a poder si no se gira una orden a toda la naci\u00f3n para\npoder sumarse y reconstruir el tejido espiritual, nuestra naci\u00f3n necesita\ncrecer en la comuni\u00f3n con Dios&nbsp; y la\nuniversidad abre sus instalaciones para que desde aqu\u00ed podamos decir que \u00c9l es\nla respuesta para nuestra naci\u00f3n\u201d expres\u00f3 el pastor Oswaldo Asturias, parte del\nequipo de secretaria espiritual UEES.<\/p>\n\n\n\n<p>Al acto se hicieron presente autoridades acad\u00e9micas,\nadministrativas y colaboradores de la Universidad, pastores y miembros de\ndiferentes iglesias evang\u00e9licas, uni\u00e9ndose en oraci\u00f3n por las problem\u00e1ticas que\nafronta este pa\u00eds en el estado, la econom\u00eda, seguridad, salud, educaci\u00f3n y el\nrol de la iglesia como ente de soluci\u00f3n. <\/p>\n\n\n\n<p><\/p>\n\n\n\n<figure class=\"wp-block-image\"><img decoding=\"async\" loading=\"lazy\" width=\"1024\" height=\"682\" src=\"https:\/\/laprensacristiana.com\/wp-content\/uploads\/2019\/11\/fc7d6926-484e-4e58-8788-d390b3af4608-1024x682.jpg\" alt=\"\" class=\"wp-image-7373\" srcset=\"https:\/\/laprensacristiana.com\/wp-content\/uploads\/2019\/11\/fc7d6926-484e-4e58-8788-d390b3af4608-1024x682.jpg 1024w, https:\/\/laprensacristiana.com\/wp-content\/uploads\/2019\/11\/fc7d6926-484e-4e58-8788-d390b3af4608-300x200.jpg 300w, https:\/\/laprensacristiana.com\/wp-content\/uploads\/2019\/11\/fc7d6926-484e-4e58-8788-d390b3af4608-768x512.jpg 768w, https:\/\/laprensacristiana.com\/wp-content\/uploads\/2019\/11\/fc7d6926-484e-4e58-8788-d390b3af4608-696x464.jpg 696w, https:\/\/laprensacristiana.com\/wp-content\/uploads\/2019\/11\/fc7d6926-484e-4e58-8788-d390b3af4608-1068x712.jpg 1068w, https:\/\/laprensacristiana.com\/wp-content\/uploads\/2019\/11\/fc7d6926-484e-4e58-8788-d390b3af4608-630x420.jpg 630w, https:\/\/laprensacristiana.com\/wp-content\/uploads\/2019\/11\/fc7d6926-484e-4e58-8788-d390b3af4608-600x400.jpg 600w, https:\/\/laprensacristiana.com\/wp-content\/uploads\/2019\/11\/fc7d6926-484e-4e58-8788-d390b3af4608.jpg 1280w\" sizes=\"(max-width: 1024px) 100vw, 1024px\" \/><\/figure>\n\n\n\n<p><\/p>\n\n\n\n<p>Se realizaron diferentes oraciones y pastores de diferentes\niglesias fueron los encargados de clamar por cada una de las necesidades de El\nSalvador.<\/p>\n\n\n\n<p>&nbsp;\u201cLa intenci\u00f3n de este\nevento es unir al cuerpo de Cristo para que clamemos por pa\u00eds, El Salvador\nnecesita un apoyo de parte de la iglesia evang\u00e9lica en oraci\u00f3n, dice El Se\u00f1or:\n\u201cClama a m\u00ed y yo te responder\u00e9\u201d y ese es el prop\u00f3sito clamar al Se\u00f1or que sane\nnuestra tierra y adem\u00e1s nos hace falta orar por los que est\u00e1n en las c\u00e1rceles\npara que cambien de mentalidad y puedan cambiar su vida y se beneficie su\nfamilia y la naci\u00f3n\u201d&nbsp; coment\u00f3 el Hermano\nMarcelo C\u00e1rcamo, miembro del directorio ejecutivo UEES.<\/p>\n\n\n\n<p>Esta actividad es un esfuerzo m\u00e1s que las instituciones e\niglesias en todo el pa\u00eds realizan para unirse a una sola voz y clamar al Se\u00f1or\npor un mejor El Salvador.<\/p>\n\n\n\n<p>Para el Rector de la Universidad Evang\u00e9lica de El Salvador Lic.\nCesar Emilio Quinteros esta actividad se une al esfuerzo para acercarse a Dios\ny pedir por la naci\u00f3n:<\/p>\n\n\n\n<p>\u201cLa oraci\u00f3n tiene respuesta, y tenemos una total confianza\nen que Jes\u00fas como autoridad del universo est\u00e1 escuchando las peticiones que le\nhemos hecho esta ma\u00f1ana para que sane nuestra tierra y para que haga prosperar\nnuestro pa\u00eds, a la sociedad y a las comunidades, pedimos que Dios bendiga a las\nautoridades en todas las \u00e1reas,&nbsp; nivel\njudicial, ejecutivo, legislativo, que les de sabidur\u00eda y entendimiento para\ngobernar y fortalecer el desarrollo de esta naci\u00f3n\u201d.<\/p>\n\n\n\n<p>El pastor Mario Vega&nbsp;\nde Misi\u00f3n Cristiana Elim coment\u00f3 que la iglesia debe orar por temas de\nseguridad, ni\u00f1ez, educaci\u00f3n, por la iglesia, gobierno y econom\u00eda.<\/p>\n\n\n\n<p>\u201cCreo que la oraci\u00f3n nos abre puertas de oportunidad para\ntrabajar y al mismo tiempo tenemos que tener un esp\u00edritu perceptivo para darnos\ncuenta de esas puertas que se abren y no dudar en accionar y hacer lo que Dios\nespera de nosotros\u201d expres\u00f3 el&nbsp; pastor Vega.\n<\/p>\n\n\n\n<p>Dentro del acto se tom\u00f3 un tiempo exclusivo para orar por la\nni\u00f1ez:<\/p>\n\n\n\n<p>\u201cCreo que como iglesia evang\u00e9lica estamos comprometidos a\ncrear un clima de seguridad para la ni\u00f1ez, para mi esos puntos que hemos\ndesarrollado dentro de este programa le ponen al Se\u00f1or nuestro coraz\u00f3n, y nos\nsujetamos a que las cumpla en base a su voluntad. Hacemos un llamado\nimportante, estamos en una \u00e9poca en la que como cristianos necesitamos\nproclamar que Jes\u00fas es nuestro Se\u00f1or, independientemente de nuestra\ndenominaci\u00f3n podamos unirnos, la oraci\u00f3n es un arma que tenemos\u201d concluy\u00f3&nbsp; el Capell\u00e1n de la Universidad Evang\u00e9lica de\nEl Salvador&nbsp; Cesar Mel\u00e9ndez.<\/p>\n\n\n\n<ul class=\"wp-block-gallery columns-2 is-cropped wp-block-gallery-1 is-layout-flex\"><li class=\"blocks-gallery-item\"><figure><img decoding=\"async\" loading=\"lazy\" width=\"1024\" height=\"682\" src=\"https:\/\/laprensacristiana.com\/wp-content\/uploads\/2019\/11\/73fd61a5-a086-493a-b284-d3c7d8bdf50a-1024x682.jpg\" alt=\"\" data-id=\"7371\" data-link=\"https:\/\/laprensacristiana.com\/?attachment_id=7371\" class=\"wp-image-7371\" srcset=\"https:\/\/laprensacristiana.com\/wp-content\/uploads\/2019\/11\/73fd61a5-a086-493a-b284-d3c7d8bdf50a-1024x682.jpg 1024w, https:\/\/laprensacristiana.com\/wp-content\/uploads\/2019\/11\/73fd61a5-a086-493a-b284-d3c7d8bdf50a-300x200.jpg 300w, https:\/\/laprensacristiana.com\/wp-content\/uploads\/2019\/11\/73fd61a5-a086-493a-b284-d3c7d8bdf50a-768x512.jpg 768w, https:\/\/laprensacristiana.com\/wp-content\/uploads\/2019\/11\/73fd61a5-a086-493a-b284-d3c7d8bdf50a-696x464.jpg 696w, https:\/\/laprensacristiana.com\/wp-content\/uploads\/2019\/11\/73fd61a5-a086-493a-b284-d3c7d8bdf50a-1068x712.jpg 1068w, https:\/\/laprensacristiana.com\/wp-content\/uploads\/2019\/11\/73fd61a5-a086-493a-b284-d3c7d8bdf50a-630x420.jpg 630w, https:\/\/laprensacristiana.com\/wp-content\/uploads\/2019\/11\/73fd61a5-a086-493a-b284-d3c7d8bdf50a-600x400.jpg 600w, https:\/\/laprensacristiana.com\/wp-content\/uploads\/2019\/11\/73fd61a5-a086-493a-b284-d3c7d8bdf50a.jpg 1280w\" sizes=\"(max-width: 1024px) 100vw, 1024px\" \/><\/figure><\/li><li class=\"blocks-gallery-item\"><figure><img decoding=\"async\" loading=\"lazy\" width=\"1024\" height=\"682\" src=\"https:\/\/laprensacristiana.com\/wp-content\/uploads\/2019\/11\/87ee934c-c46d-486c-b9c2-f5e58735d668-1024x682.jpg\" alt=\"\" data-id=\"7372\" data-link=\"https:\/\/laprensacristiana.com\/?attachment_id=7372\" class=\"wp-image-7372\" srcset=\"https:\/\/laprensacristiana.com\/wp-content\/uploads\/2019\/11\/87ee934c-c46d-486c-b9c2-f5e58735d668-1024x682.jpg 1024w, https:\/\/laprensacristiana.com\/wp-content\/uploads\/2019\/11\/87ee934c-c46d-486c-b9c2-f5e58735d668-300x200.jpg 300w, https:\/\/laprensacristiana.com\/wp-content\/uploads\/2019\/11\/87ee934c-c46d-486c-b9c2-f5e58735d668-768x512.jpg 768w, https:\/\/laprensacristiana.com\/wp-content\/uploads\/2019\/11\/87ee934c-c46d-486c-b9c2-f5e58735d668-696x464.jpg 696w, https:\/\/laprensacristiana.com\/wp-content\/uploads\/2019\/11\/87ee934c-c46d-486c-b9c2-f5e58735d668-1068x712.jpg 1068w, https:\/\/laprensacristiana.com\/wp-content\/uploads\/2019\/11\/87ee934c-c46d-486c-b9c2-f5e58735d668-630x420.jpg 630w, https:\/\/laprensacristiana.com\/wp-content\/uploads\/2019\/11\/87ee934c-c46d-486c-b9c2-f5e58735d668-600x400.jpg 600w, https:\/\/laprensacristiana.com\/wp-content\/uploads\/2019\/11\/87ee934c-c46d-486c-b9c2-f5e58735d668.jpg 1280w\" sizes=\"(max-width: 1024px) 100vw, 1024px\" \/><\/figure><\/li><\/ul>\n\n\n\n<p>Esta actividad es un esfuerzo m\u00e1s que las instituciones e iglesias en todo el pa\u00eds realizan para unirse a una sola voz y clamar al Se\u00f1or por un mejor El Salvador. <\/p>\n","protected":false},"excerpt":{"rendered":"<p>En el marco de esta celebraci\u00f3n La Universidad Evang\u00e9lica de El Salvador realiz\u00f3 en sus instalaciones un evento conmemorativo para recordar el decreto legislativo 161 que se celebra desde el a\u00f1o 2003, junto a la asociaci\u00f3n de pastores de Alianza Evang\u00e9lica de El Salvador corroboraron su compromiso para con el pa\u00eds de continuar consolidando las [&hellip;]<\/p>\n","protected":false},"author":3,"featured_media":7369,"comment_status":"open","ping_status":"open","sticky":false,"template":"","format":"standard","meta":[],"categories":[56],"tags":[],"yoast_head":"<!-- This site is optimized with the Yoast SEO plugin v20.8 - https:\/\/yoast.com\/wordpress\/plugins\/seo\/ -->\n<title>Universidad Evang\u00e9lica de El Salvador conmemor\u00f3 el \u201cD\u00eda Nacional de La Oraci\u00f3n\u201d - La Prensa Cristiana<\/title>\n<meta name=\"robots\" content=\"index, follow, max-snippet:-1, max-image-preview:large, max-video-preview:-1\" \/>\n<link rel=\"canonical\" href=\"https:\/\/laprensacristiana.com\/?p=7368\" \/>\n<meta property=\"og:locale\" content=\"es_ES\" \/>\n<meta property=\"og:type\" content=\"article\" \/>\n<meta property=\"og:title\" content=\"Universidad Evang\u00e9lica de El Salvador conmemor\u00f3 el \u201cD\u00eda Nacional de La Oraci\u00f3n\u201d - La Prensa Cristiana\" \/>\n<meta property=\"og:description\" content=\"En el marco de esta celebraci\u00f3n La Universidad Evang\u00e9lica de El Salvador realiz\u00f3 en sus instalaciones un evento conmemorativo para recordar el decreto legislativo 161 que se celebra desde el a\u00f1o 2003, junto a la asociaci\u00f3n de pastores de Alianza Evang\u00e9lica de El Salvador corroboraron su compromiso para con el pa\u00eds de continuar consolidando las [&hellip;]\" \/>\n<meta property=\"og:url\" content=\"https:\/\/laprensacristiana.com\/?p=7368\" \/>\n<meta property=\"og:site_name\" content=\"La Prensa Cristiana\" \/>\n<meta property=\"article:published_time\" content=\"2019-11-23T16:38:16+00:00\" \/>\n<meta property=\"article:modified_time\" content=\"2019-11-23T17:41:36+00:00\" \/>\n<meta property=\"og:image\" content=\"https:\/\/laprensacristiana.com\/wp-content\/uploads\/2019\/11\/25698fc7-a290-4b79-9495-92b98b2f97c4.jpg\" \/>\n\t<meta property=\"og:image:width\" content=\"1280\" \/>\n\t<meta property=\"og:image:height\" content=\"853\" \/>\n\t<meta property=\"og:image:type\" content=\"image\/jpeg\" \/>\n<meta name=\"author\" content=\"EDITOR\" \/>\n<meta name=\"twitter:card\" content=\"summary_large_image\" \/>\n<meta name=\"twitter:label1\" content=\"Escrito por\" \/>\n\t<meta name=\"twitter:data1\" content=\"EDITOR\" \/>\n\t<meta name=\"twitter:label2\" content=\"Tiempo de lectura\" \/>\n\t<meta name=\"twitter:data2\" content=\"4 minutos\" \/>\n<script type=\"application\/ld+json\" class=\"yoast-schema-graph\">{\"@context\":\"https:\/\/schema.org\",\"@graph\":[{\"@type\":\"WebPage\",\"@id\":\"https:\/\/laprensacristiana.com\/?p=7368\",\"url\":\"https:\/\/laprensacristiana.com\/?p=7368\",\"name\":\"Universidad Evang\u00e9lica de El Salvador conmemor\u00f3 el \u201cD\u00eda Nacional de La Oraci\u00f3n\u201d - La Prensa Cristiana\",\"isPartOf\":{\"@id\":\"https:\/\/laprensacristiana.com\/#website\"},\"datePublished\":\"2019-11-23T16:38:16+00:00\",\"dateModified\":\"2019-11-23T17:41:36+00:00\",\"author\":{\"@id\":\"https:\/\/laprensacristiana.com\/#\/schema\/person\/3e7d82c6bfd6b1fa67010f8f7cd5256e\"},\"breadcrumb\":{\"@id\":\"https:\/\/laprensacristiana.com\/?p=7368#breadcrumb\"},\"inLanguage\":\"es\",\"potentialAction\":[{\"@type\":\"ReadAction\",\"target\":[\"https:\/\/laprensacristiana.com\/?p=7368\"]}]},{\"@type\":\"BreadcrumbList\",\"@id\":\"https:\/\/laprensacristiana.com\/?p=7368#breadcrumb\",\"itemListElement\":[{\"@type\":\"ListItem\",\"position\":1,\"name\":\"Portada\",\"item\":\"https:\/\/laprensacristiana.com\/\"},{\"@type\":\"ListItem\",\"position\":2,\"name\":\"Universidad Evang\u00e9lica de El Salvador conmemor\u00f3 el \u201cD\u00eda Nacional de La Oraci\u00f3n\u201d\"}]},{\"@type\":\"WebSite\",\"@id\":\"https:\/\/laprensacristiana.com\/#website\",\"url\":\"https:\/\/laprensacristiana.com\/\",\"name\":\"La Prensa Cristiana\",\"description\":\"Anunciando Las Buenas Nuevas\",\"potentialAction\":[{\"@type\":\"SearchAction\",\"target\":{\"@type\":\"EntryPoint\",\"urlTemplate\":\"https:\/\/laprensacristiana.com\/?s={search_term_string}\"},\"query-input\":\"required name=search_term_string\"}],\"inLanguage\":\"es\"},{\"@type\":\"Person\",\"@id\":\"https:\/\/laprensacristiana.com\/#\/schema\/person\/3e7d82c6bfd6b1fa67010f8f7cd5256e\",\"name\":\"EDITOR\",\"image\":{\"@type\":\"ImageObject\",\"inLanguage\":\"es\",\"@id\":\"https:\/\/laprensacristiana.com\/#\/schema\/person\/image\/\",\"url\":\"https:\/\/secure.gravatar.com\/avatar\/72069dfb6c13772d9e8381e3638666d2?s=96&d=mm&r=g\",\"contentUrl\":\"https:\/\/secure.gravatar.com\/avatar\/72069dfb6c13772d9e8381e3638666d2?s=96&d=mm&r=g\",\"caption\":\"EDITOR\"},\"url\":\"https:\/\/laprensacristiana.com\/?author=3\"}]}<\/script>\n<!-- \/ Yoast SEO plugin. -->","yoast_head_json":{"title":"Universidad Evang\u00e9lica de El Salvador conmemor\u00f3 el \u201cD\u00eda Nacional de La Oraci\u00f3n\u201d - La Prensa Cristiana","robots":{"index":"index","follow":"follow","max-snippet":"max-snippet:-1","max-image-preview":"max-image-preview:large","max-video-preview":"max-video-preview:-1"},"canonical":"https:\/\/laprensacristiana.com\/?p=7368","og_locale":"es_ES","og_type":"article","og_title":"Universidad Evang\u00e9lica de El Salvador conmemor\u00f3 el \u201cD\u00eda Nacional de La Oraci\u00f3n\u201d - La Prensa Cristiana","og_description":"En el marco de esta celebraci\u00f3n La Universidad Evang\u00e9lica de El Salvador realiz\u00f3 en sus instalaciones un evento conmemorativo para recordar el decreto legislativo 161 que se celebra desde el a\u00f1o 2003, junto a la asociaci\u00f3n de pastores de Alianza Evang\u00e9lica de El Salvador corroboraron su compromiso para con el pa\u00eds de continuar consolidando las [&hellip;]","og_url":"https:\/\/laprensacristiana.com\/?p=7368","og_site_name":"La Prensa Cristiana","article_published_time":"2019-11-23T16:38:16+00:00","article_modified_time":"2019-11-23T17:41:36+00:00","og_image":[{"width":1280,"height":853,"url":"https:\/\/laprensacristiana.com\/wp-content\/uploads\/2019\/11\/25698fc7-a290-4b79-9495-92b98b2f97c4.jpg","type":"image\/jpeg"}],"author":"EDITOR","twitter_card":"summary_large_image","twitter_misc":{"Escrito por":"EDITOR","Tiempo de lectura":"4 minutos"},"schema":{"@context":"https:\/\/schema.org","@graph":[{"@type":"WebPage","@id":"https:\/\/laprensacristiana.com\/?p=7368","url":"https:\/\/laprensacristiana.com\/?p=7368","name":"Universidad Evang\u00e9lica de El Salvador conmemor\u00f3 el \u201cD\u00eda Nacional de La Oraci\u00f3n\u201d - La Prensa Cristiana","isPartOf":{"@id":"https:\/\/laprensacristiana.com\/#website"},"datePublished":"2019-11-23T16:38:16+00:00","dateModified":"2019-11-23T17:41:36+00:00","author":{"@id":"https:\/\/laprensacristiana.com\/#\/schema\/person\/3e7d82c6bfd6b1fa67010f8f7cd5256e"},"breadcrumb":{"@id":"https:\/\/laprensacristiana.com\/?p=7368#breadcrumb"},"inLanguage":"es","potentialAction":[{"@type":"ReadAction","target":["https:\/\/laprensacristiana.com\/?p=7368"]}]},{"@type":"BreadcrumbList","@id":"https:\/\/laprensacristiana.com\/?p=7368#breadcrumb","itemListElement":[{"@type":"ListItem","position":1,"name":"Portada","item":"https:\/\/laprensacristiana.com\/"},{"@type":"ListItem","position":2,"name":"Universidad Evang\u00e9lica de El Salvador conmemor\u00f3 el \u201cD\u00eda Nacional de La Oraci\u00f3n\u201d"}]},{"@type":"WebSite","@id":"https:\/\/laprensacristiana.com\/#website","url":"https:\/\/laprensacristiana.com\/","name":"La Prensa Cristiana","description":"Anunciando Las Buenas Nuevas","potentialAction":[{"@type":"SearchAction","target":{"@type":"EntryPoint","urlTemplate":"https:\/\/laprensacristiana.com\/?s={search_term_string}"},"query-input":"required name=search_term_string"}],"inLanguage":"es"},{"@type":"Person","@id":"https:\/\/laprensacristiana.com\/#\/schema\/person\/3e7d82c6bfd6b1fa67010f8f7cd5256e","name":"EDITOR","image":{"@type":"ImageObject","inLanguage":"es","@id":"https:\/\/laprensacristiana.com\/#\/schema\/person\/image\/","url":"https:\/\/secure.gravatar.com\/avatar\/72069dfb6c13772d9e8381e3638666d2?s=96&d=mm&r=g","contentUrl":"https:\/\/secure.gravatar.com\/avatar\/72069dfb6c13772d9e8381e3638666d2?s=96&d=mm&r=g","caption":"EDITOR"},"url":"https:\/\/laprensacristiana.com\/?author=3"}]}},"_links":{"self":[{"href":"https:\/\/laprensacristiana.com\/index.php?rest_route=\/wp\/v2\/posts\/7368"}],"collection":[{"href":"https:\/\/laprensacristiana.com\/index.php?rest_route=\/wp\/v2\/posts"}],"about":[{"href":"https:\/\/laprensacristiana.com\/index.php?rest_route=\/wp\/v2\/types\/post"}],"author":[{"embeddable":true,"href":"https:\/\/laprensacristiana.com\/index.php?rest_route=\/wp\/v2\/users\/3"}],"replies":[{"embeddable":true,"href":"https:\/\/laprensacristiana.com\/index.php?rest_route=%2Fwp%2Fv2%2Fcomments&post=7368"}],"version-history":[{"count":3,"href":"https:\/\/laprensacristiana.com\/index.php?rest_route=\/wp\/v2\/posts\/7368\/revisions"}],"predecessor-version":[{"id":7376,"href":"https:\/\/laprensacristiana.com\/index.php?rest_route=\/wp\/v2\/posts\/7368\/revisions\/7376"}],"wp:featuredmedia":[{"embeddable":true,"href":"https:\/\/laprensacristiana.com\/index.php?rest_route=\/wp\/v2\/media\/7369"}],"wp:attachment":[{"href":"https:\/\/laprensacristiana.com\/index.php?rest_route=%2Fwp%2Fv2%2Fmedia&parent=7368"}],"wp:term":[{"taxonomy":"category","embeddable":true,"href":"https:\/\/laprensacristiana.com\/index.php?rest_route=%2Fwp%2Fv2%2Fcategories&post=7368"},{"taxonomy":"post_tag","embeddable":true,"href":"https:\/\/laprensacristiana.com\/index.php?rest_route=%2Fwp%2Fv2%2Ftags&post=7368"}],"curies":[{"name":"wp","href":"https:\/\/api.w.org\/{rel}","templated":true}]}}