{"id":7393,"date":"2019-11-26T16:12:32","date_gmt":"2019-11-26T16:12:32","guid":{"rendered":"https:\/\/laprensacristiana.com\/?p=7393"},"modified":"2019-11-26T16:12:37","modified_gmt":"2019-11-26T16:12:37","slug":"que-les-estamos-dejando","status":"publish","type":"post","link":"https:\/\/laprensacristiana.com\/?p=7393","title":{"rendered":"\u00bfQue les estamos dejando?"},"content":{"rendered":"\n<p>1 Cr\u00f3nicas 28:8 \u201cDe manera que ahora\u2026\nguardad y buscad todos los mandamientos del SE\u00d1OR vuestro Dios para que pose\u00e1is\nla buena tierra y la dej\u00e9is como heredad a vuestros hijos despu\u00e9s &nbsp;de vosotros para siempre\u201d<\/p>\n\n\n\n<p>Durante muchos a\u00f1os no tuve la fe de\ncomprarme algo nuevo. No lo cuento para que crean que me estoy quejando de mi\nni\u00f1ez y juventud, sino como una base para lo que me interesa tocar en este\nart\u00edculo.<\/p>\n\n\n\n<p>Crec\u00ed en una familia de diez hermanos. Mi\nmam\u00e1 luch\u00f3 y trabaj\u00f3 para que no nos faltara comida y cobijo. Ella sola tuvo\nque hacer malabares para poder llevar pan a nuestra mesa. Fueron tiempos duros.\nCinco hermanas y cinco hermanos. Fui el segundo en la fila y tuve el privilegio\nde estudiar de noche y trabajar durante el d\u00eda para ayudar en los gastos de la\ncasa. Era lo normal y necesario. <\/p>\n\n\n\n<p>Pero esto provoc\u00f3 en mi interior un trauma:\nTodo lo que ganaba se iba para ayudar a mi mam\u00e1 mientras mis hermanos peque\u00f1os\nestudiaban y ten\u00edan lo poco que pod\u00edamos darles ella y yo. Aprend\u00ed entonces\ndesde peque\u00f1o a cumplir con mis deberes como \u201chombre\u201d. Apenas era un\nadolescente y tuve que pasar por ese rumbo. Ese episodio que dur\u00f3 varios a\u00f1os,\nimpregn\u00f3 en m\u00ed un car\u00e1cter responsable ante las necesidades del hogar. Luego,\npor avatares del destino, result\u00e9 siendo padre adoptivo de tres ni\u00f1os. Nacieron\notros cuatro y no fue raro para m\u00ed seguir aportando todo mi salario para el\nsostenimiento de esos ni\u00f1os. La rueda de la vida continu\u00f3 forjando en mi interior\nesa responsabilidad de velar por los dem\u00e1s y quedarme yo de \u00faltimo. Si hab\u00eda,\npor supuesto. Generalmente no quedaba nada. <\/p>\n\n\n\n<p>A la edad de cuarenta a\u00f1os aproximadamente,\ncasado con la bella esposa que Dios puso en mi camino y conociendo ya al Se\u00f1or Jes\u00fas\ncomo mi salvador y restaurador de mi vida, tuve en mis manos por primera vez,\n\u00a1por primera vez! un billete de cien Quetzales solo para m\u00ed. El Se\u00f1or tuvo a\nbien darme una hermosa lecci\u00f3n: \u00c9l estaba empezando a sanar aquel trauma de que\nel sueldo lo recib\u00eda en una mano y se iba por la otra como siempre dec\u00eda mi\nmam\u00e1. Solo que ahora que ya las cosas hab\u00edan cambiado, el dinero se quedaba en\nmi mano para que lo empezara a disfrutar como fruto de mi labor. <\/p>\n\n\n\n<p>Pero, \u00bfc\u00f3mo se gasta un dinero que nunca se\nha tenido? \u00bfEn qu\u00e9 se invierte un salario que nunca hab\u00eda sido propio? \u00bfC\u00f3mo se\ncompra uno un estreno que por muchos a\u00f1os ha estado vedado por las\ncircunstancias de la vida? Aquella ma\u00f1ana, solo, sentado en las bancas de un\ncentro comercial en Guatemala, llor\u00e9 por primera vez de impotencia. Llor\u00e9 de\nangustia y de felicidad al mismo tiempo porque por primera vez en mi vida iba a\ntener el privilegio de disfrutar una parte de mi salario que mi esposa hab\u00eda\ncompartido conmigo.<\/p>\n\n\n\n<p>Hay mucho m\u00e1s que contar, pero basta con\neste bot\u00f3n de muestra para ense\u00f1ar algo que est\u00e1 escondido en el coraz\u00f3n de\nmuchos hombres que desde ni\u00f1os fueron obligados por la vida a comportarse como\n\u201chombres\u201d: Cuesta ser ni\u00f1o cuando Jes\u00fas dice que nos volvamos ni\u00f1os. Es dif\u00edcil\nque un var\u00f3n que ha sido llevado cuesta arriba por la vida, o las necesidades\nde una familia, nunca ha tenido el privilegio de disfrutar el fruto de su\ntrabajo porque en su casa hay necesidades que cubrir. A ese var\u00f3n, convertido\nen un hombre adulto, les aseguro, le ser\u00e1 muy dif\u00edcil comprarse algo para \u00e9l en\nmomentos de abundancia. El trauma grabado en su interior le impedir\u00e1 ir a un\nalmac\u00e9n y con libertad comprarse una buena camisa, un buen par de zapatos o un\ntraje nuevo. No, no es que sea taca\u00f1o. Es que no puede dejar de ser aquel var\u00f3n\nque siempre ve necesidades que cubrir aunque la fe en el Se\u00f1or sea buena en\notros renglones de su conducta.<\/p>\n\n\n\n<p>Puede tener fe en ayudar a otros. Puede\ntener fe en solventar necesidades ajenas. Tiene fe para sembrar incluso en el\nReino de Dios. Pero no tiene fe en invertir en \u00e9l mismo. Y aqu\u00ed entra lo que\nDavid le dice a Israel: \u201cDe manera que ahora, en presencia de todo Israel,\nasamblea del SE\u00d1OR, y a o\u00eddos de nuestro Dios, guardad y buscad todos los\nmandamientos del SE\u00d1OR vuestro Dios para que pose\u00e1is la buena tierra y la dej\u00e9is como heredad\na vuestros hijos despu\u00e9s\u00e9s de vosotros para siempre\u201d \u00bfQu\u00e9 heredad, qu\u00e9 ense\u00f1anza, qu\u00e9\nejemplo o qu\u00e9 incentivos le est\u00e1 dejando hoy usted a sus hijos? \u00bfQu\u00e9 gusto\ntienen sus hijos que ya trabajan para disfrutar parte de su salario? \u00bfLos est\u00e1n\nhaciendo \u201cesposos\u201d de su mam\u00e1, por ejemplo? <\/p>\n\n\n\n<p>\u00bfLes est\u00e1n robando su privilegio de ser\ndignos de su salario desde j\u00f3venes? \u00bfLes est\u00e1 ense\u00f1ando a disfrutar sanamente\nde su privilegio de ser Hijos de Dios qui\u00e9n quiere que disfruten de ser eso,\nHijos de Dios? Padres: No mutilen la fe de sus hijos quit\u00e1ndoles todo su\nsueldo. Dejen en sus manos algo de la cosecha para que vivan vidas plenas y\nsatisfechas de ser ayuda en sus casas, pero no responsables totalmente de ella.\nEl \u00fanico responsable de proveer totalmente se llama Jes\u00fas. Pero el de Nazareth.\nEl que fue a la Cruz por nosotros.<\/p>\n","protected":false},"excerpt":{"rendered":"<p>1 Cr\u00f3nicas 28:8 \u201cDe manera que ahora\u2026 guardad y buscad todos los mandamientos del SE\u00d1OR vuestro Dios para que pose\u00e1is la buena tierra y la dej\u00e9is como heredad a vuestros hijos despu\u00e9s &nbsp;de vosotros para siempre\u201d Durante muchos a\u00f1os no tuve la fe de comprarme algo nuevo. No lo cuento para que crean que me [&hellip;]<\/p>\n","protected":false},"author":3,"featured_media":6421,"comment_status":"open","ping_status":"open","sticky":false,"template":"","format":"standard","meta":[],"categories":[36],"tags":[],"yoast_head":"<!-- This site is optimized with the Yoast SEO plugin v20.8 - https:\/\/yoast.com\/wordpress\/plugins\/seo\/ -->\n<title>\u00bfQue les estamos dejando? - La Prensa Cristiana<\/title>\n<meta name=\"robots\" content=\"index, follow, max-snippet:-1, max-image-preview:large, max-video-preview:-1\" \/>\n<link rel=\"canonical\" href=\"https:\/\/laprensacristiana.com\/?p=7393\" \/>\n<meta property=\"og:locale\" content=\"es_ES\" \/>\n<meta property=\"og:type\" content=\"article\" \/>\n<meta property=\"og:title\" content=\"\u00bfQue les estamos dejando? - La Prensa Cristiana\" \/>\n<meta property=\"og:description\" content=\"1 Cr\u00f3nicas 28:8 \u201cDe manera que ahora\u2026 guardad y buscad todos los mandamientos del SE\u00d1OR vuestro Dios para que pose\u00e1is la buena tierra y la dej\u00e9is como heredad a vuestros hijos despu\u00e9s &nbsp;de vosotros para siempre\u201d Durante muchos a\u00f1os no tuve la fe de comprarme algo nuevo. No lo cuento para que crean que me [&hellip;]\" \/>\n<meta property=\"og:url\" content=\"https:\/\/laprensacristiana.com\/?p=7393\" \/>\n<meta property=\"og:site_name\" content=\"La Prensa Cristiana\" \/>\n<meta property=\"article:published_time\" content=\"2019-11-26T16:12:32+00:00\" \/>\n<meta property=\"article:modified_time\" content=\"2019-11-26T16:12:37+00:00\" \/>\n<meta property=\"og:image\" content=\"https:\/\/laprensacristiana.com\/wp-content\/uploads\/2019\/09\/2017-11-23-PHOTO-00003245-1.jpg\" \/>\n\t<meta property=\"og:image:width\" content=\"1280\" \/>\n\t<meta property=\"og:image:height\" content=\"714\" \/>\n\t<meta property=\"og:image:type\" content=\"image\/jpeg\" \/>\n<meta name=\"author\" content=\"EDITOR\" \/>\n<meta name=\"twitter:card\" content=\"summary_large_image\" \/>\n<meta name=\"twitter:label1\" content=\"Escrito por\" \/>\n\t<meta name=\"twitter:data1\" content=\"EDITOR\" \/>\n\t<meta name=\"twitter:label2\" content=\"Tiempo de lectura\" \/>\n\t<meta name=\"twitter:data2\" content=\"5 minutos\" \/>\n<script type=\"application\/ld+json\" class=\"yoast-schema-graph\">{\"@context\":\"https:\/\/schema.org\",\"@graph\":[{\"@type\":\"WebPage\",\"@id\":\"https:\/\/laprensacristiana.com\/?p=7393\",\"url\":\"https:\/\/laprensacristiana.com\/?p=7393\",\"name\":\"\u00bfQue les estamos dejando? - La Prensa Cristiana\",\"isPartOf\":{\"@id\":\"https:\/\/laprensacristiana.com\/#website\"},\"datePublished\":\"2019-11-26T16:12:32+00:00\",\"dateModified\":\"2019-11-26T16:12:37+00:00\",\"author\":{\"@id\":\"https:\/\/laprensacristiana.com\/#\/schema\/person\/3e7d82c6bfd6b1fa67010f8f7cd5256e\"},\"breadcrumb\":{\"@id\":\"https:\/\/laprensacristiana.com\/?p=7393#breadcrumb\"},\"inLanguage\":\"es\",\"potentialAction\":[{\"@type\":\"ReadAction\",\"target\":[\"https:\/\/laprensacristiana.com\/?p=7393\"]}]},{\"@type\":\"BreadcrumbList\",\"@id\":\"https:\/\/laprensacristiana.com\/?p=7393#breadcrumb\",\"itemListElement\":[{\"@type\":\"ListItem\",\"position\":1,\"name\":\"Portada\",\"item\":\"https:\/\/laprensacristiana.com\/\"},{\"@type\":\"ListItem\",\"position\":2,\"name\":\"\u00bfQue les estamos dejando?\"}]},{\"@type\":\"WebSite\",\"@id\":\"https:\/\/laprensacristiana.com\/#website\",\"url\":\"https:\/\/laprensacristiana.com\/\",\"name\":\"La Prensa Cristiana\",\"description\":\"Anunciando Las Buenas Nuevas\",\"potentialAction\":[{\"@type\":\"SearchAction\",\"target\":{\"@type\":\"EntryPoint\",\"urlTemplate\":\"https:\/\/laprensacristiana.com\/?s={search_term_string}\"},\"query-input\":\"required name=search_term_string\"}],\"inLanguage\":\"es\"},{\"@type\":\"Person\",\"@id\":\"https:\/\/laprensacristiana.com\/#\/schema\/person\/3e7d82c6bfd6b1fa67010f8f7cd5256e\",\"name\":\"EDITOR\",\"image\":{\"@type\":\"ImageObject\",\"inLanguage\":\"es\",\"@id\":\"https:\/\/laprensacristiana.com\/#\/schema\/person\/image\/\",\"url\":\"https:\/\/secure.gravatar.com\/avatar\/72069dfb6c13772d9e8381e3638666d2?s=96&d=mm&r=g\",\"contentUrl\":\"https:\/\/secure.gravatar.com\/avatar\/72069dfb6c13772d9e8381e3638666d2?s=96&d=mm&r=g\",\"caption\":\"EDITOR\"},\"url\":\"https:\/\/laprensacristiana.com\/?author=3\"}]}<\/script>\n<!-- \/ Yoast SEO plugin. -->","yoast_head_json":{"title":"\u00bfQue les estamos dejando? - La Prensa Cristiana","robots":{"index":"index","follow":"follow","max-snippet":"max-snippet:-1","max-image-preview":"max-image-preview:large","max-video-preview":"max-video-preview:-1"},"canonical":"https:\/\/laprensacristiana.com\/?p=7393","og_locale":"es_ES","og_type":"article","og_title":"\u00bfQue les estamos dejando? - La Prensa Cristiana","og_description":"1 Cr\u00f3nicas 28:8 \u201cDe manera que ahora\u2026 guardad y buscad todos los mandamientos del SE\u00d1OR vuestro Dios para que pose\u00e1is la buena tierra y la dej\u00e9is como heredad a vuestros hijos despu\u00e9s &nbsp;de vosotros para siempre\u201d Durante muchos a\u00f1os no tuve la fe de comprarme algo nuevo. No lo cuento para que crean que me [&hellip;]","og_url":"https:\/\/laprensacristiana.com\/?p=7393","og_site_name":"La Prensa Cristiana","article_published_time":"2019-11-26T16:12:32+00:00","article_modified_time":"2019-11-26T16:12:37+00:00","og_image":[{"width":1280,"height":714,"url":"https:\/\/laprensacristiana.com\/wp-content\/uploads\/2019\/09\/2017-11-23-PHOTO-00003245-1.jpg","type":"image\/jpeg"}],"author":"EDITOR","twitter_card":"summary_large_image","twitter_misc":{"Escrito por":"EDITOR","Tiempo de lectura":"5 minutos"},"schema":{"@context":"https:\/\/schema.org","@graph":[{"@type":"WebPage","@id":"https:\/\/laprensacristiana.com\/?p=7393","url":"https:\/\/laprensacristiana.com\/?p=7393","name":"\u00bfQue les estamos dejando? - La Prensa Cristiana","isPartOf":{"@id":"https:\/\/laprensacristiana.com\/#website"},"datePublished":"2019-11-26T16:12:32+00:00","dateModified":"2019-11-26T16:12:37+00:00","author":{"@id":"https:\/\/laprensacristiana.com\/#\/schema\/person\/3e7d82c6bfd6b1fa67010f8f7cd5256e"},"breadcrumb":{"@id":"https:\/\/laprensacristiana.com\/?p=7393#breadcrumb"},"inLanguage":"es","potentialAction":[{"@type":"ReadAction","target":["https:\/\/laprensacristiana.com\/?p=7393"]}]},{"@type":"BreadcrumbList","@id":"https:\/\/laprensacristiana.com\/?p=7393#breadcrumb","itemListElement":[{"@type":"ListItem","position":1,"name":"Portada","item":"https:\/\/laprensacristiana.com\/"},{"@type":"ListItem","position":2,"name":"\u00bfQue les estamos dejando?"}]},{"@type":"WebSite","@id":"https:\/\/laprensacristiana.com\/#website","url":"https:\/\/laprensacristiana.com\/","name":"La Prensa Cristiana","description":"Anunciando Las Buenas Nuevas","potentialAction":[{"@type":"SearchAction","target":{"@type":"EntryPoint","urlTemplate":"https:\/\/laprensacristiana.com\/?s={search_term_string}"},"query-input":"required name=search_term_string"}],"inLanguage":"es"},{"@type":"Person","@id":"https:\/\/laprensacristiana.com\/#\/schema\/person\/3e7d82c6bfd6b1fa67010f8f7cd5256e","name":"EDITOR","image":{"@type":"ImageObject","inLanguage":"es","@id":"https:\/\/laprensacristiana.com\/#\/schema\/person\/image\/","url":"https:\/\/secure.gravatar.com\/avatar\/72069dfb6c13772d9e8381e3638666d2?s=96&d=mm&r=g","contentUrl":"https:\/\/secure.gravatar.com\/avatar\/72069dfb6c13772d9e8381e3638666d2?s=96&d=mm&r=g","caption":"EDITOR"},"url":"https:\/\/laprensacristiana.com\/?author=3"}]}},"_links":{"self":[{"href":"https:\/\/laprensacristiana.com\/index.php?rest_route=\/wp\/v2\/posts\/7393"}],"collection":[{"href":"https:\/\/laprensacristiana.com\/index.php?rest_route=\/wp\/v2\/posts"}],"about":[{"href":"https:\/\/laprensacristiana.com\/index.php?rest_route=\/wp\/v2\/types\/post"}],"author":[{"embeddable":true,"href":"https:\/\/laprensacristiana.com\/index.php?rest_route=\/wp\/v2\/users\/3"}],"replies":[{"embeddable":true,"href":"https:\/\/laprensacristiana.com\/index.php?rest_route=%2Fwp%2Fv2%2Fcomments&post=7393"}],"version-history":[{"count":1,"href":"https:\/\/laprensacristiana.com\/index.php?rest_route=\/wp\/v2\/posts\/7393\/revisions"}],"predecessor-version":[{"id":7394,"href":"https:\/\/laprensacristiana.com\/index.php?rest_route=\/wp\/v2\/posts\/7393\/revisions\/7394"}],"wp:featuredmedia":[{"embeddable":true,"href":"https:\/\/laprensacristiana.com\/index.php?rest_route=\/wp\/v2\/media\/6421"}],"wp:attachment":[{"href":"https:\/\/laprensacristiana.com\/index.php?rest_route=%2Fwp%2Fv2%2Fmedia&parent=7393"}],"wp:term":[{"taxonomy":"category","embeddable":true,"href":"https:\/\/laprensacristiana.com\/index.php?rest_route=%2Fwp%2Fv2%2Fcategories&post=7393"},{"taxonomy":"post_tag","embeddable":true,"href":"https:\/\/laprensacristiana.com\/index.php?rest_route=%2Fwp%2Fv2%2Ftags&post=7393"}],"curies":[{"name":"wp","href":"https:\/\/api.w.org\/{rel}","templated":true}]}}