{"id":7395,"date":"2019-11-26T17:44:29","date_gmt":"2019-11-26T17:44:29","guid":{"rendered":"https:\/\/laprensacristiana.com\/?p=7395"},"modified":"2019-11-26T17:44:32","modified_gmt":"2019-11-26T17:44:32","slug":"convencion-nacional-edc-reunio-a-miles-de-personas-en-el-estadio-cuscatlan","status":"publish","type":"post","link":"https:\/\/laprensacristiana.com\/?p=7395","title":{"rendered":"\u00a1Convenci\u00f3n Nacional EDC! Reuni\u00f3 a miles de personas en el estadio Cuscatl\u00e1n"},"content":{"rendered":"\n<p>Por:  <br>Pep Martinez \/  Corresponsal de FRAHMAD <\/p>\n\n\n\n<p><strong>\u00a1Convencion Nacional EDC! Reuni\u00f3 a miles de personas en el Cuscatl\u00e1n y juntos le dijeron a El Salvador y al mundo que #EstamosApasionadosPorJesus<\/strong><\/p>\n\n\n\n<figure class=\"wp-block-image\"><img decoding=\"async\" loading=\"lazy\" width=\"960\" height=\"640\" src=\"https:\/\/laprensacristiana.com\/wp-content\/uploads\/2019\/11\/78670549_2694837320581466_4913428834138718208_o.jpg\" alt=\"\" class=\"wp-image-7397\" srcset=\"https:\/\/laprensacristiana.com\/wp-content\/uploads\/2019\/11\/78670549_2694837320581466_4913428834138718208_o.jpg 960w, https:\/\/laprensacristiana.com\/wp-content\/uploads\/2019\/11\/78670549_2694837320581466_4913428834138718208_o-300x200.jpg 300w, https:\/\/laprensacristiana.com\/wp-content\/uploads\/2019\/11\/78670549_2694837320581466_4913428834138718208_o-768x512.jpg 768w, https:\/\/laprensacristiana.com\/wp-content\/uploads\/2019\/11\/78670549_2694837320581466_4913428834138718208_o-696x464.jpg 696w, https:\/\/laprensacristiana.com\/wp-content\/uploads\/2019\/11\/78670549_2694837320581466_4913428834138718208_o-630x420.jpg 630w, https:\/\/laprensacristiana.com\/wp-content\/uploads\/2019\/11\/78670549_2694837320581466_4913428834138718208_o-600x400.jpg 600w\" sizes=\"(max-width: 960px) 100vw, 960px\" \/><\/figure>\n\n\n\n<p>Los embajadores de Cristo de Asambleas de Dios El Salvador se unieron el pasado s\u00e1bado 23 de noviembre, \u00a0cuando cerca de 30,000 j\u00f3venes se concentraron en el Estadio Cuscatl\u00e1n, para participar en la <strong>Convenci\u00f3n Nacional<\/strong>, \u201cApasionado por Jes\u00fas\u201d logrando una mobilizacion hist\u00f3rica.<\/p>\n\n\n\n<p>Sin duda fue una noche\nespecial, donde se respiraba un ambiente espiritual que inundaba de gozo , devoci\u00f3n\ny por supuesto fe de los que asistieron a este evento.<\/p>\n\n\n\n<p>En cada participaci\u00f3n en el\nescenario, cada salmista invitado, destacaron el verdadero objetivo del evento\nque era decirle a El Salvador &nbsp;qu\u00e9&nbsp;cada\nEDC esta <strong>#ApasionadosPorJesus <\/strong>y que\nademas debe ser portador de buenas nuevas.<\/p>\n\n\n\n<p>Fue un evento glorioso que\ntuvo palabra de bendici\u00f3n a la vida de miles de congregados.<\/p>\n\n\n\n<p>En el evento participaron: Elyon, CDC, Wil Miron y su banda, Gadiel Espinoza, Marcos Barrientos, Danilo Montero y Alez Zurdo.<\/p>\n\n\n\n<ul class=\"wp-block-gallery columns-3 is-cropped wp-block-gallery-1 is-layout-flex\"><li class=\"blocks-gallery-item\"><figure><img decoding=\"async\" loading=\"lazy\" width=\"960\" height=\"637\" src=\"https:\/\/laprensacristiana.com\/wp-content\/uploads\/2019\/11\/78397604_2694877047244160_658357665444921344_o.jpg\" alt=\"\" data-id=\"7398\" data-link=\"https:\/\/laprensacristiana.com\/?attachment_id=7398\" class=\"wp-image-7398\" srcset=\"https:\/\/laprensacristiana.com\/wp-content\/uploads\/2019\/11\/78397604_2694877047244160_658357665444921344_o.jpg 960w, https:\/\/laprensacristiana.com\/wp-content\/uploads\/2019\/11\/78397604_2694877047244160_658357665444921344_o-300x200.jpg 300w, https:\/\/laprensacristiana.com\/wp-content\/uploads\/2019\/11\/78397604_2694877047244160_658357665444921344_o-768x510.jpg 768w, https:\/\/laprensacristiana.com\/wp-content\/uploads\/2019\/11\/78397604_2694877047244160_658357665444921344_o-696x462.jpg 696w, https:\/\/laprensacristiana.com\/wp-content\/uploads\/2019\/11\/78397604_2694877047244160_658357665444921344_o-633x420.jpg 633w, https:\/\/laprensacristiana.com\/wp-content\/uploads\/2019\/11\/78397604_2694877047244160_658357665444921344_o-600x398.jpg 600w\" sizes=\"(max-width: 960px) 100vw, 960px\" \/><\/figure><\/li><li class=\"blocks-gallery-item\"><figure><img decoding=\"async\" loading=\"lazy\" width=\"960\" height=\"640\" src=\"https:\/\/laprensacristiana.com\/wp-content\/uploads\/2019\/11\/72702870_2694880857243779_2673914976267141120_o.jpg\" alt=\"\" data-id=\"7399\" data-link=\"https:\/\/laprensacristiana.com\/?attachment_id=7399\" class=\"wp-image-7399\" srcset=\"https:\/\/laprensacristiana.com\/wp-content\/uploads\/2019\/11\/72702870_2694880857243779_2673914976267141120_o.jpg 960w, https:\/\/laprensacristiana.com\/wp-content\/uploads\/2019\/11\/72702870_2694880857243779_2673914976267141120_o-300x200.jpg 300w, https:\/\/laprensacristiana.com\/wp-content\/uploads\/2019\/11\/72702870_2694880857243779_2673914976267141120_o-768x512.jpg 768w, https:\/\/laprensacristiana.com\/wp-content\/uploads\/2019\/11\/72702870_2694880857243779_2673914976267141120_o-696x464.jpg 696w, https:\/\/laprensacristiana.com\/wp-content\/uploads\/2019\/11\/72702870_2694880857243779_2673914976267141120_o-630x420.jpg 630w, https:\/\/laprensacristiana.com\/wp-content\/uploads\/2019\/11\/72702870_2694880857243779_2673914976267141120_o-600x400.jpg 600w\" sizes=\"(max-width: 960px) 100vw, 960px\" \/><\/figure><\/li><li class=\"blocks-gallery-item\"><figure><img decoding=\"async\" loading=\"lazy\" width=\"960\" height=\"640\" src=\"https:\/\/laprensacristiana.com\/wp-content\/uploads\/2019\/11\/78489992_2694882533910278_139623661601554432_o.jpg\" alt=\"\" data-id=\"7400\" data-link=\"https:\/\/laprensacristiana.com\/?attachment_id=7400\" class=\"wp-image-7400\" srcset=\"https:\/\/laprensacristiana.com\/wp-content\/uploads\/2019\/11\/78489992_2694882533910278_139623661601554432_o.jpg 960w, https:\/\/laprensacristiana.com\/wp-content\/uploads\/2019\/11\/78489992_2694882533910278_139623661601554432_o-300x200.jpg 300w, https:\/\/laprensacristiana.com\/wp-content\/uploads\/2019\/11\/78489992_2694882533910278_139623661601554432_o-768x512.jpg 768w, https:\/\/laprensacristiana.com\/wp-content\/uploads\/2019\/11\/78489992_2694882533910278_139623661601554432_o-696x464.jpg 696w, https:\/\/laprensacristiana.com\/wp-content\/uploads\/2019\/11\/78489992_2694882533910278_139623661601554432_o-630x420.jpg 630w, https:\/\/laprensacristiana.com\/wp-content\/uploads\/2019\/11\/78489992_2694882533910278_139623661601554432_o-600x400.jpg 600w\" sizes=\"(max-width: 960px) 100vw, 960px\" \/><\/figure><\/li><li class=\"blocks-gallery-item\"><figure><img decoding=\"async\" loading=\"lazy\" width=\"960\" height=\"639\" src=\"https:\/\/laprensacristiana.com\/wp-content\/uploads\/2019\/11\/70930556_2694871837244681_7732907579281506304_o.jpg\" alt=\"\" data-id=\"7401\" data-link=\"https:\/\/laprensacristiana.com\/?attachment_id=7401\" class=\"wp-image-7401\" srcset=\"https:\/\/laprensacristiana.com\/wp-content\/uploads\/2019\/11\/70930556_2694871837244681_7732907579281506304_o.jpg 960w, https:\/\/laprensacristiana.com\/wp-content\/uploads\/2019\/11\/70930556_2694871837244681_7732907579281506304_o-300x200.jpg 300w, https:\/\/laprensacristiana.com\/wp-content\/uploads\/2019\/11\/70930556_2694871837244681_7732907579281506304_o-768x511.jpg 768w, https:\/\/laprensacristiana.com\/wp-content\/uploads\/2019\/11\/70930556_2694871837244681_7732907579281506304_o-696x463.jpg 696w, https:\/\/laprensacristiana.com\/wp-content\/uploads\/2019\/11\/70930556_2694871837244681_7732907579281506304_o-631x420.jpg 631w, https:\/\/laprensacristiana.com\/wp-content\/uploads\/2019\/11\/70930556_2694871837244681_7732907579281506304_o-600x399.jpg 600w\" sizes=\"(max-width: 960px) 100vw, 960px\" \/><\/figure><\/li><\/ul>\n\n\n\n<p>Sin duda este tipo de\neventos genera motivaci\u00f3n para los jovenes salvadore\u00f1os que d\u00eda con d\u00eda reciben\nmucha informaci\u00f3n negativa, pero existe alguien que puede traer paz y bendici\u00f3n\na este pa\u00eds, y es as\u00ed como la voz del miles de EDC de todo el pais un\u00e1nimemente\ndijo:&nbsp;<strong>\u00a1 Si se Pudo ! #VamosPorMas<\/strong><\/p>\n\n\n\n<p>El\npresidente nacional de los embajadores de Cristo Wil Miron dijo: No\nes criticando que se le puede ayudar a un joven sino acompa\u00f1\u00e1ndolo a pelear y vencer\nsus luchas y batallas que a diario enfrenta <strong>#SomosLaFuerzaEDC<\/strong> <strong>#VamosPorMas<\/strong> puntulizo.<\/p>\n\n\n\n<p><\/p>\n\n\n\n<p><\/p>\n","protected":false},"excerpt":{"rendered":"<p>Por: Pep Martinez \/ Corresponsal de FRAHMAD \u00a1Convencion Nacional EDC! Reuni\u00f3 a miles de personas en el Cuscatl\u00e1n y juntos le dijeron a El Salvador y al mundo que #EstamosApasionadosPorJesus Los embajadores de Cristo de Asambleas de Dios El Salvador se unieron el pasado s\u00e1bado 23 de noviembre, \u00a0cuando cerca de 30,000 j\u00f3venes se concentraron [&hellip;]<\/p>\n","protected":false},"author":3,"featured_media":7396,"comment_status":"open","ping_status":"open","sticky":false,"template":"","format":"standard","meta":[],"categories":[56],"tags":[],"yoast_head":"<!-- This site is optimized with the Yoast SEO plugin v20.8 - https:\/\/yoast.com\/wordpress\/plugins\/seo\/ -->\n<title>\u00a1Convenci\u00f3n Nacional EDC! Reuni\u00f3 a miles de personas en el estadio Cuscatl\u00e1n - La Prensa Cristiana<\/title>\n<meta name=\"robots\" content=\"index, follow, max-snippet:-1, max-image-preview:large, max-video-preview:-1\" \/>\n<link rel=\"canonical\" href=\"https:\/\/laprensacristiana.com\/?p=7395\" \/>\n<meta property=\"og:locale\" content=\"es_ES\" \/>\n<meta property=\"og:type\" content=\"article\" \/>\n<meta property=\"og:title\" content=\"\u00a1Convenci\u00f3n Nacional EDC! Reuni\u00f3 a miles de personas en el estadio Cuscatl\u00e1n - La Prensa Cristiana\" \/>\n<meta property=\"og:description\" content=\"Por: Pep Martinez \/ Corresponsal de FRAHMAD \u00a1Convencion Nacional EDC! Reuni\u00f3 a miles de personas en el Cuscatl\u00e1n y juntos le dijeron a El Salvador y al mundo que #EstamosApasionadosPorJesus Los embajadores de Cristo de Asambleas de Dios El Salvador se unieron el pasado s\u00e1bado 23 de noviembre, \u00a0cuando cerca de 30,000 j\u00f3venes se concentraron [&hellip;]\" \/>\n<meta property=\"og:url\" content=\"https:\/\/laprensacristiana.com\/?p=7395\" \/>\n<meta property=\"og:site_name\" content=\"La Prensa Cristiana\" \/>\n<meta property=\"article:published_time\" content=\"2019-11-26T17:44:29+00:00\" \/>\n<meta property=\"article:modified_time\" content=\"2019-11-26T17:44:32+00:00\" \/>\n<meta property=\"og:image\" content=\"https:\/\/laprensacristiana.com\/wp-content\/uploads\/2019\/11\/Portada.jpg\" \/>\n\t<meta property=\"og:image:width\" content=\"960\" \/>\n\t<meta property=\"og:image:height\" content=\"639\" \/>\n\t<meta property=\"og:image:type\" content=\"image\/jpeg\" \/>\n<meta name=\"author\" content=\"EDITOR\" \/>\n<meta name=\"twitter:card\" content=\"summary_large_image\" \/>\n<meta name=\"twitter:label1\" content=\"Escrito por\" \/>\n\t<meta name=\"twitter:data1\" content=\"EDITOR\" \/>\n\t<meta name=\"twitter:label2\" content=\"Tiempo de lectura\" \/>\n\t<meta name=\"twitter:data2\" content=\"1 minuto\" \/>\n<script type=\"application\/ld+json\" class=\"yoast-schema-graph\">{\"@context\":\"https:\/\/schema.org\",\"@graph\":[{\"@type\":\"WebPage\",\"@id\":\"https:\/\/laprensacristiana.com\/?p=7395\",\"url\":\"https:\/\/laprensacristiana.com\/?p=7395\",\"name\":\"\u00a1Convenci\u00f3n Nacional EDC! Reuni\u00f3 a miles de personas en el estadio Cuscatl\u00e1n - La Prensa Cristiana\",\"isPartOf\":{\"@id\":\"https:\/\/laprensacristiana.com\/#website\"},\"datePublished\":\"2019-11-26T17:44:29+00:00\",\"dateModified\":\"2019-11-26T17:44:32+00:00\",\"author\":{\"@id\":\"https:\/\/laprensacristiana.com\/#\/schema\/person\/3e7d82c6bfd6b1fa67010f8f7cd5256e\"},\"breadcrumb\":{\"@id\":\"https:\/\/laprensacristiana.com\/?p=7395#breadcrumb\"},\"inLanguage\":\"es\",\"potentialAction\":[{\"@type\":\"ReadAction\",\"target\":[\"https:\/\/laprensacristiana.com\/?p=7395\"]}]},{\"@type\":\"BreadcrumbList\",\"@id\":\"https:\/\/laprensacristiana.com\/?p=7395#breadcrumb\",\"itemListElement\":[{\"@type\":\"ListItem\",\"position\":1,\"name\":\"Portada\",\"item\":\"https:\/\/laprensacristiana.com\/\"},{\"@type\":\"ListItem\",\"position\":2,\"name\":\"\u00a1Convenci\u00f3n Nacional EDC! Reuni\u00f3 a miles de personas en el estadio Cuscatl\u00e1n\"}]},{\"@type\":\"WebSite\",\"@id\":\"https:\/\/laprensacristiana.com\/#website\",\"url\":\"https:\/\/laprensacristiana.com\/\",\"name\":\"La Prensa Cristiana\",\"description\":\"Anunciando Las Buenas Nuevas\",\"potentialAction\":[{\"@type\":\"SearchAction\",\"target\":{\"@type\":\"EntryPoint\",\"urlTemplate\":\"https:\/\/laprensacristiana.com\/?s={search_term_string}\"},\"query-input\":\"required name=search_term_string\"}],\"inLanguage\":\"es\"},{\"@type\":\"Person\",\"@id\":\"https:\/\/laprensacristiana.com\/#\/schema\/person\/3e7d82c6bfd6b1fa67010f8f7cd5256e\",\"name\":\"EDITOR\",\"image\":{\"@type\":\"ImageObject\",\"inLanguage\":\"es\",\"@id\":\"https:\/\/laprensacristiana.com\/#\/schema\/person\/image\/\",\"url\":\"https:\/\/secure.gravatar.com\/avatar\/72069dfb6c13772d9e8381e3638666d2?s=96&d=mm&r=g\",\"contentUrl\":\"https:\/\/secure.gravatar.com\/avatar\/72069dfb6c13772d9e8381e3638666d2?s=96&d=mm&r=g\",\"caption\":\"EDITOR\"},\"url\":\"https:\/\/laprensacristiana.com\/?author=3\"}]}<\/script>\n<!-- \/ Yoast SEO plugin. -->","yoast_head_json":{"title":"\u00a1Convenci\u00f3n Nacional EDC! Reuni\u00f3 a miles de personas en el estadio Cuscatl\u00e1n - La Prensa Cristiana","robots":{"index":"index","follow":"follow","max-snippet":"max-snippet:-1","max-image-preview":"max-image-preview:large","max-video-preview":"max-video-preview:-1"},"canonical":"https:\/\/laprensacristiana.com\/?p=7395","og_locale":"es_ES","og_type":"article","og_title":"\u00a1Convenci\u00f3n Nacional EDC! Reuni\u00f3 a miles de personas en el estadio Cuscatl\u00e1n - La Prensa Cristiana","og_description":"Por: Pep Martinez \/ Corresponsal de FRAHMAD \u00a1Convencion Nacional EDC! Reuni\u00f3 a miles de personas en el Cuscatl\u00e1n y juntos le dijeron a El Salvador y al mundo que #EstamosApasionadosPorJesus Los embajadores de Cristo de Asambleas de Dios El Salvador se unieron el pasado s\u00e1bado 23 de noviembre, \u00a0cuando cerca de 30,000 j\u00f3venes se concentraron [&hellip;]","og_url":"https:\/\/laprensacristiana.com\/?p=7395","og_site_name":"La Prensa Cristiana","article_published_time":"2019-11-26T17:44:29+00:00","article_modified_time":"2019-11-26T17:44:32+00:00","og_image":[{"width":960,"height":639,"url":"https:\/\/laprensacristiana.com\/wp-content\/uploads\/2019\/11\/Portada.jpg","type":"image\/jpeg"}],"author":"EDITOR","twitter_card":"summary_large_image","twitter_misc":{"Escrito por":"EDITOR","Tiempo de lectura":"1 minuto"},"schema":{"@context":"https:\/\/schema.org","@graph":[{"@type":"WebPage","@id":"https:\/\/laprensacristiana.com\/?p=7395","url":"https:\/\/laprensacristiana.com\/?p=7395","name":"\u00a1Convenci\u00f3n Nacional EDC! Reuni\u00f3 a miles de personas en el estadio Cuscatl\u00e1n - La Prensa Cristiana","isPartOf":{"@id":"https:\/\/laprensacristiana.com\/#website"},"datePublished":"2019-11-26T17:44:29+00:00","dateModified":"2019-11-26T17:44:32+00:00","author":{"@id":"https:\/\/laprensacristiana.com\/#\/schema\/person\/3e7d82c6bfd6b1fa67010f8f7cd5256e"},"breadcrumb":{"@id":"https:\/\/laprensacristiana.com\/?p=7395#breadcrumb"},"inLanguage":"es","potentialAction":[{"@type":"ReadAction","target":["https:\/\/laprensacristiana.com\/?p=7395"]}]},{"@type":"BreadcrumbList","@id":"https:\/\/laprensacristiana.com\/?p=7395#breadcrumb","itemListElement":[{"@type":"ListItem","position":1,"name":"Portada","item":"https:\/\/laprensacristiana.com\/"},{"@type":"ListItem","position":2,"name":"\u00a1Convenci\u00f3n Nacional EDC! Reuni\u00f3 a miles de personas en el estadio Cuscatl\u00e1n"}]},{"@type":"WebSite","@id":"https:\/\/laprensacristiana.com\/#website","url":"https:\/\/laprensacristiana.com\/","name":"La Prensa Cristiana","description":"Anunciando Las Buenas Nuevas","potentialAction":[{"@type":"SearchAction","target":{"@type":"EntryPoint","urlTemplate":"https:\/\/laprensacristiana.com\/?s={search_term_string}"},"query-input":"required name=search_term_string"}],"inLanguage":"es"},{"@type":"Person","@id":"https:\/\/laprensacristiana.com\/#\/schema\/person\/3e7d82c6bfd6b1fa67010f8f7cd5256e","name":"EDITOR","image":{"@type":"ImageObject","inLanguage":"es","@id":"https:\/\/laprensacristiana.com\/#\/schema\/person\/image\/","url":"https:\/\/secure.gravatar.com\/avatar\/72069dfb6c13772d9e8381e3638666d2?s=96&d=mm&r=g","contentUrl":"https:\/\/secure.gravatar.com\/avatar\/72069dfb6c13772d9e8381e3638666d2?s=96&d=mm&r=g","caption":"EDITOR"},"url":"https:\/\/laprensacristiana.com\/?author=3"}]}},"_links":{"self":[{"href":"https:\/\/laprensacristiana.com\/index.php?rest_route=\/wp\/v2\/posts\/7395"}],"collection":[{"href":"https:\/\/laprensacristiana.com\/index.php?rest_route=\/wp\/v2\/posts"}],"about":[{"href":"https:\/\/laprensacristiana.com\/index.php?rest_route=\/wp\/v2\/types\/post"}],"author":[{"embeddable":true,"href":"https:\/\/laprensacristiana.com\/index.php?rest_route=\/wp\/v2\/users\/3"}],"replies":[{"embeddable":true,"href":"https:\/\/laprensacristiana.com\/index.php?rest_route=%2Fwp%2Fv2%2Fcomments&post=7395"}],"version-history":[{"count":1,"href":"https:\/\/laprensacristiana.com\/index.php?rest_route=\/wp\/v2\/posts\/7395\/revisions"}],"predecessor-version":[{"id":7402,"href":"https:\/\/laprensacristiana.com\/index.php?rest_route=\/wp\/v2\/posts\/7395\/revisions\/7402"}],"wp:featuredmedia":[{"embeddable":true,"href":"https:\/\/laprensacristiana.com\/index.php?rest_route=\/wp\/v2\/media\/7396"}],"wp:attachment":[{"href":"https:\/\/laprensacristiana.com\/index.php?rest_route=%2Fwp%2Fv2%2Fmedia&parent=7395"}],"wp:term":[{"taxonomy":"category","embeddable":true,"href":"https:\/\/laprensacristiana.com\/index.php?rest_route=%2Fwp%2Fv2%2Fcategories&post=7395"},{"taxonomy":"post_tag","embeddable":true,"href":"https:\/\/laprensacristiana.com\/index.php?rest_route=%2Fwp%2Fv2%2Ftags&post=7395"}],"curies":[{"name":"wp","href":"https:\/\/api.w.org\/{rel}","templated":true}]}}