{"id":7405,"date":"2019-11-29T22:19:05","date_gmt":"2019-11-29T22:19:05","guid":{"rendered":"https:\/\/laprensacristiana.com\/?p=7405"},"modified":"2019-11-29T22:19:08","modified_gmt":"2019-11-29T22:19:08","slug":"el-pensamiento-de-los-padres-de-la-iglesia","status":"publish","type":"post","link":"https:\/\/laprensacristiana.com\/?p=7405","title":{"rendered":"El pensamiento de los Padres de la Iglesia"},"content":{"rendered":"\n<p>Hist\u00f3ricamente se conocen como Padres de la\nIglesia a los sucesores de los ap\u00f3stoles que siguieron ense\u00f1ando la verdad del\nevangelio que los mismos ap\u00f3stoles hab\u00edan ense\u00f1ado y que era garant\u00eda de ser\nverdadera porque se apegaba con certeza a lo que el Nuevo Testamento revelaba.<\/p>\n\n\n\n<p>Entre los Padres de la Iglesia m\u00e1s antiguos\nest\u00e1 Policarpo de Esmirna, quien fue disc\u00edpulo del ap\u00f3stol Juan y de quien la\nhistoria certifica que vivi\u00f3 una vida similar en testimonio a la de los\nap\u00f3stoles. Parece que los Padres de la Iglesia m\u00e1s relevantes no s\u00f3lo han\ntenido una ense\u00f1anza espiritual correcta sino una vida ejemplar que mostraba\nobediencia hasta la muerte. Muchos fueron m\u00e1rtires por Cristo como Ignacio de\nAntioqu\u00eda, cuya historia como la de Policarpo, registra el martirio cruel, como\nlo sufrieron muchos disc\u00edpulos.<\/p>\n\n\n\n<p>Pero, \u00bfQu\u00e9 ense\u00f1aban estos hombres de Dios?\n\u00bfPorqu\u00e9 es importante conocer su legado? Siempre es necesario examinar las\nense\u00f1anzas de los l\u00edderes de cualquier congregaci\u00f3n cristiana. No solamente su\nteolog\u00eda y doctrina sino tambi\u00e9n qu\u00e9 ense\u00f1an con su ejemplo de vida.Ya sabemos\nque fue el ap\u00f3stol Pablo el instrumento que Dios us\u00f3 para definir la correcta\nteolog\u00eda b\u00edblica apost\u00f3lica. Sus ep\u00edstolas est\u00e1n llenas de profundas ense\u00f1anzas\nque no todos tienen capacidad de entender. La doctrina de los ap\u00f3stoles, la\nsana doctrina ten\u00eda que continuar ense\u00f1\u00e1ndose, y s\u00f3lo hombres verdaderamente\nconstituidos por Dios ser\u00edan capaces de cumplir esa gran responsabilidad.<\/p>\n\n\n\n<p>El azote mayor para la iglesia, despu\u00e9s de la\nmuerte de los ap\u00f3stoles era la persecuci\u00f3n romana y la judaizante. Pero tambi\u00e9n\nexist\u00eda el gnosticismo y el paganismo romano, que desde fuera amenazaban\npermanentemente a la iglesia. Adem\u00e1s, desde dentro de la iglesia se entromet\u00edan\nlobos vestidos de <\/p>\n\n\n\n<p>ovejas, que ense\u00f1aban doctrinas her\u00e9ticas,\ncomo Marcion, quien siendo un obispo, lleg\u00f3 a negar la divinidad de Jes\u00fas. Y\notro azote era la discusi\u00f3n por la autoridad. El asunto de la autoridad fue\nenfrentado por Clemente de Roma en una ep\u00edstola a los Corintios, pero sin reclamar\npara el mismo autoridad de Dios.<\/p>\n\n\n\n<p>Pero no todos los llamados Padres de la\niglesia son dignos de total confianza. Recordemos que el \u00fanico que gu\u00eda a la\niglesia a toda verdad,no es un hombre,sino el Esp\u00edritu Santo. Por tanto, todo\naquel que reclame anunciar el&nbsp; evangelio\nverdadero, tiene que vivir como el Se\u00f1or dijo,en el Esp\u00edritu.<\/p>\n\n\n\n<p>Hombres de mente brillante como Agust\u00edn de\nHipona, gozan de credibilidad porque mostraron un testimonio de hombres\ntransformados por el poder del evangelio que anuncian. Sin embargo, no quiere\ndecir que sus ense\u00f1anzas son intocables o que todo lo que escribieron son\nverdades absolutas.<\/p>\n\n\n\n<p>La iglesia ha necesitado siempre l\u00edderes\nconstituidos por Dios para dar referencia exacta de la verdad. Pablo sab\u00eda que\ndespu\u00e9s de su partida, la iglesia de Efeso ser\u00eda invadida por falsos pastores y\nmaestros que no perdonar\u00edan al reba\u00f1o. Hoy es urgente reconocer que estamos\nbajo la amenaza del error,como est\u00e1 profetizado. La serpiente se ha introducido\nen muchas congregaciones y es necesario, como lo fue en la antig\u00fcedad,\nreferentes espirituales dignos de confianza por el amor, la verdad y pasi\u00f3n\nhasta la muerte por Cristo como lo hicieron los Padres Apost\u00f3licos de la\nIglesia.<\/p>\n\n\n\n<p>Oremos que seamos nosotros esos hombres que no\ndudar\u00e1n entregar su propia vida por amor a la verdad, por amor a Cristo.<\/p>\n","protected":false},"excerpt":{"rendered":"<p>Hist\u00f3ricamente se conocen como Padres de la Iglesia a los sucesores de los ap\u00f3stoles que siguieron ense\u00f1ando la verdad del evangelio que los mismos ap\u00f3stoles hab\u00edan ense\u00f1ado y que era garant\u00eda de ser verdadera porque se apegaba con certeza a lo que el Nuevo Testamento revelaba. Entre los Padres de la Iglesia m\u00e1s antiguos est\u00e1 [&hellip;]<\/p>\n","protected":false},"author":3,"featured_media":7309,"comment_status":"open","ping_status":"open","sticky":false,"template":"","format":"standard","meta":[],"categories":[69],"tags":[],"yoast_head":"<!-- This site is optimized with the Yoast SEO plugin v20.8 - https:\/\/yoast.com\/wordpress\/plugins\/seo\/ -->\n<title>El pensamiento de los Padres de la Iglesia - La Prensa Cristiana<\/title>\n<meta name=\"robots\" content=\"index, follow, max-snippet:-1, max-image-preview:large, max-video-preview:-1\" \/>\n<link rel=\"canonical\" href=\"https:\/\/laprensacristiana.com\/?p=7405\" \/>\n<meta property=\"og:locale\" content=\"es_ES\" \/>\n<meta property=\"og:type\" content=\"article\" \/>\n<meta property=\"og:title\" content=\"El pensamiento de los Padres de la Iglesia - La Prensa Cristiana\" \/>\n<meta property=\"og:description\" content=\"Hist\u00f3ricamente se conocen como Padres de la Iglesia a los sucesores de los ap\u00f3stoles que siguieron ense\u00f1ando la verdad del evangelio que los mismos ap\u00f3stoles hab\u00edan ense\u00f1ado y que era garant\u00eda de ser verdadera porque se apegaba con certeza a lo que el Nuevo Testamento revelaba. Entre los Padres de la Iglesia m\u00e1s antiguos est\u00e1 [&hellip;]\" \/>\n<meta property=\"og:url\" content=\"https:\/\/laprensacristiana.com\/?p=7405\" \/>\n<meta property=\"og:site_name\" content=\"La Prensa Cristiana\" \/>\n<meta property=\"article:published_time\" content=\"2019-11-29T22:19:05+00:00\" \/>\n<meta property=\"article:modified_time\" content=\"2019-11-29T22:19:08+00:00\" \/>\n<meta property=\"og:image\" content=\"https:\/\/laprensacristiana.com\/wp-content\/uploads\/2019\/11\/WhatsApp-Image-2019-08-21-at-10.53.02.jpeg\" \/>\n\t<meta property=\"og:image:width\" content=\"1280\" \/>\n\t<meta property=\"og:image:height\" content=\"647\" \/>\n\t<meta property=\"og:image:type\" content=\"image\/jpeg\" \/>\n<meta name=\"author\" content=\"EDITOR\" \/>\n<meta name=\"twitter:card\" content=\"summary_large_image\" \/>\n<meta name=\"twitter:label1\" content=\"Escrito por\" \/>\n\t<meta name=\"twitter:data1\" content=\"EDITOR\" \/>\n\t<meta name=\"twitter:label2\" content=\"Tiempo de lectura\" \/>\n\t<meta name=\"twitter:data2\" content=\"3 minutos\" \/>\n<script type=\"application\/ld+json\" class=\"yoast-schema-graph\">{\"@context\":\"https:\/\/schema.org\",\"@graph\":[{\"@type\":\"WebPage\",\"@id\":\"https:\/\/laprensacristiana.com\/?p=7405\",\"url\":\"https:\/\/laprensacristiana.com\/?p=7405\",\"name\":\"El pensamiento de los Padres de la Iglesia - La Prensa Cristiana\",\"isPartOf\":{\"@id\":\"https:\/\/laprensacristiana.com\/#website\"},\"datePublished\":\"2019-11-29T22:19:05+00:00\",\"dateModified\":\"2019-11-29T22:19:08+00:00\",\"author\":{\"@id\":\"https:\/\/laprensacristiana.com\/#\/schema\/person\/3e7d82c6bfd6b1fa67010f8f7cd5256e\"},\"breadcrumb\":{\"@id\":\"https:\/\/laprensacristiana.com\/?p=7405#breadcrumb\"},\"inLanguage\":\"es\",\"potentialAction\":[{\"@type\":\"ReadAction\",\"target\":[\"https:\/\/laprensacristiana.com\/?p=7405\"]}]},{\"@type\":\"BreadcrumbList\",\"@id\":\"https:\/\/laprensacristiana.com\/?p=7405#breadcrumb\",\"itemListElement\":[{\"@type\":\"ListItem\",\"position\":1,\"name\":\"Portada\",\"item\":\"https:\/\/laprensacristiana.com\/\"},{\"@type\":\"ListItem\",\"position\":2,\"name\":\"El pensamiento de los Padres de la Iglesia\"}]},{\"@type\":\"WebSite\",\"@id\":\"https:\/\/laprensacristiana.com\/#website\",\"url\":\"https:\/\/laprensacristiana.com\/\",\"name\":\"La Prensa Cristiana\",\"description\":\"Anunciando Las Buenas Nuevas\",\"potentialAction\":[{\"@type\":\"SearchAction\",\"target\":{\"@type\":\"EntryPoint\",\"urlTemplate\":\"https:\/\/laprensacristiana.com\/?s={search_term_string}\"},\"query-input\":\"required name=search_term_string\"}],\"inLanguage\":\"es\"},{\"@type\":\"Person\",\"@id\":\"https:\/\/laprensacristiana.com\/#\/schema\/person\/3e7d82c6bfd6b1fa67010f8f7cd5256e\",\"name\":\"EDITOR\",\"image\":{\"@type\":\"ImageObject\",\"inLanguage\":\"es\",\"@id\":\"https:\/\/laprensacristiana.com\/#\/schema\/person\/image\/\",\"url\":\"https:\/\/secure.gravatar.com\/avatar\/72069dfb6c13772d9e8381e3638666d2?s=96&d=mm&r=g\",\"contentUrl\":\"https:\/\/secure.gravatar.com\/avatar\/72069dfb6c13772d9e8381e3638666d2?s=96&d=mm&r=g\",\"caption\":\"EDITOR\"},\"url\":\"https:\/\/laprensacristiana.com\/?author=3\"}]}<\/script>\n<!-- \/ Yoast SEO plugin. -->","yoast_head_json":{"title":"El pensamiento de los Padres de la Iglesia - La Prensa Cristiana","robots":{"index":"index","follow":"follow","max-snippet":"max-snippet:-1","max-image-preview":"max-image-preview:large","max-video-preview":"max-video-preview:-1"},"canonical":"https:\/\/laprensacristiana.com\/?p=7405","og_locale":"es_ES","og_type":"article","og_title":"El pensamiento de los Padres de la Iglesia - La Prensa Cristiana","og_description":"Hist\u00f3ricamente se conocen como Padres de la Iglesia a los sucesores de los ap\u00f3stoles que siguieron ense\u00f1ando la verdad del evangelio que los mismos ap\u00f3stoles hab\u00edan ense\u00f1ado y que era garant\u00eda de ser verdadera porque se apegaba con certeza a lo que el Nuevo Testamento revelaba. Entre los Padres de la Iglesia m\u00e1s antiguos est\u00e1 [&hellip;]","og_url":"https:\/\/laprensacristiana.com\/?p=7405","og_site_name":"La Prensa Cristiana","article_published_time":"2019-11-29T22:19:05+00:00","article_modified_time":"2019-11-29T22:19:08+00:00","og_image":[{"width":1280,"height":647,"url":"https:\/\/laprensacristiana.com\/wp-content\/uploads\/2019\/11\/WhatsApp-Image-2019-08-21-at-10.53.02.jpeg","type":"image\/jpeg"}],"author":"EDITOR","twitter_card":"summary_large_image","twitter_misc":{"Escrito por":"EDITOR","Tiempo de lectura":"3 minutos"},"schema":{"@context":"https:\/\/schema.org","@graph":[{"@type":"WebPage","@id":"https:\/\/laprensacristiana.com\/?p=7405","url":"https:\/\/laprensacristiana.com\/?p=7405","name":"El pensamiento de los Padres de la Iglesia - La Prensa Cristiana","isPartOf":{"@id":"https:\/\/laprensacristiana.com\/#website"},"datePublished":"2019-11-29T22:19:05+00:00","dateModified":"2019-11-29T22:19:08+00:00","author":{"@id":"https:\/\/laprensacristiana.com\/#\/schema\/person\/3e7d82c6bfd6b1fa67010f8f7cd5256e"},"breadcrumb":{"@id":"https:\/\/laprensacristiana.com\/?p=7405#breadcrumb"},"inLanguage":"es","potentialAction":[{"@type":"ReadAction","target":["https:\/\/laprensacristiana.com\/?p=7405"]}]},{"@type":"BreadcrumbList","@id":"https:\/\/laprensacristiana.com\/?p=7405#breadcrumb","itemListElement":[{"@type":"ListItem","position":1,"name":"Portada","item":"https:\/\/laprensacristiana.com\/"},{"@type":"ListItem","position":2,"name":"El pensamiento de los Padres de la Iglesia"}]},{"@type":"WebSite","@id":"https:\/\/laprensacristiana.com\/#website","url":"https:\/\/laprensacristiana.com\/","name":"La Prensa Cristiana","description":"Anunciando Las Buenas Nuevas","potentialAction":[{"@type":"SearchAction","target":{"@type":"EntryPoint","urlTemplate":"https:\/\/laprensacristiana.com\/?s={search_term_string}"},"query-input":"required name=search_term_string"}],"inLanguage":"es"},{"@type":"Person","@id":"https:\/\/laprensacristiana.com\/#\/schema\/person\/3e7d82c6bfd6b1fa67010f8f7cd5256e","name":"EDITOR","image":{"@type":"ImageObject","inLanguage":"es","@id":"https:\/\/laprensacristiana.com\/#\/schema\/person\/image\/","url":"https:\/\/secure.gravatar.com\/avatar\/72069dfb6c13772d9e8381e3638666d2?s=96&d=mm&r=g","contentUrl":"https:\/\/secure.gravatar.com\/avatar\/72069dfb6c13772d9e8381e3638666d2?s=96&d=mm&r=g","caption":"EDITOR"},"url":"https:\/\/laprensacristiana.com\/?author=3"}]}},"_links":{"self":[{"href":"https:\/\/laprensacristiana.com\/index.php?rest_route=\/wp\/v2\/posts\/7405"}],"collection":[{"href":"https:\/\/laprensacristiana.com\/index.php?rest_route=\/wp\/v2\/posts"}],"about":[{"href":"https:\/\/laprensacristiana.com\/index.php?rest_route=\/wp\/v2\/types\/post"}],"author":[{"embeddable":true,"href":"https:\/\/laprensacristiana.com\/index.php?rest_route=\/wp\/v2\/users\/3"}],"replies":[{"embeddable":true,"href":"https:\/\/laprensacristiana.com\/index.php?rest_route=%2Fwp%2Fv2%2Fcomments&post=7405"}],"version-history":[{"count":1,"href":"https:\/\/laprensacristiana.com\/index.php?rest_route=\/wp\/v2\/posts\/7405\/revisions"}],"predecessor-version":[{"id":7406,"href":"https:\/\/laprensacristiana.com\/index.php?rest_route=\/wp\/v2\/posts\/7405\/revisions\/7406"}],"wp:featuredmedia":[{"embeddable":true,"href":"https:\/\/laprensacristiana.com\/index.php?rest_route=\/wp\/v2\/media\/7309"}],"wp:attachment":[{"href":"https:\/\/laprensacristiana.com\/index.php?rest_route=%2Fwp%2Fv2%2Fmedia&parent=7405"}],"wp:term":[{"taxonomy":"category","embeddable":true,"href":"https:\/\/laprensacristiana.com\/index.php?rest_route=%2Fwp%2Fv2%2Fcategories&post=7405"},{"taxonomy":"post_tag","embeddable":true,"href":"https:\/\/laprensacristiana.com\/index.php?rest_route=%2Fwp%2Fv2%2Ftags&post=7405"}],"curies":[{"name":"wp","href":"https:\/\/api.w.org\/{rel}","templated":true}]}}