{"id":7407,"date":"2019-11-29T23:37:56","date_gmt":"2019-11-29T23:37:56","guid":{"rendered":"https:\/\/laprensacristiana.com\/?p=7407"},"modified":"2019-11-29T23:37:59","modified_gmt":"2019-11-29T23:37:59","slug":"elyon-el-dios-altisimo-banda-salvadorena","status":"publish","type":"post","link":"https:\/\/laprensacristiana.com\/?p=7407","title":{"rendered":"ELYON (El Dios Alt\u00edsimo) Banda Salvadore\u00f1a"},"content":{"rendered":"\n<p>Por:  <strong>Pep Martinez \/ <\/strong>Corresponsal de FRAHMAD <\/p>\n\n\n\n<p>Nace el 25 de Junio del 2017 en Ciudad de Guatemala mediante un llamado de Dios al coraz\u00f3n de sus fundadores y directores. De esa forma adoptan la visi\u00f3n en El Salvador todos sus integrantes y que cuidadosamente Dios ha puesto en el transcurso del tiempo. Con esto Dios los lleva a grabar su primera producci\u00f3n titulada: \u00abTU ERES SANTO\u00bbque incluye 7 temas y de los cuales cada uno ha sido inspirado por Dios. <\/p>\n\n\n\n<figure class=\"wp-block-image\"><img decoding=\"async\" loading=\"lazy\" width=\"959\" height=\"640\" src=\"https:\/\/laprensacristiana.com\/wp-content\/uploads\/2019\/11\/78062077_812122935884059_1170512041383821312_o.jpg\" alt=\"\" class=\"wp-image-7408\" srcset=\"https:\/\/laprensacristiana.com\/wp-content\/uploads\/2019\/11\/78062077_812122935884059_1170512041383821312_o.jpg 959w, https:\/\/laprensacristiana.com\/wp-content\/uploads\/2019\/11\/78062077_812122935884059_1170512041383821312_o-300x200.jpg 300w, https:\/\/laprensacristiana.com\/wp-content\/uploads\/2019\/11\/78062077_812122935884059_1170512041383821312_o-768x513.jpg 768w, https:\/\/laprensacristiana.com\/wp-content\/uploads\/2019\/11\/78062077_812122935884059_1170512041383821312_o-696x464.jpg 696w, https:\/\/laprensacristiana.com\/wp-content\/uploads\/2019\/11\/78062077_812122935884059_1170512041383821312_o-629x420.jpg 629w, https:\/\/laprensacristiana.com\/wp-content\/uploads\/2019\/11\/78062077_812122935884059_1170512041383821312_o-600x400.jpg 600w\" sizes=\"(max-width: 959px) 100vw, 959px\" \/><\/figure>\n\n\n\n<p>Haciendo el lanzamiento del\nalbum el 1 de Junio del 2019 en la Iglesia Jos\u00fae Sonsonate con mas de 500\npersonas; iniciaron el Tour en toda la zona de Sonsonate que es de d\u00f3nde son\noriginarios, de esta forma, a la fecha visitaron casi todo El Salvador,\nllevando su m\u00fasica a cada uno de los medios de comunicaci\u00f3n; adem\u00e1s ingresaron\npor medio de su m\u00fasica a pa\u00edses como Guatemala y Honduras, y en las plataformas\ndigitales tienen oyentes desde Europa, Norteam\u00e9rica, Suramerica y Centro\nAm\u00e9rica En los \u00faltimos d\u00edas visitaron algunos departamentos como: Ahuachap\u00e1n,\nSanta Ana y San Salvador, estando en \u00e9ste \u00faltimo en uno de los escenarios m\u00e1s\ngrandes de El Salvador, el Estadio Cuscatl\u00e1n, adorando con mas de 30000 j\u00f3venes\nde todo El Salvador y Centro Am\u00e9rica, llevando con ellos su m\u00fasica que los\nmotiva a la adoraci\u00f3n al Dios Alt\u00edsimo. <\/p>\n\n\n\n<p>Ellos piden a los j\u00f3venes\nno dejar de creer en Dios y que mediten en su palabra d\u00eda a d\u00eda que en ella\nencontrar\u00e1n la verdad y que ante todo no dejen de creer en lo que Dios puede\nhacer por medio de sus vidas. <\/p>\n\n\n\n<p>La banda est\u00e1 corformada por: Vinicio Flores (Director Musical y Bateria), Abner Monroy (Guitarra), Aldair Castillo (Bajo), Gerson Jim\u00e9nez (Pianos), David Rivas (Vocalista) y Kevin Ca\u00f1as (Productor).<\/p>\n\n\n\n<figure class=\"wp-block-image\"><img decoding=\"async\" loading=\"lazy\" width=\"959\" height=\"640\" src=\"https:\/\/laprensacristiana.com\/wp-content\/uploads\/2019\/11\/79078348_812121272550892_680650465561542656_o.jpg\" alt=\"\" class=\"wp-image-7410\" srcset=\"https:\/\/laprensacristiana.com\/wp-content\/uploads\/2019\/11\/79078348_812121272550892_680650465561542656_o.jpg 959w, https:\/\/laprensacristiana.com\/wp-content\/uploads\/2019\/11\/79078348_812121272550892_680650465561542656_o-300x200.jpg 300w, https:\/\/laprensacristiana.com\/wp-content\/uploads\/2019\/11\/79078348_812121272550892_680650465561542656_o-768x513.jpg 768w, https:\/\/laprensacristiana.com\/wp-content\/uploads\/2019\/11\/79078348_812121272550892_680650465561542656_o-696x464.jpg 696w, https:\/\/laprensacristiana.com\/wp-content\/uploads\/2019\/11\/79078348_812121272550892_680650465561542656_o-629x420.jpg 629w, https:\/\/laprensacristiana.com\/wp-content\/uploads\/2019\/11\/79078348_812121272550892_680650465561542656_o-600x400.jpg 600w\" sizes=\"(max-width: 959px) 100vw, 959px\" \/><\/figure>\n\n\n\n<p><\/p>\n","protected":false},"excerpt":{"rendered":"<p>Por: Pep Martinez \/ Corresponsal de FRAHMAD Nace el 25 de Junio del 2017 en Ciudad de Guatemala mediante un llamado de Dios al coraz\u00f3n de sus fundadores y directores. De esa forma adoptan la visi\u00f3n en El Salvador todos sus integrantes y que cuidadosamente Dios ha puesto en el transcurso del tiempo. Con esto [&hellip;]<\/p>\n","protected":false},"author":3,"featured_media":7409,"comment_status":"open","ping_status":"open","sticky":false,"template":"","format":"standard","meta":[],"categories":[56],"tags":[],"yoast_head":"<!-- This site is optimized with the Yoast SEO plugin v20.8 - https:\/\/yoast.com\/wordpress\/plugins\/seo\/ -->\n<title>ELYON (El Dios Alt\u00edsimo) Banda Salvadore\u00f1a - La Prensa Cristiana<\/title>\n<meta name=\"robots\" content=\"index, follow, max-snippet:-1, max-image-preview:large, max-video-preview:-1\" \/>\n<link rel=\"canonical\" href=\"https:\/\/laprensacristiana.com\/?p=7407\" \/>\n<meta property=\"og:locale\" content=\"es_ES\" \/>\n<meta property=\"og:type\" content=\"article\" \/>\n<meta property=\"og:title\" content=\"ELYON (El Dios Alt\u00edsimo) Banda Salvadore\u00f1a - La Prensa Cristiana\" \/>\n<meta property=\"og:description\" content=\"Por: Pep Martinez \/ Corresponsal de FRAHMAD Nace el 25 de Junio del 2017 en Ciudad de Guatemala mediante un llamado de Dios al coraz\u00f3n de sus fundadores y directores. De esa forma adoptan la visi\u00f3n en El Salvador todos sus integrantes y que cuidadosamente Dios ha puesto en el transcurso del tiempo. Con esto [&hellip;]\" \/>\n<meta property=\"og:url\" content=\"https:\/\/laprensacristiana.com\/?p=7407\" \/>\n<meta property=\"og:site_name\" content=\"La Prensa Cristiana\" \/>\n<meta property=\"article:published_time\" content=\"2019-11-29T23:37:56+00:00\" \/>\n<meta property=\"article:modified_time\" content=\"2019-11-29T23:37:59+00:00\" \/>\n<meta property=\"og:image\" content=\"https:\/\/laprensacristiana.com\/wp-content\/uploads\/2019\/11\/78558817_812121332550886_8607717049390596096_o.jpg\" \/>\n\t<meta property=\"og:image:width\" content=\"959\" \/>\n\t<meta property=\"og:image:height\" content=\"640\" \/>\n\t<meta property=\"og:image:type\" content=\"image\/jpeg\" \/>\n<meta name=\"author\" content=\"EDITOR\" \/>\n<meta name=\"twitter:card\" content=\"summary_large_image\" \/>\n<meta name=\"twitter:label1\" content=\"Escrito por\" \/>\n\t<meta name=\"twitter:data1\" content=\"EDITOR\" \/>\n\t<meta name=\"twitter:label2\" content=\"Tiempo de lectura\" \/>\n\t<meta name=\"twitter:data2\" content=\"2 minutos\" \/>\n<script type=\"application\/ld+json\" class=\"yoast-schema-graph\">{\"@context\":\"https:\/\/schema.org\",\"@graph\":[{\"@type\":\"WebPage\",\"@id\":\"https:\/\/laprensacristiana.com\/?p=7407\",\"url\":\"https:\/\/laprensacristiana.com\/?p=7407\",\"name\":\"ELYON (El Dios Alt\u00edsimo) Banda Salvadore\u00f1a - La Prensa Cristiana\",\"isPartOf\":{\"@id\":\"https:\/\/laprensacristiana.com\/#website\"},\"datePublished\":\"2019-11-29T23:37:56+00:00\",\"dateModified\":\"2019-11-29T23:37:59+00:00\",\"author\":{\"@id\":\"https:\/\/laprensacristiana.com\/#\/schema\/person\/3e7d82c6bfd6b1fa67010f8f7cd5256e\"},\"breadcrumb\":{\"@id\":\"https:\/\/laprensacristiana.com\/?p=7407#breadcrumb\"},\"inLanguage\":\"es\",\"potentialAction\":[{\"@type\":\"ReadAction\",\"target\":[\"https:\/\/laprensacristiana.com\/?p=7407\"]}]},{\"@type\":\"BreadcrumbList\",\"@id\":\"https:\/\/laprensacristiana.com\/?p=7407#breadcrumb\",\"itemListElement\":[{\"@type\":\"ListItem\",\"position\":1,\"name\":\"Portada\",\"item\":\"https:\/\/laprensacristiana.com\/\"},{\"@type\":\"ListItem\",\"position\":2,\"name\":\"ELYON (El Dios Alt\u00edsimo) Banda Salvadore\u00f1a\"}]},{\"@type\":\"WebSite\",\"@id\":\"https:\/\/laprensacristiana.com\/#website\",\"url\":\"https:\/\/laprensacristiana.com\/\",\"name\":\"La Prensa Cristiana\",\"description\":\"Anunciando Las Buenas Nuevas\",\"potentialAction\":[{\"@type\":\"SearchAction\",\"target\":{\"@type\":\"EntryPoint\",\"urlTemplate\":\"https:\/\/laprensacristiana.com\/?s={search_term_string}\"},\"query-input\":\"required name=search_term_string\"}],\"inLanguage\":\"es\"},{\"@type\":\"Person\",\"@id\":\"https:\/\/laprensacristiana.com\/#\/schema\/person\/3e7d82c6bfd6b1fa67010f8f7cd5256e\",\"name\":\"EDITOR\",\"image\":{\"@type\":\"ImageObject\",\"inLanguage\":\"es\",\"@id\":\"https:\/\/laprensacristiana.com\/#\/schema\/person\/image\/\",\"url\":\"https:\/\/secure.gravatar.com\/avatar\/72069dfb6c13772d9e8381e3638666d2?s=96&d=mm&r=g\",\"contentUrl\":\"https:\/\/secure.gravatar.com\/avatar\/72069dfb6c13772d9e8381e3638666d2?s=96&d=mm&r=g\",\"caption\":\"EDITOR\"},\"url\":\"https:\/\/laprensacristiana.com\/?author=3\"}]}<\/script>\n<!-- \/ Yoast SEO plugin. -->","yoast_head_json":{"title":"ELYON (El Dios Alt\u00edsimo) Banda Salvadore\u00f1a - La Prensa Cristiana","robots":{"index":"index","follow":"follow","max-snippet":"max-snippet:-1","max-image-preview":"max-image-preview:large","max-video-preview":"max-video-preview:-1"},"canonical":"https:\/\/laprensacristiana.com\/?p=7407","og_locale":"es_ES","og_type":"article","og_title":"ELYON (El Dios Alt\u00edsimo) Banda Salvadore\u00f1a - La Prensa Cristiana","og_description":"Por: Pep Martinez \/ Corresponsal de FRAHMAD Nace el 25 de Junio del 2017 en Ciudad de Guatemala mediante un llamado de Dios al coraz\u00f3n de sus fundadores y directores. De esa forma adoptan la visi\u00f3n en El Salvador todos sus integrantes y que cuidadosamente Dios ha puesto en el transcurso del tiempo. Con esto [&hellip;]","og_url":"https:\/\/laprensacristiana.com\/?p=7407","og_site_name":"La Prensa Cristiana","article_published_time":"2019-11-29T23:37:56+00:00","article_modified_time":"2019-11-29T23:37:59+00:00","og_image":[{"width":959,"height":640,"url":"https:\/\/laprensacristiana.com\/wp-content\/uploads\/2019\/11\/78558817_812121332550886_8607717049390596096_o.jpg","type":"image\/jpeg"}],"author":"EDITOR","twitter_card":"summary_large_image","twitter_misc":{"Escrito por":"EDITOR","Tiempo de lectura":"2 minutos"},"schema":{"@context":"https:\/\/schema.org","@graph":[{"@type":"WebPage","@id":"https:\/\/laprensacristiana.com\/?p=7407","url":"https:\/\/laprensacristiana.com\/?p=7407","name":"ELYON (El Dios Alt\u00edsimo) Banda Salvadore\u00f1a - La Prensa Cristiana","isPartOf":{"@id":"https:\/\/laprensacristiana.com\/#website"},"datePublished":"2019-11-29T23:37:56+00:00","dateModified":"2019-11-29T23:37:59+00:00","author":{"@id":"https:\/\/laprensacristiana.com\/#\/schema\/person\/3e7d82c6bfd6b1fa67010f8f7cd5256e"},"breadcrumb":{"@id":"https:\/\/laprensacristiana.com\/?p=7407#breadcrumb"},"inLanguage":"es","potentialAction":[{"@type":"ReadAction","target":["https:\/\/laprensacristiana.com\/?p=7407"]}]},{"@type":"BreadcrumbList","@id":"https:\/\/laprensacristiana.com\/?p=7407#breadcrumb","itemListElement":[{"@type":"ListItem","position":1,"name":"Portada","item":"https:\/\/laprensacristiana.com\/"},{"@type":"ListItem","position":2,"name":"ELYON (El Dios Alt\u00edsimo) Banda Salvadore\u00f1a"}]},{"@type":"WebSite","@id":"https:\/\/laprensacristiana.com\/#website","url":"https:\/\/laprensacristiana.com\/","name":"La Prensa Cristiana","description":"Anunciando Las Buenas Nuevas","potentialAction":[{"@type":"SearchAction","target":{"@type":"EntryPoint","urlTemplate":"https:\/\/laprensacristiana.com\/?s={search_term_string}"},"query-input":"required name=search_term_string"}],"inLanguage":"es"},{"@type":"Person","@id":"https:\/\/laprensacristiana.com\/#\/schema\/person\/3e7d82c6bfd6b1fa67010f8f7cd5256e","name":"EDITOR","image":{"@type":"ImageObject","inLanguage":"es","@id":"https:\/\/laprensacristiana.com\/#\/schema\/person\/image\/","url":"https:\/\/secure.gravatar.com\/avatar\/72069dfb6c13772d9e8381e3638666d2?s=96&d=mm&r=g","contentUrl":"https:\/\/secure.gravatar.com\/avatar\/72069dfb6c13772d9e8381e3638666d2?s=96&d=mm&r=g","caption":"EDITOR"},"url":"https:\/\/laprensacristiana.com\/?author=3"}]}},"_links":{"self":[{"href":"https:\/\/laprensacristiana.com\/index.php?rest_route=\/wp\/v2\/posts\/7407"}],"collection":[{"href":"https:\/\/laprensacristiana.com\/index.php?rest_route=\/wp\/v2\/posts"}],"about":[{"href":"https:\/\/laprensacristiana.com\/index.php?rest_route=\/wp\/v2\/types\/post"}],"author":[{"embeddable":true,"href":"https:\/\/laprensacristiana.com\/index.php?rest_route=\/wp\/v2\/users\/3"}],"replies":[{"embeddable":true,"href":"https:\/\/laprensacristiana.com\/index.php?rest_route=%2Fwp%2Fv2%2Fcomments&post=7407"}],"version-history":[{"count":1,"href":"https:\/\/laprensacristiana.com\/index.php?rest_route=\/wp\/v2\/posts\/7407\/revisions"}],"predecessor-version":[{"id":7411,"href":"https:\/\/laprensacristiana.com\/index.php?rest_route=\/wp\/v2\/posts\/7407\/revisions\/7411"}],"wp:featuredmedia":[{"embeddable":true,"href":"https:\/\/laprensacristiana.com\/index.php?rest_route=\/wp\/v2\/media\/7409"}],"wp:attachment":[{"href":"https:\/\/laprensacristiana.com\/index.php?rest_route=%2Fwp%2Fv2%2Fmedia&parent=7407"}],"wp:term":[{"taxonomy":"category","embeddable":true,"href":"https:\/\/laprensacristiana.com\/index.php?rest_route=%2Fwp%2Fv2%2Fcategories&post=7407"},{"taxonomy":"post_tag","embeddable":true,"href":"https:\/\/laprensacristiana.com\/index.php?rest_route=%2Fwp%2Fv2%2Ftags&post=7407"}],"curies":[{"name":"wp","href":"https:\/\/api.w.org\/{rel}","templated":true}]}}