{"id":7413,"date":"2019-12-03T16:05:33","date_gmt":"2019-12-03T16:05:33","guid":{"rendered":"https:\/\/laprensacristiana.com\/?p=7413"},"modified":"2019-12-03T16:05:37","modified_gmt":"2019-12-03T16:05:37","slug":"cuidado-con-estas-fechas","status":"publish","type":"post","link":"https:\/\/laprensacristiana.com\/?p=7413","title":{"rendered":"\u00a1Cuidado con estas fechas!"},"content":{"rendered":"\n<p>1 Cr\u00f3nicas 29:1\n\u201c\u2026porque el templo no es para hombre, sino para el SE\u00d1OR Dios\u201d<\/p>\n\n\n\n<p>Bueno, a riesgo de ser\njuzgado legalista, demasiado ortodoxo y exagerado, me atrevo a sacar unas\nperlas de este verso.<\/p>\n\n\n\n<p>Si la Palabra dice que\nnosotros somos Templo y Morada del Se\u00f1or: \u00bfQu\u00e9 estamos haciendo con Su Templo?\n\u00bfC\u00f3mo lo estamos tratando? \u00bfQu\u00e9 clase de cosas le introducimos a trav\u00e9s de los\nojos, la boca, las emociones?<\/p>\n\n\n\n<p>Hay un pasaje en las\nEscrituras que nos cuentan que cuando Israel estaba en el exilio, el Templo\nqued\u00f3 abandonado. Se llen\u00f3 de basura dentro de sus ambientes, las paredes\nquedaron expuestas a los rigores de la humedad y empezaron a caer por pedazos\nlos dinteles de las puertas y todo lo dem\u00e1s. Hasta que Dios mismo toc\u00f3 el\ncoraz\u00f3n de un rey incr\u00e9dulo para que alguien fuera a Jerusal\u00e9n a reconstruir la\nmorada de su Dios.<\/p>\n\n\n\n<p>Se acercan fechas en\nque muchos templos humanos quedar\u00e1n descuidados por la ignorancia de lo que\nsomos los cristianos. D\u00eda tras d\u00eda, fiesta tras fiesta, despedidas de a\u00f1o,\ndespedidas de vacaciones, convivios a granel, citas a ciegas, moteles,\nadulterios, borracheras y toda clase de bacanales ir\u00e1n destruyendo poco a poco\nla santidad de muchos que durante el a\u00f1o vivieron cobijados bajo los techos de\nlas iglesias en donde tambi\u00e9n se hacen esa clase de fiestas.&nbsp; No se nos ha ense\u00f1ado a respetar, honrar y\ncuidar con esmero el Templo de Dios en qui\u00e9n decimos creer. <\/p>\n\n\n\n<p>Muchas se\u00f1oritas que\ntrabajan en empresas de lujo, en comercios que les exigen asistir a sus\ndespedidas de a\u00f1o mostrar\u00e1n m\u00e1s de lo que deben del Templo de Dios que es su\ncuerpo. Si el Templo de Jerusal\u00e9n era cerrado a los ojos de los gentiles, \u00bfpor\nqu\u00e9 nosotros permitimos que nuestras hijas muestren lo que hay dentro de su\ncuerpo que le pertenece al Se\u00f1or? Si el Dios del Templo antiguo era tan celoso\nde su intimidad, \u00bfqu\u00e9 ha sucedido hoy con los templos vivos que somos nosotros?\n<\/p>\n\n\n\n<p>Creo que la Iglesia,\nlos l\u00edderes, padres y pastores le estamos fallando a Dios. No estamos\ninstruyendo al pueblo que dice que lo adora, que lo honra y lo respeta en los\ncantos, pr\u00e9dicas y ministerios, pero a la menor libertad de estas fechas todo\nse vuelve un caos. Desorden en las vestimentas, en las conductas, la pureza se\npierde y la santidad se olvida. O se esconde bajo la mantelina para volverla a\nlucir en enero.<\/p>\n\n\n\n<p>Hacen falta aquella\ncasta de sacerdotes que exigieron al pueblo que volviera a las sendas antiguas.\nHacen falta aquel linaje sacerdotal que incluso prohibieron a aquellos que se\nhab\u00edan casado con mujeres gentiles las dejaran con tal de volver a ser lo que\ndeb\u00edan haber sido. Hacen falta aquellos sacerdotes que le exigieron a Sambalat\nque abandonara&nbsp; el Templo de Dios que\nestaba utilizando despu\u00e9s de haberse opuesto a su reconstrucci\u00f3n. <\/p>\n\n\n\n<p>Bien. \u00bfQui\u00e9nes somos\nlos culpables de todo esto? Los l\u00edderes. Pero especialmente se extiende a los l\u00edderes\ndel hogar que son los padres. Son ellos quienes se han comportado\npermisivamente con sus hijos que quieren que sean cristianos y temerosos de\nDios, pero para estas estaciones les permiten que se vayan con sus novias y\nnovios a disfrutar su juventud sin velar porque lo hagan sanamente. Permiten\nque sus hijos se mezclen con el mundo, con las modas que les apartan del camino\ndel Se\u00f1or.<\/p>\n\n\n\n<p>Es por eso que David,\nantes de entregarle el cetro a su hijo Salom\u00f3n, rog\u00f3 al Se\u00f1or que le hab\u00eda\nperdonado, restaurado, levantado y honrado, que hiciera un favor bien grande en\nla vida de su heredero. \u00bfSe lo muestro? 1 Cr\u00f3nicas 29:19 \u201cy da a mi hijo Salom\u00f3n un coraz\u00f3n perfecto para que guarde tus mandamientos, tus testimonios y\ntus estatutos, para que los cumpla todos y edifique el templo\u201d<\/p>\n\n\n\n<p>\u00bfCu\u00e1ntos padres o\nmadres hacen esta oraci\u00f3n que dicen adorar al Se\u00f1or en las iglesias pero en su\ncasa adoran a sus hijos? \u00bfCuantos padres o madres claman porque en estas fechas\nsus hijos anden en santidad y apartados de toda contaminaci\u00f3n? \u00bfCuantos padres\ny madres se esmeran porque sus hijos e hijas cuiden el Templo y Morada del\nEsp\u00edritu Santo? O, es mejor obedecer lo que dicen los sic\u00f3logos de hoy:\n\u201cD\u00e9jenlos vivir su juventud, no los asfixien\u201d. \u00bfQu\u00e9 hubiera dicho David de\nesto? O, mejor a\u00fan: \u00bfQu\u00e9 dir\u00e1 Dios de todo esto?<\/p>\n","protected":false},"excerpt":{"rendered":"<p>1 Cr\u00f3nicas 29:1 \u201c\u2026porque el templo no es para hombre, sino para el SE\u00d1OR Dios\u201d Bueno, a riesgo de ser juzgado legalista, demasiado ortodoxo y exagerado, me atrevo a sacar unas perlas de este verso. Si la Palabra dice que nosotros somos Templo y Morada del Se\u00f1or: \u00bfQu\u00e9 estamos haciendo con Su Templo? \u00bfC\u00f3mo lo [&hellip;]<\/p>\n","protected":false},"author":3,"featured_media":6421,"comment_status":"open","ping_status":"open","sticky":false,"template":"","format":"standard","meta":[],"categories":[36],"tags":[],"yoast_head":"<!-- This site is optimized with the Yoast SEO plugin v20.8 - https:\/\/yoast.com\/wordpress\/plugins\/seo\/ -->\n<title>\u00a1Cuidado con estas fechas! - La Prensa Cristiana<\/title>\n<meta name=\"robots\" content=\"index, follow, max-snippet:-1, max-image-preview:large, max-video-preview:-1\" \/>\n<link rel=\"canonical\" href=\"https:\/\/laprensacristiana.com\/?p=7413\" \/>\n<meta property=\"og:locale\" content=\"es_ES\" \/>\n<meta property=\"og:type\" content=\"article\" \/>\n<meta property=\"og:title\" content=\"\u00a1Cuidado con estas fechas! - La Prensa Cristiana\" \/>\n<meta property=\"og:description\" content=\"1 Cr\u00f3nicas 29:1 \u201c\u2026porque el templo no es para hombre, sino para el SE\u00d1OR Dios\u201d Bueno, a riesgo de ser juzgado legalista, demasiado ortodoxo y exagerado, me atrevo a sacar unas perlas de este verso. Si la Palabra dice que nosotros somos Templo y Morada del Se\u00f1or: \u00bfQu\u00e9 estamos haciendo con Su Templo? \u00bfC\u00f3mo lo [&hellip;]\" \/>\n<meta property=\"og:url\" content=\"https:\/\/laprensacristiana.com\/?p=7413\" \/>\n<meta property=\"og:site_name\" content=\"La Prensa Cristiana\" \/>\n<meta property=\"article:published_time\" content=\"2019-12-03T16:05:33+00:00\" \/>\n<meta property=\"article:modified_time\" content=\"2019-12-03T16:05:37+00:00\" \/>\n<meta property=\"og:image\" content=\"https:\/\/laprensacristiana.com\/wp-content\/uploads\/2019\/09\/2017-11-23-PHOTO-00003245-1.jpg\" \/>\n\t<meta property=\"og:image:width\" content=\"1280\" \/>\n\t<meta property=\"og:image:height\" content=\"714\" \/>\n\t<meta property=\"og:image:type\" content=\"image\/jpeg\" \/>\n<meta name=\"author\" content=\"EDITOR\" \/>\n<meta name=\"twitter:card\" content=\"summary_large_image\" \/>\n<meta name=\"twitter:label1\" content=\"Escrito por\" \/>\n\t<meta name=\"twitter:data1\" content=\"EDITOR\" \/>\n\t<meta name=\"twitter:label2\" content=\"Tiempo de lectura\" \/>\n\t<meta name=\"twitter:data2\" content=\"4 minutos\" \/>\n<script type=\"application\/ld+json\" class=\"yoast-schema-graph\">{\"@context\":\"https:\/\/schema.org\",\"@graph\":[{\"@type\":\"WebPage\",\"@id\":\"https:\/\/laprensacristiana.com\/?p=7413\",\"url\":\"https:\/\/laprensacristiana.com\/?p=7413\",\"name\":\"\u00a1Cuidado con estas fechas! - La Prensa Cristiana\",\"isPartOf\":{\"@id\":\"https:\/\/laprensacristiana.com\/#website\"},\"datePublished\":\"2019-12-03T16:05:33+00:00\",\"dateModified\":\"2019-12-03T16:05:37+00:00\",\"author\":{\"@id\":\"https:\/\/laprensacristiana.com\/#\/schema\/person\/3e7d82c6bfd6b1fa67010f8f7cd5256e\"},\"breadcrumb\":{\"@id\":\"https:\/\/laprensacristiana.com\/?p=7413#breadcrumb\"},\"inLanguage\":\"es\",\"potentialAction\":[{\"@type\":\"ReadAction\",\"target\":[\"https:\/\/laprensacristiana.com\/?p=7413\"]}]},{\"@type\":\"BreadcrumbList\",\"@id\":\"https:\/\/laprensacristiana.com\/?p=7413#breadcrumb\",\"itemListElement\":[{\"@type\":\"ListItem\",\"position\":1,\"name\":\"Portada\",\"item\":\"https:\/\/laprensacristiana.com\/\"},{\"@type\":\"ListItem\",\"position\":2,\"name\":\"\u00a1Cuidado con estas fechas!\"}]},{\"@type\":\"WebSite\",\"@id\":\"https:\/\/laprensacristiana.com\/#website\",\"url\":\"https:\/\/laprensacristiana.com\/\",\"name\":\"La Prensa Cristiana\",\"description\":\"Anunciando Las Buenas Nuevas\",\"potentialAction\":[{\"@type\":\"SearchAction\",\"target\":{\"@type\":\"EntryPoint\",\"urlTemplate\":\"https:\/\/laprensacristiana.com\/?s={search_term_string}\"},\"query-input\":\"required name=search_term_string\"}],\"inLanguage\":\"es\"},{\"@type\":\"Person\",\"@id\":\"https:\/\/laprensacristiana.com\/#\/schema\/person\/3e7d82c6bfd6b1fa67010f8f7cd5256e\",\"name\":\"EDITOR\",\"image\":{\"@type\":\"ImageObject\",\"inLanguage\":\"es\",\"@id\":\"https:\/\/laprensacristiana.com\/#\/schema\/person\/image\/\",\"url\":\"https:\/\/secure.gravatar.com\/avatar\/72069dfb6c13772d9e8381e3638666d2?s=96&d=mm&r=g\",\"contentUrl\":\"https:\/\/secure.gravatar.com\/avatar\/72069dfb6c13772d9e8381e3638666d2?s=96&d=mm&r=g\",\"caption\":\"EDITOR\"},\"url\":\"https:\/\/laprensacristiana.com\/?author=3\"}]}<\/script>\n<!-- \/ Yoast SEO plugin. -->","yoast_head_json":{"title":"\u00a1Cuidado con estas fechas! - La Prensa Cristiana","robots":{"index":"index","follow":"follow","max-snippet":"max-snippet:-1","max-image-preview":"max-image-preview:large","max-video-preview":"max-video-preview:-1"},"canonical":"https:\/\/laprensacristiana.com\/?p=7413","og_locale":"es_ES","og_type":"article","og_title":"\u00a1Cuidado con estas fechas! - La Prensa Cristiana","og_description":"1 Cr\u00f3nicas 29:1 \u201c\u2026porque el templo no es para hombre, sino para el SE\u00d1OR Dios\u201d Bueno, a riesgo de ser juzgado legalista, demasiado ortodoxo y exagerado, me atrevo a sacar unas perlas de este verso. Si la Palabra dice que nosotros somos Templo y Morada del Se\u00f1or: \u00bfQu\u00e9 estamos haciendo con Su Templo? \u00bfC\u00f3mo lo [&hellip;]","og_url":"https:\/\/laprensacristiana.com\/?p=7413","og_site_name":"La Prensa Cristiana","article_published_time":"2019-12-03T16:05:33+00:00","article_modified_time":"2019-12-03T16:05:37+00:00","og_image":[{"width":1280,"height":714,"url":"https:\/\/laprensacristiana.com\/wp-content\/uploads\/2019\/09\/2017-11-23-PHOTO-00003245-1.jpg","type":"image\/jpeg"}],"author":"EDITOR","twitter_card":"summary_large_image","twitter_misc":{"Escrito por":"EDITOR","Tiempo de lectura":"4 minutos"},"schema":{"@context":"https:\/\/schema.org","@graph":[{"@type":"WebPage","@id":"https:\/\/laprensacristiana.com\/?p=7413","url":"https:\/\/laprensacristiana.com\/?p=7413","name":"\u00a1Cuidado con estas fechas! - La Prensa Cristiana","isPartOf":{"@id":"https:\/\/laprensacristiana.com\/#website"},"datePublished":"2019-12-03T16:05:33+00:00","dateModified":"2019-12-03T16:05:37+00:00","author":{"@id":"https:\/\/laprensacristiana.com\/#\/schema\/person\/3e7d82c6bfd6b1fa67010f8f7cd5256e"},"breadcrumb":{"@id":"https:\/\/laprensacristiana.com\/?p=7413#breadcrumb"},"inLanguage":"es","potentialAction":[{"@type":"ReadAction","target":["https:\/\/laprensacristiana.com\/?p=7413"]}]},{"@type":"BreadcrumbList","@id":"https:\/\/laprensacristiana.com\/?p=7413#breadcrumb","itemListElement":[{"@type":"ListItem","position":1,"name":"Portada","item":"https:\/\/laprensacristiana.com\/"},{"@type":"ListItem","position":2,"name":"\u00a1Cuidado con estas fechas!"}]},{"@type":"WebSite","@id":"https:\/\/laprensacristiana.com\/#website","url":"https:\/\/laprensacristiana.com\/","name":"La Prensa Cristiana","description":"Anunciando Las Buenas Nuevas","potentialAction":[{"@type":"SearchAction","target":{"@type":"EntryPoint","urlTemplate":"https:\/\/laprensacristiana.com\/?s={search_term_string}"},"query-input":"required name=search_term_string"}],"inLanguage":"es"},{"@type":"Person","@id":"https:\/\/laprensacristiana.com\/#\/schema\/person\/3e7d82c6bfd6b1fa67010f8f7cd5256e","name":"EDITOR","image":{"@type":"ImageObject","inLanguage":"es","@id":"https:\/\/laprensacristiana.com\/#\/schema\/person\/image\/","url":"https:\/\/secure.gravatar.com\/avatar\/72069dfb6c13772d9e8381e3638666d2?s=96&d=mm&r=g","contentUrl":"https:\/\/secure.gravatar.com\/avatar\/72069dfb6c13772d9e8381e3638666d2?s=96&d=mm&r=g","caption":"EDITOR"},"url":"https:\/\/laprensacristiana.com\/?author=3"}]}},"_links":{"self":[{"href":"https:\/\/laprensacristiana.com\/index.php?rest_route=\/wp\/v2\/posts\/7413"}],"collection":[{"href":"https:\/\/laprensacristiana.com\/index.php?rest_route=\/wp\/v2\/posts"}],"about":[{"href":"https:\/\/laprensacristiana.com\/index.php?rest_route=\/wp\/v2\/types\/post"}],"author":[{"embeddable":true,"href":"https:\/\/laprensacristiana.com\/index.php?rest_route=\/wp\/v2\/users\/3"}],"replies":[{"embeddable":true,"href":"https:\/\/laprensacristiana.com\/index.php?rest_route=%2Fwp%2Fv2%2Fcomments&post=7413"}],"version-history":[{"count":1,"href":"https:\/\/laprensacristiana.com\/index.php?rest_route=\/wp\/v2\/posts\/7413\/revisions"}],"predecessor-version":[{"id":7414,"href":"https:\/\/laprensacristiana.com\/index.php?rest_route=\/wp\/v2\/posts\/7413\/revisions\/7414"}],"wp:featuredmedia":[{"embeddable":true,"href":"https:\/\/laprensacristiana.com\/index.php?rest_route=\/wp\/v2\/media\/6421"}],"wp:attachment":[{"href":"https:\/\/laprensacristiana.com\/index.php?rest_route=%2Fwp%2Fv2%2Fmedia&parent=7413"}],"wp:term":[{"taxonomy":"category","embeddable":true,"href":"https:\/\/laprensacristiana.com\/index.php?rest_route=%2Fwp%2Fv2%2Fcategories&post=7413"},{"taxonomy":"post_tag","embeddable":true,"href":"https:\/\/laprensacristiana.com\/index.php?rest_route=%2Fwp%2Fv2%2Ftags&post=7413"}],"curies":[{"name":"wp","href":"https:\/\/api.w.org\/{rel}","templated":true}]}}