{"id":7415,"date":"2019-12-03T17:39:01","date_gmt":"2019-12-03T17:39:01","guid":{"rendered":"https:\/\/laprensacristiana.com\/?p=7415"},"modified":"2019-12-03T17:39:05","modified_gmt":"2019-12-03T17:39:05","slug":"ninos-y-jovenes-marchan-por-un-alto-a-la-violencia-en-quezaltepeque","status":"publish","type":"post","link":"https:\/\/laprensacristiana.com\/?p=7415","title":{"rendered":"Ni\u00f1os y j\u00f3venes marchan por un alto a la violencia en Quezaltepeque"},"content":{"rendered":"\n<p>La ma\u00f1ana del d\u00eda 30 de noviembre ni\u00f1os, j\u00f3venes y adultos recorrieron las calles principales de la colonia Las Palmeras en calle antigua a Nejapa, Quezaltepeque, en el departamento de La Libertad, para decir un \u201cNo a la violencia\u201d y proclamar el evangelio de Cristo a los habitantes de dicho lugar.<\/p>\n\n\n\n<ul class=\"wp-block-gallery columns-2 is-cropped wp-block-gallery-1 is-layout-flex\"><li class=\"blocks-gallery-item\"><figure><img decoding=\"async\" loading=\"lazy\" width=\"1024\" height=\"768\" src=\"https:\/\/laprensacristiana.com\/wp-content\/uploads\/2019\/12\/61bc4c95-094d-4e9e-b2dc-2b27121be859-1024x768.jpg\" alt=\"\" data-id=\"7417\" data-link=\"https:\/\/laprensacristiana.com\/?attachment_id=7417\" class=\"wp-image-7417\" srcset=\"https:\/\/laprensacristiana.com\/wp-content\/uploads\/2019\/12\/61bc4c95-094d-4e9e-b2dc-2b27121be859-1024x768.jpg 1024w, https:\/\/laprensacristiana.com\/wp-content\/uploads\/2019\/12\/61bc4c95-094d-4e9e-b2dc-2b27121be859-300x225.jpg 300w, https:\/\/laprensacristiana.com\/wp-content\/uploads\/2019\/12\/61bc4c95-094d-4e9e-b2dc-2b27121be859-768x576.jpg 768w, https:\/\/laprensacristiana.com\/wp-content\/uploads\/2019\/12\/61bc4c95-094d-4e9e-b2dc-2b27121be859-80x60.jpg 80w, https:\/\/laprensacristiana.com\/wp-content\/uploads\/2019\/12\/61bc4c95-094d-4e9e-b2dc-2b27121be859-265x198.jpg 265w, https:\/\/laprensacristiana.com\/wp-content\/uploads\/2019\/12\/61bc4c95-094d-4e9e-b2dc-2b27121be859-696x522.jpg 696w, https:\/\/laprensacristiana.com\/wp-content\/uploads\/2019\/12\/61bc4c95-094d-4e9e-b2dc-2b27121be859-560x420.jpg 560w, https:\/\/laprensacristiana.com\/wp-content\/uploads\/2019\/12\/61bc4c95-094d-4e9e-b2dc-2b27121be859-600x450.jpg 600w, https:\/\/laprensacristiana.com\/wp-content\/uploads\/2019\/12\/61bc4c95-094d-4e9e-b2dc-2b27121be859.jpg 1032w\" sizes=\"(max-width: 1024px) 100vw, 1024px\" \/><\/figure><\/li><li class=\"blocks-gallery-item\"><figure><img decoding=\"async\" loading=\"lazy\" width=\"1024\" height=\"768\" src=\"https:\/\/laprensacristiana.com\/wp-content\/uploads\/2019\/12\/5a44e31e-c552-4453-b52f-8ef5ba3a0e6d-1024x768.jpg\" alt=\"\" data-id=\"7418\" data-link=\"https:\/\/laprensacristiana.com\/?attachment_id=7418\" class=\"wp-image-7418\" srcset=\"https:\/\/laprensacristiana.com\/wp-content\/uploads\/2019\/12\/5a44e31e-c552-4453-b52f-8ef5ba3a0e6d-1024x768.jpg 1024w, https:\/\/laprensacristiana.com\/wp-content\/uploads\/2019\/12\/5a44e31e-c552-4453-b52f-8ef5ba3a0e6d-300x225.jpg 300w, https:\/\/laprensacristiana.com\/wp-content\/uploads\/2019\/12\/5a44e31e-c552-4453-b52f-8ef5ba3a0e6d-768x576.jpg 768w, https:\/\/laprensacristiana.com\/wp-content\/uploads\/2019\/12\/5a44e31e-c552-4453-b52f-8ef5ba3a0e6d-80x60.jpg 80w, https:\/\/laprensacristiana.com\/wp-content\/uploads\/2019\/12\/5a44e31e-c552-4453-b52f-8ef5ba3a0e6d-265x198.jpg 265w, https:\/\/laprensacristiana.com\/wp-content\/uploads\/2019\/12\/5a44e31e-c552-4453-b52f-8ef5ba3a0e6d-696x522.jpg 696w, https:\/\/laprensacristiana.com\/wp-content\/uploads\/2019\/12\/5a44e31e-c552-4453-b52f-8ef5ba3a0e6d-560x420.jpg 560w, https:\/\/laprensacristiana.com\/wp-content\/uploads\/2019\/12\/5a44e31e-c552-4453-b52f-8ef5ba3a0e6d-600x450.jpg 600w, https:\/\/laprensacristiana.com\/wp-content\/uploads\/2019\/12\/5a44e31e-c552-4453-b52f-8ef5ba3a0e6d.jpg 1032w\" sizes=\"(max-width: 1024px) 100vw, 1024px\" \/><\/figure><\/li><\/ul>\n\n\n\n<p>Todos eran pertenecientes al Centro de Desarrollo Infantil\n(CDI) de la Iglesia Cristiana Shalom, sosteniendo carteles con mensajes\nb\u00edblicos y frases para concientizar a la no violencia contra la ni\u00f1ez y dejar\nel mensaje que solamente Cristo puede traer paz a su comunidad. <\/p>\n\n\n\n<p>Desde octubre diferentes sectores y Organizaciones No Gubernamentales han realizado actividades y caminatas para alzar su voz contra la violencia que vive la ni\u00f1ez y adolescencia en El Salvador. <\/p>\n\n\n\n<figure class=\"wp-block-image\"><img decoding=\"async\" loading=\"lazy\" width=\"1024\" height=\"768\" src=\"https:\/\/laprensacristiana.com\/wp-content\/uploads\/2019\/12\/WhatsApp-Image-2019-11-30-at-09.40.00-1024x768.jpeg\" alt=\"\" class=\"wp-image-7419\" srcset=\"https:\/\/laprensacristiana.com\/wp-content\/uploads\/2019\/12\/WhatsApp-Image-2019-11-30-at-09.40.00-1024x768.jpeg 1024w, https:\/\/laprensacristiana.com\/wp-content\/uploads\/2019\/12\/WhatsApp-Image-2019-11-30-at-09.40.00-300x225.jpeg 300w, https:\/\/laprensacristiana.com\/wp-content\/uploads\/2019\/12\/WhatsApp-Image-2019-11-30-at-09.40.00-768x576.jpeg 768w, https:\/\/laprensacristiana.com\/wp-content\/uploads\/2019\/12\/WhatsApp-Image-2019-11-30-at-09.40.00-80x60.jpeg 80w, https:\/\/laprensacristiana.com\/wp-content\/uploads\/2019\/12\/WhatsApp-Image-2019-11-30-at-09.40.00-265x198.jpeg 265w, https:\/\/laprensacristiana.com\/wp-content\/uploads\/2019\/12\/WhatsApp-Image-2019-11-30-at-09.40.00-696x522.jpeg 696w, https:\/\/laprensacristiana.com\/wp-content\/uploads\/2019\/12\/WhatsApp-Image-2019-11-30-at-09.40.00-560x420.jpeg 560w, https:\/\/laprensacristiana.com\/wp-content\/uploads\/2019\/12\/WhatsApp-Image-2019-11-30-at-09.40.00-600x450.jpeg 600w, https:\/\/laprensacristiana.com\/wp-content\/uploads\/2019\/12\/WhatsApp-Image-2019-11-30-at-09.40.00.jpeg 1032w\" sizes=\"(max-width: 1024px) 100vw, 1024px\" \/><\/figure>\n","protected":false},"excerpt":{"rendered":"<p>La ma\u00f1ana del d\u00eda 30 de noviembre ni\u00f1os, j\u00f3venes y adultos recorrieron las calles principales de la colonia Las Palmeras en calle antigua a Nejapa, Quezaltepeque, en el departamento de La Libertad, para decir un \u201cNo a la violencia\u201d y proclamar el evangelio de Cristo a los habitantes de dicho lugar. Todos eran pertenecientes al [&hellip;]<\/p>\n","protected":false},"author":3,"featured_media":7416,"comment_status":"open","ping_status":"open","sticky":false,"template":"","format":"standard","meta":[],"categories":[56],"tags":[],"yoast_head":"<!-- This site is optimized with the Yoast SEO plugin v20.8 - https:\/\/yoast.com\/wordpress\/plugins\/seo\/ -->\n<title>Ni\u00f1os y j\u00f3venes marchan por un alto a la violencia en Quezaltepeque - La Prensa Cristiana<\/title>\n<meta name=\"robots\" content=\"index, follow, max-snippet:-1, max-image-preview:large, max-video-preview:-1\" \/>\n<link rel=\"canonical\" href=\"https:\/\/laprensacristiana.com\/?p=7415\" \/>\n<meta property=\"og:locale\" content=\"es_ES\" \/>\n<meta property=\"og:type\" content=\"article\" \/>\n<meta property=\"og:title\" content=\"Ni\u00f1os y j\u00f3venes marchan por un alto a la violencia en Quezaltepeque - La Prensa Cristiana\" \/>\n<meta property=\"og:description\" content=\"La ma\u00f1ana del d\u00eda 30 de noviembre ni\u00f1os, j\u00f3venes y adultos recorrieron las calles principales de la colonia Las Palmeras en calle antigua a Nejapa, Quezaltepeque, en el departamento de La Libertad, para decir un \u201cNo a la violencia\u201d y proclamar el evangelio de Cristo a los habitantes de dicho lugar. Todos eran pertenecientes al [&hellip;]\" \/>\n<meta property=\"og:url\" content=\"https:\/\/laprensacristiana.com\/?p=7415\" \/>\n<meta property=\"og:site_name\" content=\"La Prensa Cristiana\" \/>\n<meta property=\"article:published_time\" content=\"2019-12-03T17:39:01+00:00\" \/>\n<meta property=\"article:modified_time\" content=\"2019-12-03T17:39:05+00:00\" \/>\n<meta property=\"og:image\" content=\"https:\/\/laprensacristiana.com\/wp-content\/uploads\/2019\/12\/51eb320f-b0c7-44a5-a7f1-94c02f4c6889.jpg\" \/>\n\t<meta property=\"og:image:width\" content=\"1032\" \/>\n\t<meta property=\"og:image:height\" content=\"774\" \/>\n\t<meta property=\"og:image:type\" content=\"image\/jpeg\" \/>\n<meta name=\"author\" content=\"EDITOR\" \/>\n<meta name=\"twitter:card\" content=\"summary_large_image\" \/>\n<meta name=\"twitter:label1\" content=\"Escrito por\" \/>\n\t<meta name=\"twitter:data1\" content=\"EDITOR\" \/>\n\t<meta name=\"twitter:label2\" content=\"Tiempo de lectura\" \/>\n\t<meta name=\"twitter:data2\" content=\"1 minuto\" \/>\n<script type=\"application\/ld+json\" class=\"yoast-schema-graph\">{\"@context\":\"https:\/\/schema.org\",\"@graph\":[{\"@type\":\"WebPage\",\"@id\":\"https:\/\/laprensacristiana.com\/?p=7415\",\"url\":\"https:\/\/laprensacristiana.com\/?p=7415\",\"name\":\"Ni\u00f1os y j\u00f3venes marchan por un alto a la violencia en Quezaltepeque - La Prensa Cristiana\",\"isPartOf\":{\"@id\":\"https:\/\/laprensacristiana.com\/#website\"},\"datePublished\":\"2019-12-03T17:39:01+00:00\",\"dateModified\":\"2019-12-03T17:39:05+00:00\",\"author\":{\"@id\":\"https:\/\/laprensacristiana.com\/#\/schema\/person\/3e7d82c6bfd6b1fa67010f8f7cd5256e\"},\"breadcrumb\":{\"@id\":\"https:\/\/laprensacristiana.com\/?p=7415#breadcrumb\"},\"inLanguage\":\"es\",\"potentialAction\":[{\"@type\":\"ReadAction\",\"target\":[\"https:\/\/laprensacristiana.com\/?p=7415\"]}]},{\"@type\":\"BreadcrumbList\",\"@id\":\"https:\/\/laprensacristiana.com\/?p=7415#breadcrumb\",\"itemListElement\":[{\"@type\":\"ListItem\",\"position\":1,\"name\":\"Portada\",\"item\":\"https:\/\/laprensacristiana.com\/\"},{\"@type\":\"ListItem\",\"position\":2,\"name\":\"Ni\u00f1os y j\u00f3venes marchan por un alto a la violencia en Quezaltepeque\"}]},{\"@type\":\"WebSite\",\"@id\":\"https:\/\/laprensacristiana.com\/#website\",\"url\":\"https:\/\/laprensacristiana.com\/\",\"name\":\"La Prensa Cristiana\",\"description\":\"Anunciando Las Buenas Nuevas\",\"potentialAction\":[{\"@type\":\"SearchAction\",\"target\":{\"@type\":\"EntryPoint\",\"urlTemplate\":\"https:\/\/laprensacristiana.com\/?s={search_term_string}\"},\"query-input\":\"required name=search_term_string\"}],\"inLanguage\":\"es\"},{\"@type\":\"Person\",\"@id\":\"https:\/\/laprensacristiana.com\/#\/schema\/person\/3e7d82c6bfd6b1fa67010f8f7cd5256e\",\"name\":\"EDITOR\",\"image\":{\"@type\":\"ImageObject\",\"inLanguage\":\"es\",\"@id\":\"https:\/\/laprensacristiana.com\/#\/schema\/person\/image\/\",\"url\":\"https:\/\/secure.gravatar.com\/avatar\/72069dfb6c13772d9e8381e3638666d2?s=96&d=mm&r=g\",\"contentUrl\":\"https:\/\/secure.gravatar.com\/avatar\/72069dfb6c13772d9e8381e3638666d2?s=96&d=mm&r=g\",\"caption\":\"EDITOR\"},\"url\":\"https:\/\/laprensacristiana.com\/?author=3\"}]}<\/script>\n<!-- \/ Yoast SEO plugin. -->","yoast_head_json":{"title":"Ni\u00f1os y j\u00f3venes marchan por un alto a la violencia en Quezaltepeque - La Prensa Cristiana","robots":{"index":"index","follow":"follow","max-snippet":"max-snippet:-1","max-image-preview":"max-image-preview:large","max-video-preview":"max-video-preview:-1"},"canonical":"https:\/\/laprensacristiana.com\/?p=7415","og_locale":"es_ES","og_type":"article","og_title":"Ni\u00f1os y j\u00f3venes marchan por un alto a la violencia en Quezaltepeque - La Prensa Cristiana","og_description":"La ma\u00f1ana del d\u00eda 30 de noviembre ni\u00f1os, j\u00f3venes y adultos recorrieron las calles principales de la colonia Las Palmeras en calle antigua a Nejapa, Quezaltepeque, en el departamento de La Libertad, para decir un \u201cNo a la violencia\u201d y proclamar el evangelio de Cristo a los habitantes de dicho lugar. Todos eran pertenecientes al [&hellip;]","og_url":"https:\/\/laprensacristiana.com\/?p=7415","og_site_name":"La Prensa Cristiana","article_published_time":"2019-12-03T17:39:01+00:00","article_modified_time":"2019-12-03T17:39:05+00:00","og_image":[{"width":1032,"height":774,"url":"https:\/\/laprensacristiana.com\/wp-content\/uploads\/2019\/12\/51eb320f-b0c7-44a5-a7f1-94c02f4c6889.jpg","type":"image\/jpeg"}],"author":"EDITOR","twitter_card":"summary_large_image","twitter_misc":{"Escrito por":"EDITOR","Tiempo de lectura":"1 minuto"},"schema":{"@context":"https:\/\/schema.org","@graph":[{"@type":"WebPage","@id":"https:\/\/laprensacristiana.com\/?p=7415","url":"https:\/\/laprensacristiana.com\/?p=7415","name":"Ni\u00f1os y j\u00f3venes marchan por un alto a la violencia en Quezaltepeque - La Prensa Cristiana","isPartOf":{"@id":"https:\/\/laprensacristiana.com\/#website"},"datePublished":"2019-12-03T17:39:01+00:00","dateModified":"2019-12-03T17:39:05+00:00","author":{"@id":"https:\/\/laprensacristiana.com\/#\/schema\/person\/3e7d82c6bfd6b1fa67010f8f7cd5256e"},"breadcrumb":{"@id":"https:\/\/laprensacristiana.com\/?p=7415#breadcrumb"},"inLanguage":"es","potentialAction":[{"@type":"ReadAction","target":["https:\/\/laprensacristiana.com\/?p=7415"]}]},{"@type":"BreadcrumbList","@id":"https:\/\/laprensacristiana.com\/?p=7415#breadcrumb","itemListElement":[{"@type":"ListItem","position":1,"name":"Portada","item":"https:\/\/laprensacristiana.com\/"},{"@type":"ListItem","position":2,"name":"Ni\u00f1os y j\u00f3venes marchan por un alto a la violencia en Quezaltepeque"}]},{"@type":"WebSite","@id":"https:\/\/laprensacristiana.com\/#website","url":"https:\/\/laprensacristiana.com\/","name":"La Prensa Cristiana","description":"Anunciando Las Buenas Nuevas","potentialAction":[{"@type":"SearchAction","target":{"@type":"EntryPoint","urlTemplate":"https:\/\/laprensacristiana.com\/?s={search_term_string}"},"query-input":"required name=search_term_string"}],"inLanguage":"es"},{"@type":"Person","@id":"https:\/\/laprensacristiana.com\/#\/schema\/person\/3e7d82c6bfd6b1fa67010f8f7cd5256e","name":"EDITOR","image":{"@type":"ImageObject","inLanguage":"es","@id":"https:\/\/laprensacristiana.com\/#\/schema\/person\/image\/","url":"https:\/\/secure.gravatar.com\/avatar\/72069dfb6c13772d9e8381e3638666d2?s=96&d=mm&r=g","contentUrl":"https:\/\/secure.gravatar.com\/avatar\/72069dfb6c13772d9e8381e3638666d2?s=96&d=mm&r=g","caption":"EDITOR"},"url":"https:\/\/laprensacristiana.com\/?author=3"}]}},"_links":{"self":[{"href":"https:\/\/laprensacristiana.com\/index.php?rest_route=\/wp\/v2\/posts\/7415"}],"collection":[{"href":"https:\/\/laprensacristiana.com\/index.php?rest_route=\/wp\/v2\/posts"}],"about":[{"href":"https:\/\/laprensacristiana.com\/index.php?rest_route=\/wp\/v2\/types\/post"}],"author":[{"embeddable":true,"href":"https:\/\/laprensacristiana.com\/index.php?rest_route=\/wp\/v2\/users\/3"}],"replies":[{"embeddable":true,"href":"https:\/\/laprensacristiana.com\/index.php?rest_route=%2Fwp%2Fv2%2Fcomments&post=7415"}],"version-history":[{"count":1,"href":"https:\/\/laprensacristiana.com\/index.php?rest_route=\/wp\/v2\/posts\/7415\/revisions"}],"predecessor-version":[{"id":7420,"href":"https:\/\/laprensacristiana.com\/index.php?rest_route=\/wp\/v2\/posts\/7415\/revisions\/7420"}],"wp:featuredmedia":[{"embeddable":true,"href":"https:\/\/laprensacristiana.com\/index.php?rest_route=\/wp\/v2\/media\/7416"}],"wp:attachment":[{"href":"https:\/\/laprensacristiana.com\/index.php?rest_route=%2Fwp%2Fv2%2Fmedia&parent=7415"}],"wp:term":[{"taxonomy":"category","embeddable":true,"href":"https:\/\/laprensacristiana.com\/index.php?rest_route=%2Fwp%2Fv2%2Fcategories&post=7415"},{"taxonomy":"post_tag","embeddable":true,"href":"https:\/\/laprensacristiana.com\/index.php?rest_route=%2Fwp%2Fv2%2Ftags&post=7415"}],"curies":[{"name":"wp","href":"https:\/\/api.w.org\/{rel}","templated":true}]}}