{"id":7421,"date":"2019-12-04T20:13:09","date_gmt":"2019-12-04T20:13:09","guid":{"rendered":"https:\/\/laprensacristiana.com\/?p=7421"},"modified":"2019-12-04T20:13:12","modified_gmt":"2019-12-04T20:13:12","slug":"jovenes-de-san-francisco-gotera-realizaran-campana-evangelista-reconstruyendo-nuestra-identidad","status":"publish","type":"post","link":"https:\/\/laprensacristiana.com\/?p=7421","title":{"rendered":"J\u00f3venes de San Francisco Gotera realizar\u00e1n campa\u00f1a evangelista \u201cReconstruyendo nuestra identidad\u201d"},"content":{"rendered":"\n<p>Por primera vez en la Ciudad de San Francisco Gotera en el\ndepartamento de Moraz\u00e1n se realizara una cruza evangelista realiza por los\nj\u00f3venes pertenecientes al Ministerio Fe &amp; Acci\u00f3n con el apoyo de la\nalcald\u00eda de dicho lugar.<\/p>\n\n\n\n<p>Fe &amp; Acci\u00f3n nace el 29 de marzo del presente a\u00f1o,&nbsp; en la Ciudad san francisco gotera, conformado\npor j\u00f3venes de diferentes iglesias y denominaciones, reconociendo la necesidad\nde su ciudad por que las personas conozcan de Dios, unen fuerzas para servir e\ninterceder por ella, el ministerio cuentan con el apoyo del alcalde Nahin\nFerrufino quien se congrega en Iglesia Asambleas de Dios.<\/p>\n\n\n\n<p>Los j\u00f3venes han realizado evangelismo urbano, visitas al hospital, compartido alimentos a las personas indigentes de la Ciudad y en esta ocasi\u00f3n est\u00e1n\u00a0 trabajando para realizar el evento que se llevara a cabo este pr\u00f3ximo 6 de diciembre a las 4: 30 pm\u00a0 en el Estadio Municipal \u00abLuis Am\u00edlcar Moreno\u201d de San Francisco Gotera con el nombre \u201cReconstruyendo nuestra identidad 2,019\u201d. <\/p>\n\n\n\n<div class=\"wp-block-image\"><figure class=\"aligncenter is-resized\"><img decoding=\"async\" loading=\"lazy\" src=\"https:\/\/laprensacristiana.com\/wp-content\/uploads\/2019\/12\/78502258_750635645447367_9000571647756861440_n.jpg\" alt=\"\" class=\"wp-image-7424\" width=\"282\" height=\"435\" srcset=\"https:\/\/laprensacristiana.com\/wp-content\/uploads\/2019\/12\/78502258_750635645447367_9000571647756861440_n.jpg 480w, https:\/\/laprensacristiana.com\/wp-content\/uploads\/2019\/12\/78502258_750635645447367_9000571647756861440_n-194x300.jpg 194w, https:\/\/laprensacristiana.com\/wp-content\/uploads\/2019\/12\/78502258_750635645447367_9000571647756861440_n-272x420.jpg 272w\" sizes=\"(max-width: 282px) 100vw, 282px\" \/><\/figure><\/div>\n\n\n\n<p>El ministerio espera un total de 3, 000 personas, con la fe\nde que puedan recibir un milagro y sanidades de parte de Dios, estar\u00e1\npredicando el Pastor Jos\u00e9 Luis Reyes desde Rep\u00fablica Dominicana visitando por\nprimera vez la ciudad, conocido por sus canciones como \u201cAlgo grande viene\u201d\ny&nbsp; \u201cEst\u00e1 cayendo\u201d. <\/p>\n\n\n\n<div class=\"wp-block-image\"><figure class=\"alignright is-resized\"><img decoding=\"async\" loading=\"lazy\" src=\"https:\/\/laprensacristiana.com\/wp-content\/uploads\/2019\/12\/78481152_551767125658375_4013891360405848064_n.jpg\" alt=\"\" class=\"wp-image-7423\" width=\"255\" height=\"255\" srcset=\"https:\/\/laprensacristiana.com\/wp-content\/uploads\/2019\/12\/78481152_551767125658375_4013891360405848064_n.jpg 432w, https:\/\/laprensacristiana.com\/wp-content\/uploads\/2019\/12\/78481152_551767125658375_4013891360405848064_n-150x150.jpg 150w, https:\/\/laprensacristiana.com\/wp-content\/uploads\/2019\/12\/78481152_551767125658375_4013891360405848064_n-300x300.jpg 300w, https:\/\/laprensacristiana.com\/wp-content\/uploads\/2019\/12\/78481152_551767125658375_4013891360405848064_n-420x420.jpg 420w, https:\/\/laprensacristiana.com\/wp-content\/uploads\/2019\/12\/78481152_551767125658375_4013891360405848064_n-100x100.jpg 100w\" sizes=\"(max-width: 255px) 100vw, 255px\" \/><\/figure><\/div>\n\n\n\n<p>\u201cEsperamos seguir trabajando por nuestros j\u00f3venes, no descansaremos hasta que todos conozcan el amor de Dios y la salvaci\u00f3n de sus almas, \u00a0esperamos contar con el apoyo de las iglesias y que como un cuerpo en Cristo nos identifiquemos\u00a0 quienes somos realmente, somos Hijos de Dios. Nuestra Ciudad San Francisco Gotera est\u00e1 en las manos de Dios, reconstruyamos nuestra identidad\u201d concluy\u00f3\u00a0 Carlos Fuentes presidente de Fe &amp; Acci\u00f3n. <\/p>\n\n\n\n<p><\/p>\n","protected":false},"excerpt":{"rendered":"<p>Por primera vez en la Ciudad de San Francisco Gotera en el departamento de Moraz\u00e1n se realizara una cruza evangelista realiza por los j\u00f3venes pertenecientes al Ministerio Fe &amp; Acci\u00f3n con el apoyo de la alcald\u00eda de dicho lugar. Fe &amp; Acci\u00f3n nace el 29 de marzo del presente a\u00f1o,&nbsp; en la Ciudad san francisco [&hellip;]<\/p>\n","protected":false},"author":3,"featured_media":7422,"comment_status":"open","ping_status":"open","sticky":false,"template":"","format":"standard","meta":[],"categories":[56],"tags":[],"yoast_head":"<!-- This site is optimized with the Yoast SEO plugin v20.8 - https:\/\/yoast.com\/wordpress\/plugins\/seo\/ -->\n<title>J\u00f3venes de San Francisco Gotera realizar\u00e1n campa\u00f1a evangelista \u201cReconstruyendo nuestra identidad\u201d - La Prensa Cristiana<\/title>\n<meta name=\"robots\" content=\"index, follow, max-snippet:-1, max-image-preview:large, max-video-preview:-1\" \/>\n<link rel=\"canonical\" href=\"https:\/\/laprensacristiana.com\/?p=7421\" \/>\n<meta property=\"og:locale\" content=\"es_ES\" \/>\n<meta property=\"og:type\" content=\"article\" \/>\n<meta property=\"og:title\" content=\"J\u00f3venes de San Francisco Gotera realizar\u00e1n campa\u00f1a evangelista \u201cReconstruyendo nuestra identidad\u201d - La Prensa Cristiana\" \/>\n<meta property=\"og:description\" content=\"Por primera vez en la Ciudad de San Francisco Gotera en el departamento de Moraz\u00e1n se realizara una cruza evangelista realiza por los j\u00f3venes pertenecientes al Ministerio Fe &amp; Acci\u00f3n con el apoyo de la alcald\u00eda de dicho lugar. Fe &amp; Acci\u00f3n nace el 29 de marzo del presente a\u00f1o,&nbsp; en la Ciudad san francisco [&hellip;]\" \/>\n<meta property=\"og:url\" content=\"https:\/\/laprensacristiana.com\/?p=7421\" \/>\n<meta property=\"og:site_name\" content=\"La Prensa Cristiana\" \/>\n<meta property=\"article:published_time\" content=\"2019-12-04T20:13:09+00:00\" \/>\n<meta property=\"article:modified_time\" content=\"2019-12-04T20:13:12+00:00\" \/>\n<meta property=\"og:image\" content=\"https:\/\/laprensacristiana.com\/wp-content\/uploads\/2019\/12\/77191077_772204306618413_705635827920666624_n.jpg\" \/>\n\t<meta property=\"og:image:width\" content=\"720\" \/>\n\t<meta property=\"og:image:height\" content=\"480\" \/>\n\t<meta property=\"og:image:type\" content=\"image\/jpeg\" \/>\n<meta name=\"author\" content=\"EDITOR\" \/>\n<meta name=\"twitter:card\" content=\"summary_large_image\" \/>\n<meta name=\"twitter:label1\" content=\"Escrito por\" \/>\n\t<meta name=\"twitter:data1\" content=\"EDITOR\" \/>\n\t<meta name=\"twitter:label2\" content=\"Tiempo de lectura\" \/>\n\t<meta name=\"twitter:data2\" content=\"1 minuto\" \/>\n<script type=\"application\/ld+json\" class=\"yoast-schema-graph\">{\"@context\":\"https:\/\/schema.org\",\"@graph\":[{\"@type\":\"WebPage\",\"@id\":\"https:\/\/laprensacristiana.com\/?p=7421\",\"url\":\"https:\/\/laprensacristiana.com\/?p=7421\",\"name\":\"J\u00f3venes de San Francisco Gotera realizar\u00e1n campa\u00f1a evangelista \u201cReconstruyendo nuestra identidad\u201d - La Prensa Cristiana\",\"isPartOf\":{\"@id\":\"https:\/\/laprensacristiana.com\/#website\"},\"datePublished\":\"2019-12-04T20:13:09+00:00\",\"dateModified\":\"2019-12-04T20:13:12+00:00\",\"author\":{\"@id\":\"https:\/\/laprensacristiana.com\/#\/schema\/person\/3e7d82c6bfd6b1fa67010f8f7cd5256e\"},\"breadcrumb\":{\"@id\":\"https:\/\/laprensacristiana.com\/?p=7421#breadcrumb\"},\"inLanguage\":\"es\",\"potentialAction\":[{\"@type\":\"ReadAction\",\"target\":[\"https:\/\/laprensacristiana.com\/?p=7421\"]}]},{\"@type\":\"BreadcrumbList\",\"@id\":\"https:\/\/laprensacristiana.com\/?p=7421#breadcrumb\",\"itemListElement\":[{\"@type\":\"ListItem\",\"position\":1,\"name\":\"Portada\",\"item\":\"https:\/\/laprensacristiana.com\/\"},{\"@type\":\"ListItem\",\"position\":2,\"name\":\"J\u00f3venes de San Francisco Gotera realizar\u00e1n campa\u00f1a evangelista \u201cReconstruyendo nuestra identidad\u201d\"}]},{\"@type\":\"WebSite\",\"@id\":\"https:\/\/laprensacristiana.com\/#website\",\"url\":\"https:\/\/laprensacristiana.com\/\",\"name\":\"La Prensa Cristiana\",\"description\":\"Anunciando Las Buenas Nuevas\",\"potentialAction\":[{\"@type\":\"SearchAction\",\"target\":{\"@type\":\"EntryPoint\",\"urlTemplate\":\"https:\/\/laprensacristiana.com\/?s={search_term_string}\"},\"query-input\":\"required name=search_term_string\"}],\"inLanguage\":\"es\"},{\"@type\":\"Person\",\"@id\":\"https:\/\/laprensacristiana.com\/#\/schema\/person\/3e7d82c6bfd6b1fa67010f8f7cd5256e\",\"name\":\"EDITOR\",\"image\":{\"@type\":\"ImageObject\",\"inLanguage\":\"es\",\"@id\":\"https:\/\/laprensacristiana.com\/#\/schema\/person\/image\/\",\"url\":\"https:\/\/secure.gravatar.com\/avatar\/72069dfb6c13772d9e8381e3638666d2?s=96&d=mm&r=g\",\"contentUrl\":\"https:\/\/secure.gravatar.com\/avatar\/72069dfb6c13772d9e8381e3638666d2?s=96&d=mm&r=g\",\"caption\":\"EDITOR\"},\"url\":\"https:\/\/laprensacristiana.com\/?author=3\"}]}<\/script>\n<!-- \/ Yoast SEO plugin. -->","yoast_head_json":{"title":"J\u00f3venes de San Francisco Gotera realizar\u00e1n campa\u00f1a evangelista \u201cReconstruyendo nuestra identidad\u201d - La Prensa Cristiana","robots":{"index":"index","follow":"follow","max-snippet":"max-snippet:-1","max-image-preview":"max-image-preview:large","max-video-preview":"max-video-preview:-1"},"canonical":"https:\/\/laprensacristiana.com\/?p=7421","og_locale":"es_ES","og_type":"article","og_title":"J\u00f3venes de San Francisco Gotera realizar\u00e1n campa\u00f1a evangelista \u201cReconstruyendo nuestra identidad\u201d - La Prensa Cristiana","og_description":"Por primera vez en la Ciudad de San Francisco Gotera en el departamento de Moraz\u00e1n se realizara una cruza evangelista realiza por los j\u00f3venes pertenecientes al Ministerio Fe &amp; Acci\u00f3n con el apoyo de la alcald\u00eda de dicho lugar. Fe &amp; Acci\u00f3n nace el 29 de marzo del presente a\u00f1o,&nbsp; en la Ciudad san francisco [&hellip;]","og_url":"https:\/\/laprensacristiana.com\/?p=7421","og_site_name":"La Prensa Cristiana","article_published_time":"2019-12-04T20:13:09+00:00","article_modified_time":"2019-12-04T20:13:12+00:00","og_image":[{"width":720,"height":480,"url":"https:\/\/laprensacristiana.com\/wp-content\/uploads\/2019\/12\/77191077_772204306618413_705635827920666624_n.jpg","type":"image\/jpeg"}],"author":"EDITOR","twitter_card":"summary_large_image","twitter_misc":{"Escrito por":"EDITOR","Tiempo de lectura":"1 minuto"},"schema":{"@context":"https:\/\/schema.org","@graph":[{"@type":"WebPage","@id":"https:\/\/laprensacristiana.com\/?p=7421","url":"https:\/\/laprensacristiana.com\/?p=7421","name":"J\u00f3venes de San Francisco Gotera realizar\u00e1n campa\u00f1a evangelista \u201cReconstruyendo nuestra identidad\u201d - La Prensa Cristiana","isPartOf":{"@id":"https:\/\/laprensacristiana.com\/#website"},"datePublished":"2019-12-04T20:13:09+00:00","dateModified":"2019-12-04T20:13:12+00:00","author":{"@id":"https:\/\/laprensacristiana.com\/#\/schema\/person\/3e7d82c6bfd6b1fa67010f8f7cd5256e"},"breadcrumb":{"@id":"https:\/\/laprensacristiana.com\/?p=7421#breadcrumb"},"inLanguage":"es","potentialAction":[{"@type":"ReadAction","target":["https:\/\/laprensacristiana.com\/?p=7421"]}]},{"@type":"BreadcrumbList","@id":"https:\/\/laprensacristiana.com\/?p=7421#breadcrumb","itemListElement":[{"@type":"ListItem","position":1,"name":"Portada","item":"https:\/\/laprensacristiana.com\/"},{"@type":"ListItem","position":2,"name":"J\u00f3venes de San Francisco Gotera realizar\u00e1n campa\u00f1a evangelista \u201cReconstruyendo nuestra identidad\u201d"}]},{"@type":"WebSite","@id":"https:\/\/laprensacristiana.com\/#website","url":"https:\/\/laprensacristiana.com\/","name":"La Prensa Cristiana","description":"Anunciando Las Buenas Nuevas","potentialAction":[{"@type":"SearchAction","target":{"@type":"EntryPoint","urlTemplate":"https:\/\/laprensacristiana.com\/?s={search_term_string}"},"query-input":"required name=search_term_string"}],"inLanguage":"es"},{"@type":"Person","@id":"https:\/\/laprensacristiana.com\/#\/schema\/person\/3e7d82c6bfd6b1fa67010f8f7cd5256e","name":"EDITOR","image":{"@type":"ImageObject","inLanguage":"es","@id":"https:\/\/laprensacristiana.com\/#\/schema\/person\/image\/","url":"https:\/\/secure.gravatar.com\/avatar\/72069dfb6c13772d9e8381e3638666d2?s=96&d=mm&r=g","contentUrl":"https:\/\/secure.gravatar.com\/avatar\/72069dfb6c13772d9e8381e3638666d2?s=96&d=mm&r=g","caption":"EDITOR"},"url":"https:\/\/laprensacristiana.com\/?author=3"}]}},"_links":{"self":[{"href":"https:\/\/laprensacristiana.com\/index.php?rest_route=\/wp\/v2\/posts\/7421"}],"collection":[{"href":"https:\/\/laprensacristiana.com\/index.php?rest_route=\/wp\/v2\/posts"}],"about":[{"href":"https:\/\/laprensacristiana.com\/index.php?rest_route=\/wp\/v2\/types\/post"}],"author":[{"embeddable":true,"href":"https:\/\/laprensacristiana.com\/index.php?rest_route=\/wp\/v2\/users\/3"}],"replies":[{"embeddable":true,"href":"https:\/\/laprensacristiana.com\/index.php?rest_route=%2Fwp%2Fv2%2Fcomments&post=7421"}],"version-history":[{"count":1,"href":"https:\/\/laprensacristiana.com\/index.php?rest_route=\/wp\/v2\/posts\/7421\/revisions"}],"predecessor-version":[{"id":7425,"href":"https:\/\/laprensacristiana.com\/index.php?rest_route=\/wp\/v2\/posts\/7421\/revisions\/7425"}],"wp:featuredmedia":[{"embeddable":true,"href":"https:\/\/laprensacristiana.com\/index.php?rest_route=\/wp\/v2\/media\/7422"}],"wp:attachment":[{"href":"https:\/\/laprensacristiana.com\/index.php?rest_route=%2Fwp%2Fv2%2Fmedia&parent=7421"}],"wp:term":[{"taxonomy":"category","embeddable":true,"href":"https:\/\/laprensacristiana.com\/index.php?rest_route=%2Fwp%2Fv2%2Fcategories&post=7421"},{"taxonomy":"post_tag","embeddable":true,"href":"https:\/\/laprensacristiana.com\/index.php?rest_route=%2Fwp%2Fv2%2Ftags&post=7421"}],"curies":[{"name":"wp","href":"https:\/\/api.w.org\/{rel}","templated":true}]}}