{"id":7428,"date":"2019-12-05T17:07:54","date_gmt":"2019-12-05T17:07:54","guid":{"rendered":"https:\/\/laprensacristiana.com\/?p=7428"},"modified":"2019-12-05T17:23:58","modified_gmt":"2019-12-05T17:23:58","slug":"douglas-fernandez-presenta-su-cancion-echo","status":"publish","type":"post","link":"https:\/\/laprensacristiana.com\/?p=7428","title":{"rendered":"Douglas Fern\u00e1ndez  presenta su canci\u00f3n \u00abEcho\u00bb"},"content":{"rendered":"\n<p>Douglas Fern\u00e1ndez inicia su ministerio en el a\u00f1o 2006 en El\nSalvador con el fin de conectar a la gente con el creador a trav\u00e9s de su m\u00fasica,\ngrabando su primera producci\u00f3n \u201cBuscando tu sonrisa\u201d. Luego al pasar los a\u00f1os espec\u00edficamente\nen el a\u00f1o 2010 fue encaminando su vida como productor musical, produciendo sus \u00faltimas\ndos discograf\u00edas \u201cTu amor me conquist\u00f3\u201d y \u201cDesciende en gloria\u201d en su estudio\nde grabaci\u00f3n \u201cOne Focus Studio\u201d donde adem\u00e1s de producir sus discograf\u00edas personales\na producido a diferentes salmistas y bandas de El Salvador.<\/p>\n\n\n\n<p>Durante &nbsp;estos a\u00f1os en\nsu carrera ha tenido el privilegio de compartir escenario con salmistas como Danilo\nMontero, Julio Melgar, Marcos Witt, Bani Mu\u00f1oz, entre otros.<\/p>\n\n\n\n<p>En este a\u00f1o 2019 Douglas Fern\u00e1ndez ha grabado su reciente canci\u00f3n que es un  cover que se llama \u201cEcho\u201d de la banda \u201cElevation Worship\u201d donde ha estado disponible desde el mes de noviembre de 2019 en Youtube.<\/p>\n\n\n\n<p>Siempre con el deseo de seguir llevando su m\u00fasica y conectar\na las personas con Dios, actualmente se encuentra produciendo su nueva producci\u00f3n\nque estar\u00e1 disponible a mediados del pr\u00f3ximo a\u00f1o, su primer sencillo ser\nalanzado en el mes de febrero de 2020.<\/p>\n","protected":false},"excerpt":{"rendered":"<p>Douglas Fern\u00e1ndez inicia su ministerio en el a\u00f1o 2006 en El Salvador con el fin de conectar a la gente con el creador a trav\u00e9s de su m\u00fasica, grabando su primera producci\u00f3n \u201cBuscando tu sonrisa\u201d. Luego al pasar los a\u00f1os espec\u00edficamente en el a\u00f1o 2010 fue encaminando su vida como productor musical, produciendo sus \u00faltimas [&hellip;]<\/p>\n","protected":false},"author":3,"featured_media":7429,"comment_status":"open","ping_status":"open","sticky":false,"template":"","format":"standard","meta":[],"categories":[56],"tags":[],"yoast_head":"<!-- This site is optimized with the Yoast SEO plugin v20.8 - https:\/\/yoast.com\/wordpress\/plugins\/seo\/ -->\n<title>Douglas Fern\u00e1ndez presenta su canci\u00f3n &quot;Echo&quot; - La Prensa Cristiana<\/title>\n<meta name=\"robots\" content=\"index, follow, max-snippet:-1, max-image-preview:large, max-video-preview:-1\" \/>\n<link rel=\"canonical\" href=\"https:\/\/laprensacristiana.com\/?p=7428\" \/>\n<meta property=\"og:locale\" content=\"es_ES\" \/>\n<meta property=\"og:type\" content=\"article\" \/>\n<meta property=\"og:title\" content=\"Douglas Fern\u00e1ndez presenta su canci\u00f3n &quot;Echo&quot; - La Prensa Cristiana\" \/>\n<meta property=\"og:description\" content=\"Douglas Fern\u00e1ndez inicia su ministerio en el a\u00f1o 2006 en El Salvador con el fin de conectar a la gente con el creador a trav\u00e9s de su m\u00fasica, grabando su primera producci\u00f3n \u201cBuscando tu sonrisa\u201d. Luego al pasar los a\u00f1os espec\u00edficamente en el a\u00f1o 2010 fue encaminando su vida como productor musical, produciendo sus \u00faltimas [&hellip;]\" \/>\n<meta property=\"og:url\" content=\"https:\/\/laprensacristiana.com\/?p=7428\" \/>\n<meta property=\"og:site_name\" content=\"La Prensa Cristiana\" \/>\n<meta property=\"article:published_time\" content=\"2019-12-05T17:07:54+00:00\" \/>\n<meta property=\"article:modified_time\" content=\"2019-12-05T17:23:58+00:00\" \/>\n<meta property=\"og:image\" content=\"https:\/\/laprensacristiana.com\/wp-content\/uploads\/2019\/12\/Douglas-Ferna\u0301ndez-Presskit-Echo-1.jpg\" \/>\n\t<meta property=\"og:image:width\" content=\"3300\" \/>\n\t<meta property=\"og:image:height\" content=\"2550\" \/>\n\t<meta property=\"og:image:type\" content=\"image\/jpeg\" \/>\n<meta name=\"author\" content=\"EDITOR\" \/>\n<meta name=\"twitter:card\" content=\"summary_large_image\" \/>\n<meta name=\"twitter:label1\" content=\"Escrito por\" \/>\n\t<meta name=\"twitter:data1\" content=\"EDITOR\" \/>\n\t<meta name=\"twitter:label2\" content=\"Tiempo de lectura\" \/>\n\t<meta name=\"twitter:data2\" content=\"1 minuto\" \/>\n<script type=\"application\/ld+json\" class=\"yoast-schema-graph\">{\"@context\":\"https:\/\/schema.org\",\"@graph\":[{\"@type\":\"WebPage\",\"@id\":\"https:\/\/laprensacristiana.com\/?p=7428\",\"url\":\"https:\/\/laprensacristiana.com\/?p=7428\",\"name\":\"Douglas Fern\u00e1ndez presenta su canci\u00f3n \\\"Echo\\\" - La Prensa Cristiana\",\"isPartOf\":{\"@id\":\"https:\/\/laprensacristiana.com\/#website\"},\"datePublished\":\"2019-12-05T17:07:54+00:00\",\"dateModified\":\"2019-12-05T17:23:58+00:00\",\"author\":{\"@id\":\"https:\/\/laprensacristiana.com\/#\/schema\/person\/3e7d82c6bfd6b1fa67010f8f7cd5256e\"},\"breadcrumb\":{\"@id\":\"https:\/\/laprensacristiana.com\/?p=7428#breadcrumb\"},\"inLanguage\":\"es\",\"potentialAction\":[{\"@type\":\"ReadAction\",\"target\":[\"https:\/\/laprensacristiana.com\/?p=7428\"]}]},{\"@type\":\"BreadcrumbList\",\"@id\":\"https:\/\/laprensacristiana.com\/?p=7428#breadcrumb\",\"itemListElement\":[{\"@type\":\"ListItem\",\"position\":1,\"name\":\"Portada\",\"item\":\"https:\/\/laprensacristiana.com\/\"},{\"@type\":\"ListItem\",\"position\":2,\"name\":\"Douglas Fern\u00e1ndez presenta su canci\u00f3n \u00abEcho\u00bb\"}]},{\"@type\":\"WebSite\",\"@id\":\"https:\/\/laprensacristiana.com\/#website\",\"url\":\"https:\/\/laprensacristiana.com\/\",\"name\":\"La Prensa Cristiana\",\"description\":\"Anunciando Las Buenas Nuevas\",\"potentialAction\":[{\"@type\":\"SearchAction\",\"target\":{\"@type\":\"EntryPoint\",\"urlTemplate\":\"https:\/\/laprensacristiana.com\/?s={search_term_string}\"},\"query-input\":\"required name=search_term_string\"}],\"inLanguage\":\"es\"},{\"@type\":\"Person\",\"@id\":\"https:\/\/laprensacristiana.com\/#\/schema\/person\/3e7d82c6bfd6b1fa67010f8f7cd5256e\",\"name\":\"EDITOR\",\"image\":{\"@type\":\"ImageObject\",\"inLanguage\":\"es\",\"@id\":\"https:\/\/laprensacristiana.com\/#\/schema\/person\/image\/\",\"url\":\"https:\/\/secure.gravatar.com\/avatar\/72069dfb6c13772d9e8381e3638666d2?s=96&d=mm&r=g\",\"contentUrl\":\"https:\/\/secure.gravatar.com\/avatar\/72069dfb6c13772d9e8381e3638666d2?s=96&d=mm&r=g\",\"caption\":\"EDITOR\"},\"url\":\"https:\/\/laprensacristiana.com\/?author=3\"}]}<\/script>\n<!-- \/ Yoast SEO plugin. -->","yoast_head_json":{"title":"Douglas Fern\u00e1ndez presenta su canci\u00f3n \"Echo\" - La Prensa Cristiana","robots":{"index":"index","follow":"follow","max-snippet":"max-snippet:-1","max-image-preview":"max-image-preview:large","max-video-preview":"max-video-preview:-1"},"canonical":"https:\/\/laprensacristiana.com\/?p=7428","og_locale":"es_ES","og_type":"article","og_title":"Douglas Fern\u00e1ndez presenta su canci\u00f3n \"Echo\" - La Prensa Cristiana","og_description":"Douglas Fern\u00e1ndez inicia su ministerio en el a\u00f1o 2006 en El Salvador con el fin de conectar a la gente con el creador a trav\u00e9s de su m\u00fasica, grabando su primera producci\u00f3n \u201cBuscando tu sonrisa\u201d. Luego al pasar los a\u00f1os espec\u00edficamente en el a\u00f1o 2010 fue encaminando su vida como productor musical, produciendo sus \u00faltimas [&hellip;]","og_url":"https:\/\/laprensacristiana.com\/?p=7428","og_site_name":"La Prensa Cristiana","article_published_time":"2019-12-05T17:07:54+00:00","article_modified_time":"2019-12-05T17:23:58+00:00","og_image":[{"width":3300,"height":2550,"url":"https:\/\/laprensacristiana.com\/wp-content\/uploads\/2019\/12\/Douglas-Ferna\u0301ndez-Presskit-Echo-1.jpg","type":"image\/jpeg"}],"author":"EDITOR","twitter_card":"summary_large_image","twitter_misc":{"Escrito por":"EDITOR","Tiempo de lectura":"1 minuto"},"schema":{"@context":"https:\/\/schema.org","@graph":[{"@type":"WebPage","@id":"https:\/\/laprensacristiana.com\/?p=7428","url":"https:\/\/laprensacristiana.com\/?p=7428","name":"Douglas Fern\u00e1ndez presenta su canci\u00f3n \"Echo\" - La Prensa Cristiana","isPartOf":{"@id":"https:\/\/laprensacristiana.com\/#website"},"datePublished":"2019-12-05T17:07:54+00:00","dateModified":"2019-12-05T17:23:58+00:00","author":{"@id":"https:\/\/laprensacristiana.com\/#\/schema\/person\/3e7d82c6bfd6b1fa67010f8f7cd5256e"},"breadcrumb":{"@id":"https:\/\/laprensacristiana.com\/?p=7428#breadcrumb"},"inLanguage":"es","potentialAction":[{"@type":"ReadAction","target":["https:\/\/laprensacristiana.com\/?p=7428"]}]},{"@type":"BreadcrumbList","@id":"https:\/\/laprensacristiana.com\/?p=7428#breadcrumb","itemListElement":[{"@type":"ListItem","position":1,"name":"Portada","item":"https:\/\/laprensacristiana.com\/"},{"@type":"ListItem","position":2,"name":"Douglas Fern\u00e1ndez presenta su canci\u00f3n \u00abEcho\u00bb"}]},{"@type":"WebSite","@id":"https:\/\/laprensacristiana.com\/#website","url":"https:\/\/laprensacristiana.com\/","name":"La Prensa Cristiana","description":"Anunciando Las Buenas Nuevas","potentialAction":[{"@type":"SearchAction","target":{"@type":"EntryPoint","urlTemplate":"https:\/\/laprensacristiana.com\/?s={search_term_string}"},"query-input":"required name=search_term_string"}],"inLanguage":"es"},{"@type":"Person","@id":"https:\/\/laprensacristiana.com\/#\/schema\/person\/3e7d82c6bfd6b1fa67010f8f7cd5256e","name":"EDITOR","image":{"@type":"ImageObject","inLanguage":"es","@id":"https:\/\/laprensacristiana.com\/#\/schema\/person\/image\/","url":"https:\/\/secure.gravatar.com\/avatar\/72069dfb6c13772d9e8381e3638666d2?s=96&d=mm&r=g","contentUrl":"https:\/\/secure.gravatar.com\/avatar\/72069dfb6c13772d9e8381e3638666d2?s=96&d=mm&r=g","caption":"EDITOR"},"url":"https:\/\/laprensacristiana.com\/?author=3"}]}},"_links":{"self":[{"href":"https:\/\/laprensacristiana.com\/index.php?rest_route=\/wp\/v2\/posts\/7428"}],"collection":[{"href":"https:\/\/laprensacristiana.com\/index.php?rest_route=\/wp\/v2\/posts"}],"about":[{"href":"https:\/\/laprensacristiana.com\/index.php?rest_route=\/wp\/v2\/types\/post"}],"author":[{"embeddable":true,"href":"https:\/\/laprensacristiana.com\/index.php?rest_route=\/wp\/v2\/users\/3"}],"replies":[{"embeddable":true,"href":"https:\/\/laprensacristiana.com\/index.php?rest_route=%2Fwp%2Fv2%2Fcomments&post=7428"}],"version-history":[{"count":2,"href":"https:\/\/laprensacristiana.com\/index.php?rest_route=\/wp\/v2\/posts\/7428\/revisions"}],"predecessor-version":[{"id":7431,"href":"https:\/\/laprensacristiana.com\/index.php?rest_route=\/wp\/v2\/posts\/7428\/revisions\/7431"}],"wp:featuredmedia":[{"embeddable":true,"href":"https:\/\/laprensacristiana.com\/index.php?rest_route=\/wp\/v2\/media\/7429"}],"wp:attachment":[{"href":"https:\/\/laprensacristiana.com\/index.php?rest_route=%2Fwp%2Fv2%2Fmedia&parent=7428"}],"wp:term":[{"taxonomy":"category","embeddable":true,"href":"https:\/\/laprensacristiana.com\/index.php?rest_route=%2Fwp%2Fv2%2Fcategories&post=7428"},{"taxonomy":"post_tag","embeddable":true,"href":"https:\/\/laprensacristiana.com\/index.php?rest_route=%2Fwp%2Fv2%2Ftags&post=7428"}],"curies":[{"name":"wp","href":"https:\/\/api.w.org\/{rel}","templated":true}]}}