{"id":7432,"date":"2019-12-07T16:32:55","date_gmt":"2019-12-07T16:32:55","guid":{"rendered":"https:\/\/laprensacristiana.com\/?p=7432"},"modified":"2019-12-07T16:38:07","modified_gmt":"2019-12-07T16:38:07","slug":"muere-el-evangelista-reinhard-bonnke","status":"publish","type":"post","link":"https:\/\/laprensacristiana.com\/?p=7432","title":{"rendered":"Muere el evangelista Reinhard Bonnke"},"content":{"rendered":"\n<p>El evangelista Reinhard Bonnke fue conocido principalmente por\nsus grandes cruzadas evangel\u00edsticas por todo el continente de \u00c1frica. Era hijo\nde pastor, entrego su vida al Se\u00f1or a los nueve a\u00f1os de edad, escucho el\nllamado al campo misionero africano antes de llegar a la adolescencia. Estudio\nseminario b\u00edblico en Gales y fue ordenado en Alemania, pastore\u00f3 una iglesia y\nluego comenz\u00f3 la obra misionera en \u00c1frica. <\/p>\n\n\n\n<p>Dios puso en su coraz\u00f3n la visi\u00f3n de llevar el evangelio al continente de \u00c1frica, desde la Ciudad del Cabo hasta Cairo, y desde Dakar hasta Djibouti. Empez\u00f3 a realizar reuniones en una carpa que albergaba a 800 personas, pero la asistencia fue aumentando regularmente y tuvieron que comprarse carpas cada vez m\u00e1s grandes, finalmente en 1984 se construy\u00f3 la estructura m\u00f3vil m\u00e1s grande el mundo, una carpa que albergaba alrededor de 34,000 personas. Luego comenz\u00f3 a realzar campa\u00f1as evangel\u00edsticas al aire libre reuniendo a m\u00e1s de 150,000 hasta 1,600,000 personas. <\/p>\n\n\n\n<figure class=\"wp-block-image\"><img decoding=\"async\" loading=\"lazy\" width=\"720\" height=\"300\" src=\"https:\/\/laprensacristiana.com\/wp-content\/uploads\/2019\/12\/WhatsApp-Image-2019-12-07-at-10.23.31.jpeg\" alt=\"\" class=\"wp-image-7434\" srcset=\"https:\/\/laprensacristiana.com\/wp-content\/uploads\/2019\/12\/WhatsApp-Image-2019-12-07-at-10.23.31.jpeg 720w, https:\/\/laprensacristiana.com\/wp-content\/uploads\/2019\/12\/WhatsApp-Image-2019-12-07-at-10.23.31-300x125.jpeg 300w, https:\/\/laprensacristiana.com\/wp-content\/uploads\/2019\/12\/WhatsApp-Image-2019-12-07-at-10.23.31-696x290.jpeg 696w, https:\/\/laprensacristiana.com\/wp-content\/uploads\/2019\/12\/WhatsApp-Image-2019-12-07-at-10.23.31-600x250.jpeg 600w\" sizes=\"(max-width: 720px) 100vw, 720px\" \/><\/figure>\n\n\n\n<p>Hace m\u00e1s de 45 a\u00f1os que el evangelista fundo el ministerio\ninternacional Cristo para Todas las Naciones , el ministerio lleva un registro\nde m\u00e1s de 77 millones de conversiones alrededor del mundo documentadas. Trabajan\npor medio del discipulado, cuentan con 185 millones de literatura traducidos a\n103 idiomas e impresos en 55 pa\u00edses. &nbsp;<\/p>\n\n\n\n<p>Esta ma\u00f1ana a trav\u00e9s de su p\u00e1gina oficial de Facebook Evangelista\nReinhard Bonnke- En espa\u00f1ol se dio a conocer la triste noticia de su\nfallecimiento:<\/p>\n\n\n\n<p>\u201cQueridos hermanos y hermanas en Cristo,<\/p>\n\n\n\n<p>Es con tristeza que la familia Bonnke le gustar\u00eda anunciar el fallecimiento de nuestro amado esposo, padre y abuelo, el evangelista Reinhard Bonnke. El falleci\u00f3 en paz, rodeado de su familia, el 7 de diciembre de 2019. Durante los \u00faltimos 60 a\u00f1os ha predicado el glorioso Evangelio de Jes\u00fas en todo el mundo. Queremos darle las gracias en nombre de \u00e9l y de nuestra familia, por su amable amor y apoyo inquebrantable, lo que permiti\u00f3 predicar el mensaje de salvaci\u00f3n a innumerables personas.  <\/p>\n\n\n\n<p>El predico a Jes\u00fas\u2026\u00bb<\/p>\n\n\n\n<p>En Cristo, <\/p>\n\n\n\n<p>Anni Bonnke y familia<\/p>\n","protected":false},"excerpt":{"rendered":"<p>El evangelista Reinhard Bonnke fue conocido principalmente por sus grandes cruzadas evangel\u00edsticas por todo el continente de \u00c1frica. Era hijo de pastor, entrego su vida al Se\u00f1or a los nueve a\u00f1os de edad, escucho el llamado al campo misionero africano antes de llegar a la adolescencia. Estudio seminario b\u00edblico en Gales y fue ordenado en [&hellip;]<\/p>\n","protected":false},"author":3,"featured_media":7433,"comment_status":"open","ping_status":"open","sticky":false,"template":"","format":"standard","meta":[],"categories":[56],"tags":[],"yoast_head":"<!-- This site is optimized with the Yoast SEO plugin v20.8 - https:\/\/yoast.com\/wordpress\/plugins\/seo\/ -->\n<title>Muere el evangelista Reinhard Bonnke - La Prensa Cristiana<\/title>\n<meta name=\"robots\" content=\"index, follow, max-snippet:-1, max-image-preview:large, max-video-preview:-1\" \/>\n<link rel=\"canonical\" href=\"https:\/\/laprensacristiana.com\/?p=7432\" \/>\n<meta property=\"og:locale\" content=\"es_ES\" \/>\n<meta property=\"og:type\" content=\"article\" \/>\n<meta property=\"og:title\" content=\"Muere el evangelista Reinhard Bonnke - La Prensa Cristiana\" \/>\n<meta property=\"og:description\" content=\"El evangelista Reinhard Bonnke fue conocido principalmente por sus grandes cruzadas evangel\u00edsticas por todo el continente de \u00c1frica. Era hijo de pastor, entrego su vida al Se\u00f1or a los nueve a\u00f1os de edad, escucho el llamado al campo misionero africano antes de llegar a la adolescencia. Estudio seminario b\u00edblico en Gales y fue ordenado en [&hellip;]\" \/>\n<meta property=\"og:url\" content=\"https:\/\/laprensacristiana.com\/?p=7432\" \/>\n<meta property=\"og:site_name\" content=\"La Prensa Cristiana\" \/>\n<meta property=\"article:published_time\" content=\"2019-12-07T16:32:55+00:00\" \/>\n<meta property=\"article:modified_time\" content=\"2019-12-07T16:38:07+00:00\" \/>\n<meta property=\"og:image\" content=\"https:\/\/laprensacristiana.com\/wp-content\/uploads\/2019\/12\/WhatsApp-Image-2019-12-07-at-10.23.18.jpeg\" \/>\n\t<meta property=\"og:image:width\" content=\"720\" \/>\n\t<meta property=\"og:image:height\" content=\"475\" \/>\n\t<meta property=\"og:image:type\" content=\"image\/jpeg\" \/>\n<meta name=\"author\" content=\"EDITOR\" \/>\n<meta name=\"twitter:card\" content=\"summary_large_image\" \/>\n<meta name=\"twitter:label1\" content=\"Escrito por\" \/>\n\t<meta name=\"twitter:data1\" content=\"EDITOR\" \/>\n\t<meta name=\"twitter:label2\" content=\"Tiempo de lectura\" \/>\n\t<meta name=\"twitter:data2\" content=\"2 minutos\" \/>\n<script type=\"application\/ld+json\" class=\"yoast-schema-graph\">{\"@context\":\"https:\/\/schema.org\",\"@graph\":[{\"@type\":\"WebPage\",\"@id\":\"https:\/\/laprensacristiana.com\/?p=7432\",\"url\":\"https:\/\/laprensacristiana.com\/?p=7432\",\"name\":\"Muere el evangelista Reinhard Bonnke - La Prensa Cristiana\",\"isPartOf\":{\"@id\":\"https:\/\/laprensacristiana.com\/#website\"},\"datePublished\":\"2019-12-07T16:32:55+00:00\",\"dateModified\":\"2019-12-07T16:38:07+00:00\",\"author\":{\"@id\":\"https:\/\/laprensacristiana.com\/#\/schema\/person\/3e7d82c6bfd6b1fa67010f8f7cd5256e\"},\"breadcrumb\":{\"@id\":\"https:\/\/laprensacristiana.com\/?p=7432#breadcrumb\"},\"inLanguage\":\"es\",\"potentialAction\":[{\"@type\":\"ReadAction\",\"target\":[\"https:\/\/laprensacristiana.com\/?p=7432\"]}]},{\"@type\":\"BreadcrumbList\",\"@id\":\"https:\/\/laprensacristiana.com\/?p=7432#breadcrumb\",\"itemListElement\":[{\"@type\":\"ListItem\",\"position\":1,\"name\":\"Portada\",\"item\":\"https:\/\/laprensacristiana.com\/\"},{\"@type\":\"ListItem\",\"position\":2,\"name\":\"Muere el evangelista Reinhard Bonnke\"}]},{\"@type\":\"WebSite\",\"@id\":\"https:\/\/laprensacristiana.com\/#website\",\"url\":\"https:\/\/laprensacristiana.com\/\",\"name\":\"La Prensa Cristiana\",\"description\":\"Anunciando Las Buenas Nuevas\",\"potentialAction\":[{\"@type\":\"SearchAction\",\"target\":{\"@type\":\"EntryPoint\",\"urlTemplate\":\"https:\/\/laprensacristiana.com\/?s={search_term_string}\"},\"query-input\":\"required name=search_term_string\"}],\"inLanguage\":\"es\"},{\"@type\":\"Person\",\"@id\":\"https:\/\/laprensacristiana.com\/#\/schema\/person\/3e7d82c6bfd6b1fa67010f8f7cd5256e\",\"name\":\"EDITOR\",\"image\":{\"@type\":\"ImageObject\",\"inLanguage\":\"es\",\"@id\":\"https:\/\/laprensacristiana.com\/#\/schema\/person\/image\/\",\"url\":\"https:\/\/secure.gravatar.com\/avatar\/72069dfb6c13772d9e8381e3638666d2?s=96&d=mm&r=g\",\"contentUrl\":\"https:\/\/secure.gravatar.com\/avatar\/72069dfb6c13772d9e8381e3638666d2?s=96&d=mm&r=g\",\"caption\":\"EDITOR\"},\"url\":\"https:\/\/laprensacristiana.com\/?author=3\"}]}<\/script>\n<!-- \/ Yoast SEO plugin. -->","yoast_head_json":{"title":"Muere el evangelista Reinhard Bonnke - La Prensa Cristiana","robots":{"index":"index","follow":"follow","max-snippet":"max-snippet:-1","max-image-preview":"max-image-preview:large","max-video-preview":"max-video-preview:-1"},"canonical":"https:\/\/laprensacristiana.com\/?p=7432","og_locale":"es_ES","og_type":"article","og_title":"Muere el evangelista Reinhard Bonnke - La Prensa Cristiana","og_description":"El evangelista Reinhard Bonnke fue conocido principalmente por sus grandes cruzadas evangel\u00edsticas por todo el continente de \u00c1frica. Era hijo de pastor, entrego su vida al Se\u00f1or a los nueve a\u00f1os de edad, escucho el llamado al campo misionero africano antes de llegar a la adolescencia. Estudio seminario b\u00edblico en Gales y fue ordenado en [&hellip;]","og_url":"https:\/\/laprensacristiana.com\/?p=7432","og_site_name":"La Prensa Cristiana","article_published_time":"2019-12-07T16:32:55+00:00","article_modified_time":"2019-12-07T16:38:07+00:00","og_image":[{"width":720,"height":475,"url":"https:\/\/laprensacristiana.com\/wp-content\/uploads\/2019\/12\/WhatsApp-Image-2019-12-07-at-10.23.18.jpeg","type":"image\/jpeg"}],"author":"EDITOR","twitter_card":"summary_large_image","twitter_misc":{"Escrito por":"EDITOR","Tiempo de lectura":"2 minutos"},"schema":{"@context":"https:\/\/schema.org","@graph":[{"@type":"WebPage","@id":"https:\/\/laprensacristiana.com\/?p=7432","url":"https:\/\/laprensacristiana.com\/?p=7432","name":"Muere el evangelista Reinhard Bonnke - La Prensa Cristiana","isPartOf":{"@id":"https:\/\/laprensacristiana.com\/#website"},"datePublished":"2019-12-07T16:32:55+00:00","dateModified":"2019-12-07T16:38:07+00:00","author":{"@id":"https:\/\/laprensacristiana.com\/#\/schema\/person\/3e7d82c6bfd6b1fa67010f8f7cd5256e"},"breadcrumb":{"@id":"https:\/\/laprensacristiana.com\/?p=7432#breadcrumb"},"inLanguage":"es","potentialAction":[{"@type":"ReadAction","target":["https:\/\/laprensacristiana.com\/?p=7432"]}]},{"@type":"BreadcrumbList","@id":"https:\/\/laprensacristiana.com\/?p=7432#breadcrumb","itemListElement":[{"@type":"ListItem","position":1,"name":"Portada","item":"https:\/\/laprensacristiana.com\/"},{"@type":"ListItem","position":2,"name":"Muere el evangelista Reinhard Bonnke"}]},{"@type":"WebSite","@id":"https:\/\/laprensacristiana.com\/#website","url":"https:\/\/laprensacristiana.com\/","name":"La Prensa Cristiana","description":"Anunciando Las Buenas Nuevas","potentialAction":[{"@type":"SearchAction","target":{"@type":"EntryPoint","urlTemplate":"https:\/\/laprensacristiana.com\/?s={search_term_string}"},"query-input":"required name=search_term_string"}],"inLanguage":"es"},{"@type":"Person","@id":"https:\/\/laprensacristiana.com\/#\/schema\/person\/3e7d82c6bfd6b1fa67010f8f7cd5256e","name":"EDITOR","image":{"@type":"ImageObject","inLanguage":"es","@id":"https:\/\/laprensacristiana.com\/#\/schema\/person\/image\/","url":"https:\/\/secure.gravatar.com\/avatar\/72069dfb6c13772d9e8381e3638666d2?s=96&d=mm&r=g","contentUrl":"https:\/\/secure.gravatar.com\/avatar\/72069dfb6c13772d9e8381e3638666d2?s=96&d=mm&r=g","caption":"EDITOR"},"url":"https:\/\/laprensacristiana.com\/?author=3"}]}},"_links":{"self":[{"href":"https:\/\/laprensacristiana.com\/index.php?rest_route=\/wp\/v2\/posts\/7432"}],"collection":[{"href":"https:\/\/laprensacristiana.com\/index.php?rest_route=\/wp\/v2\/posts"}],"about":[{"href":"https:\/\/laprensacristiana.com\/index.php?rest_route=\/wp\/v2\/types\/post"}],"author":[{"embeddable":true,"href":"https:\/\/laprensacristiana.com\/index.php?rest_route=\/wp\/v2\/users\/3"}],"replies":[{"embeddable":true,"href":"https:\/\/laprensacristiana.com\/index.php?rest_route=%2Fwp%2Fv2%2Fcomments&post=7432"}],"version-history":[{"count":2,"href":"https:\/\/laprensacristiana.com\/index.php?rest_route=\/wp\/v2\/posts\/7432\/revisions"}],"predecessor-version":[{"id":7436,"href":"https:\/\/laprensacristiana.com\/index.php?rest_route=\/wp\/v2\/posts\/7432\/revisions\/7436"}],"wp:featuredmedia":[{"embeddable":true,"href":"https:\/\/laprensacristiana.com\/index.php?rest_route=\/wp\/v2\/media\/7433"}],"wp:attachment":[{"href":"https:\/\/laprensacristiana.com\/index.php?rest_route=%2Fwp%2Fv2%2Fmedia&parent=7432"}],"wp:term":[{"taxonomy":"category","embeddable":true,"href":"https:\/\/laprensacristiana.com\/index.php?rest_route=%2Fwp%2Fv2%2Fcategories&post=7432"},{"taxonomy":"post_tag","embeddable":true,"href":"https:\/\/laprensacristiana.com\/index.php?rest_route=%2Fwp%2Fv2%2Ftags&post=7432"}],"curies":[{"name":"wp","href":"https:\/\/api.w.org\/{rel}","templated":true}]}}