{"id":7474,"date":"2019-12-22T17:27:11","date_gmt":"2019-12-22T17:27:11","guid":{"rendered":"https:\/\/laprensacristiana.com\/?p=7474"},"modified":"2019-12-22T17:27:14","modified_gmt":"2019-12-22T17:27:14","slug":"realizan-accion-de-gracias-en-san-juan-opico","status":"publish","type":"post","link":"https:\/\/laprensacristiana.com\/?p=7474","title":{"rendered":"Realizan acci\u00f3n de gracias en San Juan Opico"},"content":{"rendered":"\n<p>El d\u00eda de ayer  m\u00e1s de 100 pastores de diferentes denominaciones fueron convocados por la alcaldesa  de San Juan Opico para agradecer por un a\u00f1o de bendiciones y trabajo de la mano con la iglesia evang\u00e9lica de esta ciudad.<\/p>\n\n\n\n<p>Realizaron un servicio, hubo alabanza, la predicaci\u00f3n estuvo a cargo del Pastor Stanley Morales de Iglesia CEFAD de San Salvador. <\/p>\n\n\n\n<p>La Alcaldesa agradeci\u00f3 a cada uno de los pastores  por el servicio incondicional que prestan a su ciudad:<\/p>\n\n\n\n<p>\u00abLl\u00e9venme en sus oraciones para que Dios me de sabidur\u00eda para dar el mejor servicio a mis queridos Opicanos\u00bb expres\u00f3 la Dra. Abiga\u00edl Gir\u00f3n<\/p>\n\n\n\n<figure class=\"wp-block-image\"><img decoding=\"async\" loading=\"lazy\" width=\"1024\" height=\"768\" src=\"https:\/\/laprensacristiana.com\/wp-content\/uploads\/2019\/12\/7771f90c-c76a-4a1e-aafa-a9a872dc60dd-1024x768.jpg\" alt=\"\" class=\"wp-image-7476\" srcset=\"https:\/\/laprensacristiana.com\/wp-content\/uploads\/2019\/12\/7771f90c-c76a-4a1e-aafa-a9a872dc60dd-1024x768.jpg 1024w, https:\/\/laprensacristiana.com\/wp-content\/uploads\/2019\/12\/7771f90c-c76a-4a1e-aafa-a9a872dc60dd-300x225.jpg 300w, https:\/\/laprensacristiana.com\/wp-content\/uploads\/2019\/12\/7771f90c-c76a-4a1e-aafa-a9a872dc60dd-768x576.jpg 768w, https:\/\/laprensacristiana.com\/wp-content\/uploads\/2019\/12\/7771f90c-c76a-4a1e-aafa-a9a872dc60dd-80x60.jpg 80w, https:\/\/laprensacristiana.com\/wp-content\/uploads\/2019\/12\/7771f90c-c76a-4a1e-aafa-a9a872dc60dd-265x198.jpg 265w, https:\/\/laprensacristiana.com\/wp-content\/uploads\/2019\/12\/7771f90c-c76a-4a1e-aafa-a9a872dc60dd-696x522.jpg 696w, https:\/\/laprensacristiana.com\/wp-content\/uploads\/2019\/12\/7771f90c-c76a-4a1e-aafa-a9a872dc60dd-560x420.jpg 560w, https:\/\/laprensacristiana.com\/wp-content\/uploads\/2019\/12\/7771f90c-c76a-4a1e-aafa-a9a872dc60dd-600x450.jpg 600w, https:\/\/laprensacristiana.com\/wp-content\/uploads\/2019\/12\/7771f90c-c76a-4a1e-aafa-a9a872dc60dd.jpg 1032w\" sizes=\"(max-width: 1024px) 100vw, 1024px\" \/><\/figure>\n","protected":false},"excerpt":{"rendered":"<p>El d\u00eda de ayer m\u00e1s de 100 pastores de diferentes denominaciones fueron convocados por la alcaldesa de San Juan Opico para agradecer por un a\u00f1o de bendiciones y trabajo de la mano con la iglesia evang\u00e9lica de esta ciudad. Realizaron un servicio, hubo alabanza, la predicaci\u00f3n estuvo a cargo del Pastor Stanley Morales de Iglesia [&hellip;]<\/p>\n","protected":false},"author":3,"featured_media":7475,"comment_status":"open","ping_status":"open","sticky":false,"template":"","format":"standard","meta":[],"categories":[56],"tags":[],"yoast_head":"<!-- This site is optimized with the Yoast SEO plugin v20.8 - https:\/\/yoast.com\/wordpress\/plugins\/seo\/ -->\n<title>Realizan acci\u00f3n de gracias en San Juan Opico - La Prensa Cristiana<\/title>\n<meta name=\"robots\" content=\"index, follow, max-snippet:-1, max-image-preview:large, max-video-preview:-1\" \/>\n<link rel=\"canonical\" href=\"https:\/\/laprensacristiana.com\/?p=7474\" \/>\n<meta property=\"og:locale\" content=\"es_ES\" \/>\n<meta property=\"og:type\" content=\"article\" \/>\n<meta property=\"og:title\" content=\"Realizan acci\u00f3n de gracias en San Juan Opico - La Prensa Cristiana\" \/>\n<meta property=\"og:description\" content=\"El d\u00eda de ayer m\u00e1s de 100 pastores de diferentes denominaciones fueron convocados por la alcaldesa de San Juan Opico para agradecer por un a\u00f1o de bendiciones y trabajo de la mano con la iglesia evang\u00e9lica de esta ciudad. Realizaron un servicio, hubo alabanza, la predicaci\u00f3n estuvo a cargo del Pastor Stanley Morales de Iglesia [&hellip;]\" \/>\n<meta property=\"og:url\" content=\"https:\/\/laprensacristiana.com\/?p=7474\" \/>\n<meta property=\"og:site_name\" content=\"La Prensa Cristiana\" \/>\n<meta property=\"article:published_time\" content=\"2019-12-22T17:27:11+00:00\" \/>\n<meta property=\"article:modified_time\" content=\"2019-12-22T17:27:14+00:00\" \/>\n<meta property=\"og:image\" content=\"https:\/\/laprensacristiana.com\/wp-content\/uploads\/2019\/12\/409255ee-6fe0-4c6c-baaf-500b600807b4.jpg\" \/>\n\t<meta property=\"og:image:width\" content=\"774\" \/>\n\t<meta property=\"og:image:height\" content=\"1032\" \/>\n\t<meta property=\"og:image:type\" content=\"image\/jpeg\" \/>\n<meta name=\"author\" content=\"EDITOR\" \/>\n<meta name=\"twitter:card\" content=\"summary_large_image\" \/>\n<meta name=\"twitter:label1\" content=\"Escrito por\" \/>\n\t<meta name=\"twitter:data1\" content=\"EDITOR\" \/>\n\t<meta name=\"twitter:label2\" content=\"Tiempo de lectura\" \/>\n\t<meta name=\"twitter:data2\" content=\"1 minuto\" \/>\n<script type=\"application\/ld+json\" class=\"yoast-schema-graph\">{\"@context\":\"https:\/\/schema.org\",\"@graph\":[{\"@type\":\"WebPage\",\"@id\":\"https:\/\/laprensacristiana.com\/?p=7474\",\"url\":\"https:\/\/laprensacristiana.com\/?p=7474\",\"name\":\"Realizan acci\u00f3n de gracias en San Juan Opico - La Prensa Cristiana\",\"isPartOf\":{\"@id\":\"https:\/\/laprensacristiana.com\/#website\"},\"datePublished\":\"2019-12-22T17:27:11+00:00\",\"dateModified\":\"2019-12-22T17:27:14+00:00\",\"author\":{\"@id\":\"https:\/\/laprensacristiana.com\/#\/schema\/person\/3e7d82c6bfd6b1fa67010f8f7cd5256e\"},\"breadcrumb\":{\"@id\":\"https:\/\/laprensacristiana.com\/?p=7474#breadcrumb\"},\"inLanguage\":\"es\",\"potentialAction\":[{\"@type\":\"ReadAction\",\"target\":[\"https:\/\/laprensacristiana.com\/?p=7474\"]}]},{\"@type\":\"BreadcrumbList\",\"@id\":\"https:\/\/laprensacristiana.com\/?p=7474#breadcrumb\",\"itemListElement\":[{\"@type\":\"ListItem\",\"position\":1,\"name\":\"Portada\",\"item\":\"https:\/\/laprensacristiana.com\/\"},{\"@type\":\"ListItem\",\"position\":2,\"name\":\"Realizan acci\u00f3n de gracias en San Juan Opico\"}]},{\"@type\":\"WebSite\",\"@id\":\"https:\/\/laprensacristiana.com\/#website\",\"url\":\"https:\/\/laprensacristiana.com\/\",\"name\":\"La Prensa Cristiana\",\"description\":\"Anunciando Las Buenas Nuevas\",\"potentialAction\":[{\"@type\":\"SearchAction\",\"target\":{\"@type\":\"EntryPoint\",\"urlTemplate\":\"https:\/\/laprensacristiana.com\/?s={search_term_string}\"},\"query-input\":\"required name=search_term_string\"}],\"inLanguage\":\"es\"},{\"@type\":\"Person\",\"@id\":\"https:\/\/laprensacristiana.com\/#\/schema\/person\/3e7d82c6bfd6b1fa67010f8f7cd5256e\",\"name\":\"EDITOR\",\"image\":{\"@type\":\"ImageObject\",\"inLanguage\":\"es\",\"@id\":\"https:\/\/laprensacristiana.com\/#\/schema\/person\/image\/\",\"url\":\"https:\/\/secure.gravatar.com\/avatar\/72069dfb6c13772d9e8381e3638666d2?s=96&d=mm&r=g\",\"contentUrl\":\"https:\/\/secure.gravatar.com\/avatar\/72069dfb6c13772d9e8381e3638666d2?s=96&d=mm&r=g\",\"caption\":\"EDITOR\"},\"url\":\"https:\/\/laprensacristiana.com\/?author=3\"}]}<\/script>\n<!-- \/ Yoast SEO plugin. -->","yoast_head_json":{"title":"Realizan acci\u00f3n de gracias en San Juan Opico - La Prensa Cristiana","robots":{"index":"index","follow":"follow","max-snippet":"max-snippet:-1","max-image-preview":"max-image-preview:large","max-video-preview":"max-video-preview:-1"},"canonical":"https:\/\/laprensacristiana.com\/?p=7474","og_locale":"es_ES","og_type":"article","og_title":"Realizan acci\u00f3n de gracias en San Juan Opico - La Prensa Cristiana","og_description":"El d\u00eda de ayer m\u00e1s de 100 pastores de diferentes denominaciones fueron convocados por la alcaldesa de San Juan Opico para agradecer por un a\u00f1o de bendiciones y trabajo de la mano con la iglesia evang\u00e9lica de esta ciudad. Realizaron un servicio, hubo alabanza, la predicaci\u00f3n estuvo a cargo del Pastor Stanley Morales de Iglesia [&hellip;]","og_url":"https:\/\/laprensacristiana.com\/?p=7474","og_site_name":"La Prensa Cristiana","article_published_time":"2019-12-22T17:27:11+00:00","article_modified_time":"2019-12-22T17:27:14+00:00","og_image":[{"width":774,"height":1032,"url":"https:\/\/laprensacristiana.com\/wp-content\/uploads\/2019\/12\/409255ee-6fe0-4c6c-baaf-500b600807b4.jpg","type":"image\/jpeg"}],"author":"EDITOR","twitter_card":"summary_large_image","twitter_misc":{"Escrito por":"EDITOR","Tiempo de lectura":"1 minuto"},"schema":{"@context":"https:\/\/schema.org","@graph":[{"@type":"WebPage","@id":"https:\/\/laprensacristiana.com\/?p=7474","url":"https:\/\/laprensacristiana.com\/?p=7474","name":"Realizan acci\u00f3n de gracias en San Juan Opico - La Prensa Cristiana","isPartOf":{"@id":"https:\/\/laprensacristiana.com\/#website"},"datePublished":"2019-12-22T17:27:11+00:00","dateModified":"2019-12-22T17:27:14+00:00","author":{"@id":"https:\/\/laprensacristiana.com\/#\/schema\/person\/3e7d82c6bfd6b1fa67010f8f7cd5256e"},"breadcrumb":{"@id":"https:\/\/laprensacristiana.com\/?p=7474#breadcrumb"},"inLanguage":"es","potentialAction":[{"@type":"ReadAction","target":["https:\/\/laprensacristiana.com\/?p=7474"]}]},{"@type":"BreadcrumbList","@id":"https:\/\/laprensacristiana.com\/?p=7474#breadcrumb","itemListElement":[{"@type":"ListItem","position":1,"name":"Portada","item":"https:\/\/laprensacristiana.com\/"},{"@type":"ListItem","position":2,"name":"Realizan acci\u00f3n de gracias en San Juan Opico"}]},{"@type":"WebSite","@id":"https:\/\/laprensacristiana.com\/#website","url":"https:\/\/laprensacristiana.com\/","name":"La Prensa Cristiana","description":"Anunciando Las Buenas Nuevas","potentialAction":[{"@type":"SearchAction","target":{"@type":"EntryPoint","urlTemplate":"https:\/\/laprensacristiana.com\/?s={search_term_string}"},"query-input":"required name=search_term_string"}],"inLanguage":"es"},{"@type":"Person","@id":"https:\/\/laprensacristiana.com\/#\/schema\/person\/3e7d82c6bfd6b1fa67010f8f7cd5256e","name":"EDITOR","image":{"@type":"ImageObject","inLanguage":"es","@id":"https:\/\/laprensacristiana.com\/#\/schema\/person\/image\/","url":"https:\/\/secure.gravatar.com\/avatar\/72069dfb6c13772d9e8381e3638666d2?s=96&d=mm&r=g","contentUrl":"https:\/\/secure.gravatar.com\/avatar\/72069dfb6c13772d9e8381e3638666d2?s=96&d=mm&r=g","caption":"EDITOR"},"url":"https:\/\/laprensacristiana.com\/?author=3"}]}},"_links":{"self":[{"href":"https:\/\/laprensacristiana.com\/index.php?rest_route=\/wp\/v2\/posts\/7474"}],"collection":[{"href":"https:\/\/laprensacristiana.com\/index.php?rest_route=\/wp\/v2\/posts"}],"about":[{"href":"https:\/\/laprensacristiana.com\/index.php?rest_route=\/wp\/v2\/types\/post"}],"author":[{"embeddable":true,"href":"https:\/\/laprensacristiana.com\/index.php?rest_route=\/wp\/v2\/users\/3"}],"replies":[{"embeddable":true,"href":"https:\/\/laprensacristiana.com\/index.php?rest_route=%2Fwp%2Fv2%2Fcomments&post=7474"}],"version-history":[{"count":2,"href":"https:\/\/laprensacristiana.com\/index.php?rest_route=\/wp\/v2\/posts\/7474\/revisions"}],"predecessor-version":[{"id":7478,"href":"https:\/\/laprensacristiana.com\/index.php?rest_route=\/wp\/v2\/posts\/7474\/revisions\/7478"}],"wp:featuredmedia":[{"embeddable":true,"href":"https:\/\/laprensacristiana.com\/index.php?rest_route=\/wp\/v2\/media\/7475"}],"wp:attachment":[{"href":"https:\/\/laprensacristiana.com\/index.php?rest_route=%2Fwp%2Fv2%2Fmedia&parent=7474"}],"wp:term":[{"taxonomy":"category","embeddable":true,"href":"https:\/\/laprensacristiana.com\/index.php?rest_route=%2Fwp%2Fv2%2Fcategories&post=7474"},{"taxonomy":"post_tag","embeddable":true,"href":"https:\/\/laprensacristiana.com\/index.php?rest_route=%2Fwp%2Fv2%2Ftags&post=7474"}],"curies":[{"name":"wp","href":"https:\/\/api.w.org\/{rel}","templated":true}]}}