{"id":7482,"date":"2019-12-26T14:16:12","date_gmt":"2019-12-26T14:16:12","guid":{"rendered":"https:\/\/laprensacristiana.com\/?p=7482"},"modified":"2019-12-26T14:16:18","modified_gmt":"2019-12-26T14:16:18","slug":"los-anos-maravillosos","status":"publish","type":"post","link":"https:\/\/laprensacristiana.com\/?p=7482","title":{"rendered":"Los A\u00f1os Maravillosos"},"content":{"rendered":"\n<p>La gran mayor\u00eda suspira profundo al recordar \u00e9pocas\npasadas.&nbsp; A\u00f1os que quiz\u00e1 fueron m\u00e1s\nc\u00f3modos, emocionantes y de gratas experiencias.&nbsp;\nPero lastimosamente pasaron, y la cruel realidad de saber que no\nvolver\u00e1n, castiga la proyecci\u00f3n de los recuerdos en la memoria de los que\nsuspiran por el ayer. <\/p>\n\n\n\n<p>La verdad es que, esos a\u00f1os ten\u00edan ingredientes que ahora\nno se usan. Como lo es, <strong>la\ntotal gratitud<\/strong>, la cual te conduce a la celebraci\u00f3n.&nbsp; No es lo mismo dar gracias que estar\nagradecido.&nbsp; A veces darle gracias a Dios\nse convierte en un cumplido o un lindero habitual de cortes\u00eda en tus oraciones,\nque con envoltorio de rutina y monoton\u00eda se la ofreces cada d\u00eda. As\u00ed que para\nque tus d\u00edas mejoren, debes mudar las gracias por un sentimiento autentico de\ngratitud y acci\u00f3n de gracias.&nbsp; Pero si ya\nno te importan los d\u00edas que pasan ni como los vives ni con quien los vives, has\nentrado al desinter\u00e9s de la vida, y sin darte cuenta, vives desagradecido con\nel mismo Dios que permiti\u00f3 episodios hermosos en los pasados a\u00f1os.&nbsp; De seguro el envejecimiento vendr\u00e1 y avanzar\u00e1\nr\u00e1pidamente por ausencia de sonrisas e inspiraci\u00f3n que cada ma\u00f1ana deber\u00edas de\ndemostrar. <\/p>\n\n\n\n<p>Otro ingrediente que endulza tu calendario es <strong>la toma de riesgos.&nbsp; <\/strong>Si recuerdas, muchas de las buenas\nexperiencias que viviste en esos a\u00f1os que llamas maravillosos, fue la emoci\u00f3n y\nla adrenalina de vivir y hacer cosas por primera vez.&nbsp; Si ya no haces cosas nuevas se termin\u00f3 el\ninter\u00e9s de vivir la vida.&nbsp; tus semanas,\ntus meses y tus a\u00f1os los vivir\u00e1s a blanco y negro.&nbsp; Nada se mover\u00e1 de su lugar, serias un piloto\nautom\u00e1tico, un rutinario simple y vivir\u00e1s como ermita\u00f1o en tu propia cueva\nsolitaria. <\/p>\n\n\n\n<p>Lev\u00e1ntate, sac\u00fadete el polvo y vive nuevas aventuras que\nhar\u00e1n de los nuevos a\u00f1os una mejor temporada. Hay muchos lugares por conocer,\nnuevas amistades por construir, multitud de sonrisas que provocar, miles de\nplatillos por probar y nuevas alturas por alcanzar. <\/p>\n\n\n\n<p>La brillantez de tus d\u00edas no dependen de las cosas, la salud o las facilidades que antes ten\u00edas.\u00a0 Cada una de las dificultades presentes o limitaciones actuales, simplemente le ponen m\u00e1s sabor al fest\u00edn.\u00a0 A Dios le parece que ning\u00fan d\u00eda se repite porque es nueva cada ma\u00f1ana.\u00a0 A veces el \u00fanico que piensa que vive d\u00edas comunes y corrientes eres t\u00fa. <\/p>\n\n\n\n<p>A continuaci\u00f3n, considera los gigantes que debes de\nvencer para que los nuevos a\u00f1os sean m\u00e1s maravillosos que los pasados.<\/p>\n\n\n\n<p style=\"text-align:center\"><strong>La nostalgia <\/strong><\/p>\n\n\n\n<p>No le des protagonismo a la tristeza, ni a los\nsuspiros.&nbsp; Cada vez te har\u00e1n descender\nm\u00e1s y m\u00e1s en un espiral de depresi\u00f3n. <\/p>\n\n\n\n<p>Hay p\u00e1ginas que debes de pasar, cicatrices que debes de\nsanar y malas experiencias que debes de superar.&nbsp; Es bonito recordar lo mejor de ayer, pero se\nvuelve una tortura querer hacer que vuelvan a suceder.&nbsp; Dios tiene para ti, d\u00edas nuevos, los dem\u00e1s\npasaron, y los d\u00edas que vienen pueden ser mucho mejores. <em>La nostalgia te debe de ayudar, no deprimir.&nbsp; Ella debe de ayudarte a elaborar inventarios\npara evitar cometer errores pasados<\/em>, pero no permitas que te a\u00f1ada culpa\npor lo que se ech\u00f3 a perder.&nbsp; <\/p>\n\n\n\n<p>La nostalgia debe de ser gobernada.&nbsp; Simplemente te visita para recordarte de lo\nque fuiste capas y te reta a ser mejor que ayer.&nbsp; <\/p>\n\n\n\n<p><em>Las fotograf\u00edas te desaf\u00edan a crear nuevas, no a llorar sobre ellas<\/em>.&nbsp; Por eso Dios nos dio un\nconsolador, <em>para superar lo insuperable y\npara alcanzar lo<\/em> <em>inalcanzable.<\/em>&nbsp;&nbsp;&nbsp;&nbsp;&nbsp;&nbsp;&nbsp;&nbsp;&nbsp;&nbsp;&nbsp;&nbsp;&nbsp;&nbsp;&nbsp;&nbsp;&nbsp;&nbsp;&nbsp;&nbsp;&nbsp;&nbsp;&nbsp;&nbsp;&nbsp;&nbsp;&nbsp;&nbsp;&nbsp;&nbsp;&nbsp;&nbsp;&nbsp;&nbsp;&nbsp;&nbsp; <\/p>\n\n\n\n<p>&nbsp;&nbsp;&nbsp;&nbsp;&nbsp;&nbsp;&nbsp;&nbsp;&nbsp;&nbsp;&nbsp;&nbsp;&nbsp;&nbsp;&nbsp;&nbsp;&nbsp;&nbsp;&nbsp;&nbsp;&nbsp;&nbsp;&nbsp;&nbsp;&nbsp;&nbsp;&nbsp;&nbsp;&nbsp;&nbsp;&nbsp;&nbsp;&nbsp;&nbsp;&nbsp;&nbsp;&nbsp;&nbsp;&nbsp;&nbsp;&nbsp;&nbsp;&nbsp;&nbsp;&nbsp;&nbsp;&nbsp;&nbsp;&nbsp;&nbsp;&nbsp;\n&nbsp;<strong>La ausencia <\/strong><\/p>\n\n\n\n<p>Como dije anteriormente, hay personas que ya no est\u00e1n en\ntu vida.&nbsp; pero hay muchas que te\nacompa\u00f1an en el ahora. No desestimes a los que aun te rodean por sobrevalorar a\nlos que se fueron, porque echar\u00e1s a perder la bendici\u00f3n de disfrutar a las\npersonas que te ha regalado Dios hoy. <\/p>\n\n\n\n<p>Si bien es cierto, hay personas que ya no est\u00e1n en tu\nvida y que en esos a\u00f1os que pasaron estuvieron, pero estas t\u00fa. Y al final, esos\ningredientes de dicha, placer y felicidad a\u00fan siguen disponibles, solo que NO\nhas estado interesado en volverlos a integrar en tu calendario. <\/p>\n\n\n\n<p>De ti de pende, que los siguientes 10 a\u00f1os sean los m\u00e1s\nmaravillosos de tu vida. as\u00ed que debes de superar las ausencias y disfrutar la\npresencia de los que est\u00e1n presentes.&nbsp; Si\ncrees que una persona muy importante ya no est\u00e1 y que es imposible de\nsustituirla, estas en lo cierto, no hay nada ni nadie que pueda sustituir a las\npersonas amadas, porque Dios hace gente \u00fanica.&nbsp;\nPero tambi\u00e9n recuerda que esa misma importancia e instituci\u00f3n la sienten\notros por ti hoy.&nbsp; Tu eres importante e\ninsustituible en la existencia de otros, as\u00ed que lo m\u00ednimo que debes de hacer\nes gozar con ellos mientras sus presencias te ayudan a superar las ausencias\nque otros dejaron en tu vida. <\/p>\n\n\n\n<p>Los a\u00f1os maravillosos comienzan para ti a partir de hoy\nsi as\u00ed lo decides.&nbsp; Vive al m\u00e1ximo cada\nd\u00eda y cu\u00e9ntales a todos las maravillas de Dios en tu vida. <\/p>\n\n\n\n<p>\u201c \u2026Los ojos de Jehov\u00e1 tu Dios, siempre est\u00e1n sobre tu\ntierra, desde el principio del a\u00f1o hasta el fin\u201d Dt 11:12. <\/p>\n\n\n\n<p><strong>Pai <\/strong>Otoniel Alvarado.<\/p>\n\n\n\n<p>Casa Emanuel para todas las Naciones<\/p>\n","protected":false},"excerpt":{"rendered":"<p>La gran mayor\u00eda suspira profundo al recordar \u00e9pocas pasadas.&nbsp; A\u00f1os que quiz\u00e1 fueron m\u00e1s c\u00f3modos, emocionantes y de gratas experiencias.&nbsp; Pero lastimosamente pasaron, y la cruel realidad de saber que no volver\u00e1n, castiga la proyecci\u00f3n de los recuerdos en la memoria de los que suspiran por el ayer. La verdad es que, esos a\u00f1os ten\u00edan [&hellip;]<\/p>\n","protected":false},"author":3,"featured_media":7192,"comment_status":"open","ping_status":"open","sticky":false,"template":"","format":"standard","meta":[],"categories":[1],"tags":[],"yoast_head":"<!-- This site is optimized with the Yoast SEO plugin v20.8 - https:\/\/yoast.com\/wordpress\/plugins\/seo\/ -->\n<title>Los A\u00f1os Maravillosos - La Prensa Cristiana<\/title>\n<meta name=\"robots\" content=\"index, follow, max-snippet:-1, max-image-preview:large, max-video-preview:-1\" \/>\n<link rel=\"canonical\" href=\"https:\/\/laprensacristiana.com\/?p=7482\" \/>\n<meta property=\"og:locale\" content=\"es_ES\" \/>\n<meta property=\"og:type\" content=\"article\" \/>\n<meta property=\"og:title\" content=\"Los A\u00f1os Maravillosos - La Prensa Cristiana\" \/>\n<meta property=\"og:description\" content=\"La gran mayor\u00eda suspira profundo al recordar \u00e9pocas pasadas.&nbsp; A\u00f1os que quiz\u00e1 fueron m\u00e1s c\u00f3modos, emocionantes y de gratas experiencias.&nbsp; Pero lastimosamente pasaron, y la cruel realidad de saber que no volver\u00e1n, castiga la proyecci\u00f3n de los recuerdos en la memoria de los que suspiran por el ayer. La verdad es que, esos a\u00f1os ten\u00edan [&hellip;]\" \/>\n<meta property=\"og:url\" content=\"https:\/\/laprensacristiana.com\/?p=7482\" \/>\n<meta property=\"og:site_name\" content=\"La Prensa Cristiana\" \/>\n<meta property=\"article:published_time\" content=\"2019-12-26T14:16:12+00:00\" \/>\n<meta property=\"article:modified_time\" content=\"2019-12-26T14:16:18+00:00\" \/>\n<meta property=\"og:image\" content=\"https:\/\/laprensacristiana.com\/wp-content\/uploads\/2019\/10\/WhatsApp-Image-2019-09-05-at-07.21.17.jpeg\" \/>\n\t<meta property=\"og:image:width\" content=\"776\" \/>\n\t<meta property=\"og:image:height\" content=\"393\" \/>\n\t<meta property=\"og:image:type\" content=\"image\/jpeg\" \/>\n<meta name=\"author\" content=\"EDITOR\" \/>\n<meta name=\"twitter:card\" content=\"summary_large_image\" \/>\n<meta name=\"twitter:label1\" content=\"Escrito por\" \/>\n\t<meta name=\"twitter:data1\" content=\"EDITOR\" \/>\n\t<meta name=\"twitter:label2\" content=\"Tiempo de lectura\" \/>\n\t<meta name=\"twitter:data2\" content=\"5 minutos\" \/>\n<script type=\"application\/ld+json\" class=\"yoast-schema-graph\">{\"@context\":\"https:\/\/schema.org\",\"@graph\":[{\"@type\":\"WebPage\",\"@id\":\"https:\/\/laprensacristiana.com\/?p=7482\",\"url\":\"https:\/\/laprensacristiana.com\/?p=7482\",\"name\":\"Los A\u00f1os Maravillosos - La Prensa Cristiana\",\"isPartOf\":{\"@id\":\"https:\/\/laprensacristiana.com\/#website\"},\"datePublished\":\"2019-12-26T14:16:12+00:00\",\"dateModified\":\"2019-12-26T14:16:18+00:00\",\"author\":{\"@id\":\"https:\/\/laprensacristiana.com\/#\/schema\/person\/3e7d82c6bfd6b1fa67010f8f7cd5256e\"},\"breadcrumb\":{\"@id\":\"https:\/\/laprensacristiana.com\/?p=7482#breadcrumb\"},\"inLanguage\":\"es\",\"potentialAction\":[{\"@type\":\"ReadAction\",\"target\":[\"https:\/\/laprensacristiana.com\/?p=7482\"]}]},{\"@type\":\"BreadcrumbList\",\"@id\":\"https:\/\/laprensacristiana.com\/?p=7482#breadcrumb\",\"itemListElement\":[{\"@type\":\"ListItem\",\"position\":1,\"name\":\"Portada\",\"item\":\"https:\/\/laprensacristiana.com\/\"},{\"@type\":\"ListItem\",\"position\":2,\"name\":\"Los A\u00f1os Maravillosos\"}]},{\"@type\":\"WebSite\",\"@id\":\"https:\/\/laprensacristiana.com\/#website\",\"url\":\"https:\/\/laprensacristiana.com\/\",\"name\":\"La Prensa Cristiana\",\"description\":\"Anunciando Las Buenas Nuevas\",\"potentialAction\":[{\"@type\":\"SearchAction\",\"target\":{\"@type\":\"EntryPoint\",\"urlTemplate\":\"https:\/\/laprensacristiana.com\/?s={search_term_string}\"},\"query-input\":\"required name=search_term_string\"}],\"inLanguage\":\"es\"},{\"@type\":\"Person\",\"@id\":\"https:\/\/laprensacristiana.com\/#\/schema\/person\/3e7d82c6bfd6b1fa67010f8f7cd5256e\",\"name\":\"EDITOR\",\"image\":{\"@type\":\"ImageObject\",\"inLanguage\":\"es\",\"@id\":\"https:\/\/laprensacristiana.com\/#\/schema\/person\/image\/\",\"url\":\"https:\/\/secure.gravatar.com\/avatar\/72069dfb6c13772d9e8381e3638666d2?s=96&d=mm&r=g\",\"contentUrl\":\"https:\/\/secure.gravatar.com\/avatar\/72069dfb6c13772d9e8381e3638666d2?s=96&d=mm&r=g\",\"caption\":\"EDITOR\"},\"url\":\"https:\/\/laprensacristiana.com\/?author=3\"}]}<\/script>\n<!-- \/ Yoast SEO plugin. -->","yoast_head_json":{"title":"Los A\u00f1os Maravillosos - La Prensa Cristiana","robots":{"index":"index","follow":"follow","max-snippet":"max-snippet:-1","max-image-preview":"max-image-preview:large","max-video-preview":"max-video-preview:-1"},"canonical":"https:\/\/laprensacristiana.com\/?p=7482","og_locale":"es_ES","og_type":"article","og_title":"Los A\u00f1os Maravillosos - La Prensa Cristiana","og_description":"La gran mayor\u00eda suspira profundo al recordar \u00e9pocas pasadas.&nbsp; A\u00f1os que quiz\u00e1 fueron m\u00e1s c\u00f3modos, emocionantes y de gratas experiencias.&nbsp; Pero lastimosamente pasaron, y la cruel realidad de saber que no volver\u00e1n, castiga la proyecci\u00f3n de los recuerdos en la memoria de los que suspiran por el ayer. La verdad es que, esos a\u00f1os ten\u00edan [&hellip;]","og_url":"https:\/\/laprensacristiana.com\/?p=7482","og_site_name":"La Prensa Cristiana","article_published_time":"2019-12-26T14:16:12+00:00","article_modified_time":"2019-12-26T14:16:18+00:00","og_image":[{"width":776,"height":393,"url":"https:\/\/laprensacristiana.com\/wp-content\/uploads\/2019\/10\/WhatsApp-Image-2019-09-05-at-07.21.17.jpeg","type":"image\/jpeg"}],"author":"EDITOR","twitter_card":"summary_large_image","twitter_misc":{"Escrito por":"EDITOR","Tiempo de lectura":"5 minutos"},"schema":{"@context":"https:\/\/schema.org","@graph":[{"@type":"WebPage","@id":"https:\/\/laprensacristiana.com\/?p=7482","url":"https:\/\/laprensacristiana.com\/?p=7482","name":"Los A\u00f1os Maravillosos - La Prensa Cristiana","isPartOf":{"@id":"https:\/\/laprensacristiana.com\/#website"},"datePublished":"2019-12-26T14:16:12+00:00","dateModified":"2019-12-26T14:16:18+00:00","author":{"@id":"https:\/\/laprensacristiana.com\/#\/schema\/person\/3e7d82c6bfd6b1fa67010f8f7cd5256e"},"breadcrumb":{"@id":"https:\/\/laprensacristiana.com\/?p=7482#breadcrumb"},"inLanguage":"es","potentialAction":[{"@type":"ReadAction","target":["https:\/\/laprensacristiana.com\/?p=7482"]}]},{"@type":"BreadcrumbList","@id":"https:\/\/laprensacristiana.com\/?p=7482#breadcrumb","itemListElement":[{"@type":"ListItem","position":1,"name":"Portada","item":"https:\/\/laprensacristiana.com\/"},{"@type":"ListItem","position":2,"name":"Los A\u00f1os Maravillosos"}]},{"@type":"WebSite","@id":"https:\/\/laprensacristiana.com\/#website","url":"https:\/\/laprensacristiana.com\/","name":"La Prensa Cristiana","description":"Anunciando Las Buenas Nuevas","potentialAction":[{"@type":"SearchAction","target":{"@type":"EntryPoint","urlTemplate":"https:\/\/laprensacristiana.com\/?s={search_term_string}"},"query-input":"required name=search_term_string"}],"inLanguage":"es"},{"@type":"Person","@id":"https:\/\/laprensacristiana.com\/#\/schema\/person\/3e7d82c6bfd6b1fa67010f8f7cd5256e","name":"EDITOR","image":{"@type":"ImageObject","inLanguage":"es","@id":"https:\/\/laprensacristiana.com\/#\/schema\/person\/image\/","url":"https:\/\/secure.gravatar.com\/avatar\/72069dfb6c13772d9e8381e3638666d2?s=96&d=mm&r=g","contentUrl":"https:\/\/secure.gravatar.com\/avatar\/72069dfb6c13772d9e8381e3638666d2?s=96&d=mm&r=g","caption":"EDITOR"},"url":"https:\/\/laprensacristiana.com\/?author=3"}]}},"_links":{"self":[{"href":"https:\/\/laprensacristiana.com\/index.php?rest_route=\/wp\/v2\/posts\/7482"}],"collection":[{"href":"https:\/\/laprensacristiana.com\/index.php?rest_route=\/wp\/v2\/posts"}],"about":[{"href":"https:\/\/laprensacristiana.com\/index.php?rest_route=\/wp\/v2\/types\/post"}],"author":[{"embeddable":true,"href":"https:\/\/laprensacristiana.com\/index.php?rest_route=\/wp\/v2\/users\/3"}],"replies":[{"embeddable":true,"href":"https:\/\/laprensacristiana.com\/index.php?rest_route=%2Fwp%2Fv2%2Fcomments&post=7482"}],"version-history":[{"count":1,"href":"https:\/\/laprensacristiana.com\/index.php?rest_route=\/wp\/v2\/posts\/7482\/revisions"}],"predecessor-version":[{"id":7483,"href":"https:\/\/laprensacristiana.com\/index.php?rest_route=\/wp\/v2\/posts\/7482\/revisions\/7483"}],"wp:featuredmedia":[{"embeddable":true,"href":"https:\/\/laprensacristiana.com\/index.php?rest_route=\/wp\/v2\/media\/7192"}],"wp:attachment":[{"href":"https:\/\/laprensacristiana.com\/index.php?rest_route=%2Fwp%2Fv2%2Fmedia&parent=7482"}],"wp:term":[{"taxonomy":"category","embeddable":true,"href":"https:\/\/laprensacristiana.com\/index.php?rest_route=%2Fwp%2Fv2%2Fcategories&post=7482"},{"taxonomy":"post_tag","embeddable":true,"href":"https:\/\/laprensacristiana.com\/index.php?rest_route=%2Fwp%2Fv2%2Ftags&post=7482"}],"curies":[{"name":"wp","href":"https:\/\/api.w.org\/{rel}","templated":true}]}}