{"id":7484,"date":"2019-12-26T17:08:23","date_gmt":"2019-12-26T17:08:23","guid":{"rendered":"https:\/\/laprensacristiana.com\/?p=7484"},"modified":"2019-12-26T17:22:00","modified_gmt":"2019-12-26T17:22:00","slug":"pastores-oran-por-la-presidenta-anez-de-bolivia","status":"publish","type":"post","link":"https:\/\/laprensacristiana.com\/?p=7484","title":{"rendered":"Pastores oran por la Presidenta  A\u00f1ez de Bolivia"},"content":{"rendered":"\n<p>El pasado 10 de diciembre pastores y l\u00edderes de diferentes denominaciones de iglesias evang\u00e9licas en Bolivia se reunieron en un Desayuno Nacional de Oraci\u00f3n con la Actual Presidenta de esa naci\u00f3n la Dra. Jeanine A\u00f1ez Chavez, ministros del estado, senadores y diputados del estado boliviano para orar por el pa\u00eds y el mandato de la Doctora. <\/p>\n\n\n\n<p>El evento fue organizado por el Parlamento &amp;&nbsp; Fe Internacional y FundaJoven Bolivia, se\nllev\u00f3 a cabo en el Hotel Presidente de la ciudad de La Paz en Bolivia. <\/p>\n\n\n\n<p>Dentro del evento se hizo entrega de un ejemplar de la biblia a cada uno de los miembros del \u00f3rgano del estado, el mensaje trasmitido en el lugar llam\u00f3 a la reconciliaci\u00f3n nacional, unidad y la paz. <\/p>\n\n\n\n<figure class=\"wp-block-image\"><img decoding=\"async\" loading=\"lazy\" width=\"720\" height=\"479\" src=\"https:\/\/laprensacristiana.com\/wp-content\/uploads\/2019\/12\/WhatsApp-Image-2019-12-26-at-11.03.06.jpeg\" alt=\"\" class=\"wp-image-7486\" srcset=\"https:\/\/laprensacristiana.com\/wp-content\/uploads\/2019\/12\/WhatsApp-Image-2019-12-26-at-11.03.06.jpeg 720w, https:\/\/laprensacristiana.com\/wp-content\/uploads\/2019\/12\/WhatsApp-Image-2019-12-26-at-11.03.06-300x200.jpeg 300w, https:\/\/laprensacristiana.com\/wp-content\/uploads\/2019\/12\/WhatsApp-Image-2019-12-26-at-11.03.06-696x463.jpeg 696w, https:\/\/laprensacristiana.com\/wp-content\/uploads\/2019\/12\/WhatsApp-Image-2019-12-26-at-11.03.06-631x420.jpeg 631w, https:\/\/laprensacristiana.com\/wp-content\/uploads\/2019\/12\/WhatsApp-Image-2019-12-26-at-11.03.06-600x399.jpeg 600w\" sizes=\"(max-width: 720px) 100vw, 720px\" \/><figcaption>Cortes\u00eda cuenta oficial de facebook Jeanine A\u00f1ez Chavez<\/figcaption><\/figure>\n\n\n\n<p>\u201cDesayune con Pastores de Bolivia, oraron por mi gobierno y\npor el pueblo boliviano. Gracias por su apoyo y sus oraciones para una Bolivia\nmejor\u201d Expres\u00f3 la Dra. Jeanine A\u00f1ez Ch\u00e1vez, Presidenta de Bolivia a trav\u00e9s de\nsu cuenta oficial de Facebook.<\/p>\n","protected":false},"excerpt":{"rendered":"<p>El pasado 10 de diciembre pastores y l\u00edderes de diferentes denominaciones de iglesias evang\u00e9licas en Bolivia se reunieron en un Desayuno Nacional de Oraci\u00f3n con la Actual Presidenta de esa naci\u00f3n la Dra. Jeanine A\u00f1ez Chavez, ministros del estado, senadores y diputados del estado boliviano para orar por el pa\u00eds y el mandato de la [&hellip;]<\/p>\n","protected":false},"author":3,"featured_media":7485,"comment_status":"open","ping_status":"open","sticky":false,"template":"","format":"standard","meta":[],"categories":[56],"tags":[],"yoast_head":"<!-- This site is optimized with the Yoast SEO plugin v20.8 - https:\/\/yoast.com\/wordpress\/plugins\/seo\/ -->\n<title>Pastores oran por la Presidenta A\u00f1ez de Bolivia - La Prensa Cristiana<\/title>\n<meta name=\"robots\" content=\"index, follow, max-snippet:-1, max-image-preview:large, max-video-preview:-1\" \/>\n<link rel=\"canonical\" href=\"https:\/\/laprensacristiana.com\/?p=7484\" \/>\n<meta property=\"og:locale\" content=\"es_ES\" \/>\n<meta property=\"og:type\" content=\"article\" \/>\n<meta property=\"og:title\" content=\"Pastores oran por la Presidenta A\u00f1ez de Bolivia - La Prensa Cristiana\" \/>\n<meta property=\"og:description\" content=\"El pasado 10 de diciembre pastores y l\u00edderes de diferentes denominaciones de iglesias evang\u00e9licas en Bolivia se reunieron en un Desayuno Nacional de Oraci\u00f3n con la Actual Presidenta de esa naci\u00f3n la Dra. Jeanine A\u00f1ez Chavez, ministros del estado, senadores y diputados del estado boliviano para orar por el pa\u00eds y el mandato de la [&hellip;]\" \/>\n<meta property=\"og:url\" content=\"https:\/\/laprensacristiana.com\/?p=7484\" \/>\n<meta property=\"og:site_name\" content=\"La Prensa Cristiana\" \/>\n<meta property=\"article:published_time\" content=\"2019-12-26T17:08:23+00:00\" \/>\n<meta property=\"article:modified_time\" content=\"2019-12-26T17:22:00+00:00\" \/>\n<meta property=\"og:image\" content=\"https:\/\/laprensacristiana.com\/wp-content\/uploads\/2019\/12\/WhatsApp-Image-2019-12-26-at-11.03.04.jpeg\" \/>\n\t<meta property=\"og:image:width\" content=\"720\" \/>\n\t<meta property=\"og:image:height\" content=\"479\" \/>\n\t<meta property=\"og:image:type\" content=\"image\/jpeg\" \/>\n<meta name=\"author\" content=\"EDITOR\" \/>\n<meta name=\"twitter:card\" content=\"summary_large_image\" \/>\n<meta name=\"twitter:label1\" content=\"Escrito por\" \/>\n\t<meta name=\"twitter:data1\" content=\"EDITOR\" \/>\n\t<meta name=\"twitter:label2\" content=\"Tiempo de lectura\" \/>\n\t<meta name=\"twitter:data2\" content=\"1 minuto\" \/>\n<script type=\"application\/ld+json\" class=\"yoast-schema-graph\">{\"@context\":\"https:\/\/schema.org\",\"@graph\":[{\"@type\":\"WebPage\",\"@id\":\"https:\/\/laprensacristiana.com\/?p=7484\",\"url\":\"https:\/\/laprensacristiana.com\/?p=7484\",\"name\":\"Pastores oran por la Presidenta A\u00f1ez de Bolivia - La Prensa Cristiana\",\"isPartOf\":{\"@id\":\"https:\/\/laprensacristiana.com\/#website\"},\"datePublished\":\"2019-12-26T17:08:23+00:00\",\"dateModified\":\"2019-12-26T17:22:00+00:00\",\"author\":{\"@id\":\"https:\/\/laprensacristiana.com\/#\/schema\/person\/3e7d82c6bfd6b1fa67010f8f7cd5256e\"},\"breadcrumb\":{\"@id\":\"https:\/\/laprensacristiana.com\/?p=7484#breadcrumb\"},\"inLanguage\":\"es\",\"potentialAction\":[{\"@type\":\"ReadAction\",\"target\":[\"https:\/\/laprensacristiana.com\/?p=7484\"]}]},{\"@type\":\"BreadcrumbList\",\"@id\":\"https:\/\/laprensacristiana.com\/?p=7484#breadcrumb\",\"itemListElement\":[{\"@type\":\"ListItem\",\"position\":1,\"name\":\"Portada\",\"item\":\"https:\/\/laprensacristiana.com\/\"},{\"@type\":\"ListItem\",\"position\":2,\"name\":\"Pastores oran por la Presidenta A\u00f1ez de Bolivia\"}]},{\"@type\":\"WebSite\",\"@id\":\"https:\/\/laprensacristiana.com\/#website\",\"url\":\"https:\/\/laprensacristiana.com\/\",\"name\":\"La Prensa Cristiana\",\"description\":\"Anunciando Las Buenas Nuevas\",\"potentialAction\":[{\"@type\":\"SearchAction\",\"target\":{\"@type\":\"EntryPoint\",\"urlTemplate\":\"https:\/\/laprensacristiana.com\/?s={search_term_string}\"},\"query-input\":\"required name=search_term_string\"}],\"inLanguage\":\"es\"},{\"@type\":\"Person\",\"@id\":\"https:\/\/laprensacristiana.com\/#\/schema\/person\/3e7d82c6bfd6b1fa67010f8f7cd5256e\",\"name\":\"EDITOR\",\"image\":{\"@type\":\"ImageObject\",\"inLanguage\":\"es\",\"@id\":\"https:\/\/laprensacristiana.com\/#\/schema\/person\/image\/\",\"url\":\"https:\/\/secure.gravatar.com\/avatar\/72069dfb6c13772d9e8381e3638666d2?s=96&d=mm&r=g\",\"contentUrl\":\"https:\/\/secure.gravatar.com\/avatar\/72069dfb6c13772d9e8381e3638666d2?s=96&d=mm&r=g\",\"caption\":\"EDITOR\"},\"url\":\"https:\/\/laprensacristiana.com\/?author=3\"}]}<\/script>\n<!-- \/ Yoast SEO plugin. -->","yoast_head_json":{"title":"Pastores oran por la Presidenta A\u00f1ez de Bolivia - La Prensa Cristiana","robots":{"index":"index","follow":"follow","max-snippet":"max-snippet:-1","max-image-preview":"max-image-preview:large","max-video-preview":"max-video-preview:-1"},"canonical":"https:\/\/laprensacristiana.com\/?p=7484","og_locale":"es_ES","og_type":"article","og_title":"Pastores oran por la Presidenta A\u00f1ez de Bolivia - La Prensa Cristiana","og_description":"El pasado 10 de diciembre pastores y l\u00edderes de diferentes denominaciones de iglesias evang\u00e9licas en Bolivia se reunieron en un Desayuno Nacional de Oraci\u00f3n con la Actual Presidenta de esa naci\u00f3n la Dra. Jeanine A\u00f1ez Chavez, ministros del estado, senadores y diputados del estado boliviano para orar por el pa\u00eds y el mandato de la [&hellip;]","og_url":"https:\/\/laprensacristiana.com\/?p=7484","og_site_name":"La Prensa Cristiana","article_published_time":"2019-12-26T17:08:23+00:00","article_modified_time":"2019-12-26T17:22:00+00:00","og_image":[{"width":720,"height":479,"url":"https:\/\/laprensacristiana.com\/wp-content\/uploads\/2019\/12\/WhatsApp-Image-2019-12-26-at-11.03.04.jpeg","type":"image\/jpeg"}],"author":"EDITOR","twitter_card":"summary_large_image","twitter_misc":{"Escrito por":"EDITOR","Tiempo de lectura":"1 minuto"},"schema":{"@context":"https:\/\/schema.org","@graph":[{"@type":"WebPage","@id":"https:\/\/laprensacristiana.com\/?p=7484","url":"https:\/\/laprensacristiana.com\/?p=7484","name":"Pastores oran por la Presidenta A\u00f1ez de Bolivia - La Prensa Cristiana","isPartOf":{"@id":"https:\/\/laprensacristiana.com\/#website"},"datePublished":"2019-12-26T17:08:23+00:00","dateModified":"2019-12-26T17:22:00+00:00","author":{"@id":"https:\/\/laprensacristiana.com\/#\/schema\/person\/3e7d82c6bfd6b1fa67010f8f7cd5256e"},"breadcrumb":{"@id":"https:\/\/laprensacristiana.com\/?p=7484#breadcrumb"},"inLanguage":"es","potentialAction":[{"@type":"ReadAction","target":["https:\/\/laprensacristiana.com\/?p=7484"]}]},{"@type":"BreadcrumbList","@id":"https:\/\/laprensacristiana.com\/?p=7484#breadcrumb","itemListElement":[{"@type":"ListItem","position":1,"name":"Portada","item":"https:\/\/laprensacristiana.com\/"},{"@type":"ListItem","position":2,"name":"Pastores oran por la Presidenta A\u00f1ez de Bolivia"}]},{"@type":"WebSite","@id":"https:\/\/laprensacristiana.com\/#website","url":"https:\/\/laprensacristiana.com\/","name":"La Prensa Cristiana","description":"Anunciando Las Buenas Nuevas","potentialAction":[{"@type":"SearchAction","target":{"@type":"EntryPoint","urlTemplate":"https:\/\/laprensacristiana.com\/?s={search_term_string}"},"query-input":"required name=search_term_string"}],"inLanguage":"es"},{"@type":"Person","@id":"https:\/\/laprensacristiana.com\/#\/schema\/person\/3e7d82c6bfd6b1fa67010f8f7cd5256e","name":"EDITOR","image":{"@type":"ImageObject","inLanguage":"es","@id":"https:\/\/laprensacristiana.com\/#\/schema\/person\/image\/","url":"https:\/\/secure.gravatar.com\/avatar\/72069dfb6c13772d9e8381e3638666d2?s=96&d=mm&r=g","contentUrl":"https:\/\/secure.gravatar.com\/avatar\/72069dfb6c13772d9e8381e3638666d2?s=96&d=mm&r=g","caption":"EDITOR"},"url":"https:\/\/laprensacristiana.com\/?author=3"}]}},"_links":{"self":[{"href":"https:\/\/laprensacristiana.com\/index.php?rest_route=\/wp\/v2\/posts\/7484"}],"collection":[{"href":"https:\/\/laprensacristiana.com\/index.php?rest_route=\/wp\/v2\/posts"}],"about":[{"href":"https:\/\/laprensacristiana.com\/index.php?rest_route=\/wp\/v2\/types\/post"}],"author":[{"embeddable":true,"href":"https:\/\/laprensacristiana.com\/index.php?rest_route=\/wp\/v2\/users\/3"}],"replies":[{"embeddable":true,"href":"https:\/\/laprensacristiana.com\/index.php?rest_route=%2Fwp%2Fv2%2Fcomments&post=7484"}],"version-history":[{"count":2,"href":"https:\/\/laprensacristiana.com\/index.php?rest_route=\/wp\/v2\/posts\/7484\/revisions"}],"predecessor-version":[{"id":7488,"href":"https:\/\/laprensacristiana.com\/index.php?rest_route=\/wp\/v2\/posts\/7484\/revisions\/7488"}],"wp:featuredmedia":[{"embeddable":true,"href":"https:\/\/laprensacristiana.com\/index.php?rest_route=\/wp\/v2\/media\/7485"}],"wp:attachment":[{"href":"https:\/\/laprensacristiana.com\/index.php?rest_route=%2Fwp%2Fv2%2Fmedia&parent=7484"}],"wp:term":[{"taxonomy":"category","embeddable":true,"href":"https:\/\/laprensacristiana.com\/index.php?rest_route=%2Fwp%2Fv2%2Fcategories&post=7484"},{"taxonomy":"post_tag","embeddable":true,"href":"https:\/\/laprensacristiana.com\/index.php?rest_route=%2Fwp%2Fv2%2Ftags&post=7484"}],"curies":[{"name":"wp","href":"https:\/\/api.w.org\/{rel}","templated":true}]}}