{"id":7497,"date":"2019-12-28T16:19:47","date_gmt":"2019-12-28T16:19:47","guid":{"rendered":"https:\/\/laprensacristiana.com\/?p=7497"},"modified":"2019-12-28T16:19:50","modified_gmt":"2019-12-28T16:19:50","slug":"preparan-pelicula-de-jesus-en-lenguaje-de-senas","status":"publish","type":"post","link":"https:\/\/laprensacristiana.com\/?p=7497","title":{"rendered":"Preparan pel\u00edcula de Jes\u00fas en lenguaje de se\u00f1as"},"content":{"rendered":"\n<p>Jesus Film y de Deaf Missions (Misiones sordas) est\u00e1n preparando\nla pel\u00edcula de Jes\u00fas en lenguaje de se\u00f1as americanas para personas sordas, los\nactores que participan en esta pel\u00edcula son personas nativas para dar una\nperspectiva de Jes\u00fas al p\u00fablico sordo. <\/p>\n\n\n\n<p>Una de los principales motivos para realizar esta cinta es\nque el ministerio Deaf Missions considera que hay un crecimiento en las comunidades\nsordas con acceso a internet y con facilidad para encontrar material en el \u201cidioma\ndel coraz\u00f3n\u201d como le llaman ellos, notaron que hay pocos recursos para esta\ncomunidad en cuento al evangelio de Jes\u00fas, por esta raz\u00f3n nace la idea de crear\ncontenido para la comunidad sorda y as\u00ed utilizar los avances tecnol\u00f3gicos y\ndistribuir este mensaje a cuanta persona no oyente sea posible. <\/p>\n\n\n\n<p>El tr\u00e1iler de la pel\u00edcula presenta la trama de una historia\ndentro de la biblia muy conocida que se encuentra en el evangelio de San Juan,\nJes\u00fas se encuentra con una mujer que debi\u00f3 ser sentenciada por su pecado, todo\nfilmado en lenguaje de se\u00f1as americano. <\/p>\n\n\n\n<p>El Ministerio Deaf Missions existe porque solo un 2% de las\npersonas sordas en todo el mundo se le ha presentado a Jes\u00fas, a\u00fan hay un 98% de\nesta poblaci\u00f3n que a\u00fan no ha experimentado la salvaci\u00f3n. Su misi\u00f3n es ver la vida\nde las personas transformadas e impactadas a trav\u00e9s de la palabra de Dios en su\nlengua materna y el lenguaje de Se\u00f1as. <\/p>\n\n\n\n<p>Las Misiones Sordas trabajan bajo tres ejes principales: 1)La Traducci\u00f3n de la palabra de Dios al Lenguaje de Se\u00f1as (ASL) , 2)Entrenar y equipar a hombres y mujeres para ser \u00a0plantadores en las iglesias, lideres, predicadores, traductores de la biblia y misioneros m\u00e1s efectivos,3)Alcanzar a trav\u00e9s de devocionales utilizando la Biblia ASL para las personas sordas y de esta forma transmitir el mensaje del evangelio. <\/p>\n\n\n\n<p><\/p>\n","protected":false},"excerpt":{"rendered":"<p>Jesus Film y de Deaf Missions (Misiones sordas) est\u00e1n preparando la pel\u00edcula de Jes\u00fas en lenguaje de se\u00f1as americanas para personas sordas, los actores que participan en esta pel\u00edcula son personas nativas para dar una perspectiva de Jes\u00fas al p\u00fablico sordo. Una de los principales motivos para realizar esta cinta es que el ministerio Deaf [&hellip;]<\/p>\n","protected":false},"author":3,"featured_media":7498,"comment_status":"open","ping_status":"open","sticky":false,"template":"","format":"standard","meta":[],"categories":[56],"tags":[],"yoast_head":"<!-- This site is optimized with the Yoast SEO plugin v20.8 - https:\/\/yoast.com\/wordpress\/plugins\/seo\/ -->\n<title>Preparan pel\u00edcula de Jes\u00fas en lenguaje de se\u00f1as - La Prensa Cristiana<\/title>\n<meta name=\"robots\" content=\"index, follow, max-snippet:-1, max-image-preview:large, max-video-preview:-1\" \/>\n<link rel=\"canonical\" href=\"https:\/\/laprensacristiana.com\/?p=7497\" \/>\n<meta property=\"og:locale\" content=\"es_ES\" \/>\n<meta property=\"og:type\" content=\"article\" \/>\n<meta property=\"og:title\" content=\"Preparan pel\u00edcula de Jes\u00fas en lenguaje de se\u00f1as - La Prensa Cristiana\" \/>\n<meta property=\"og:description\" content=\"Jesus Film y de Deaf Missions (Misiones sordas) est\u00e1n preparando la pel\u00edcula de Jes\u00fas en lenguaje de se\u00f1as americanas para personas sordas, los actores que participan en esta pel\u00edcula son personas nativas para dar una perspectiva de Jes\u00fas al p\u00fablico sordo. Una de los principales motivos para realizar esta cinta es que el ministerio Deaf [&hellip;]\" \/>\n<meta property=\"og:url\" content=\"https:\/\/laprensacristiana.com\/?p=7497\" \/>\n<meta property=\"og:site_name\" content=\"La Prensa Cristiana\" \/>\n<meta property=\"article:published_time\" content=\"2019-12-28T16:19:47+00:00\" \/>\n<meta property=\"article:modified_time\" content=\"2019-12-28T16:19:50+00:00\" \/>\n<meta property=\"og:image\" content=\"https:\/\/laprensacristiana.com\/wp-content\/uploads\/2019\/12\/WhatsApp-Image-2019-12-28-at-09.49.16.jpeg\" \/>\n\t<meta property=\"og:image:width\" content=\"720\" \/>\n\t<meta property=\"og:image:height\" content=\"366\" \/>\n\t<meta property=\"og:image:type\" content=\"image\/jpeg\" \/>\n<meta name=\"author\" content=\"EDITOR\" \/>\n<meta name=\"twitter:card\" content=\"summary_large_image\" \/>\n<meta name=\"twitter:label1\" content=\"Escrito por\" \/>\n\t<meta name=\"twitter:data1\" content=\"EDITOR\" \/>\n\t<meta name=\"twitter:label2\" content=\"Tiempo de lectura\" \/>\n\t<meta name=\"twitter:data2\" content=\"2 minutos\" \/>\n<script type=\"application\/ld+json\" class=\"yoast-schema-graph\">{\"@context\":\"https:\/\/schema.org\",\"@graph\":[{\"@type\":\"WebPage\",\"@id\":\"https:\/\/laprensacristiana.com\/?p=7497\",\"url\":\"https:\/\/laprensacristiana.com\/?p=7497\",\"name\":\"Preparan pel\u00edcula de Jes\u00fas en lenguaje de se\u00f1as - La Prensa Cristiana\",\"isPartOf\":{\"@id\":\"https:\/\/laprensacristiana.com\/#website\"},\"datePublished\":\"2019-12-28T16:19:47+00:00\",\"dateModified\":\"2019-12-28T16:19:50+00:00\",\"author\":{\"@id\":\"https:\/\/laprensacristiana.com\/#\/schema\/person\/3e7d82c6bfd6b1fa67010f8f7cd5256e\"},\"breadcrumb\":{\"@id\":\"https:\/\/laprensacristiana.com\/?p=7497#breadcrumb\"},\"inLanguage\":\"es\",\"potentialAction\":[{\"@type\":\"ReadAction\",\"target\":[\"https:\/\/laprensacristiana.com\/?p=7497\"]}]},{\"@type\":\"BreadcrumbList\",\"@id\":\"https:\/\/laprensacristiana.com\/?p=7497#breadcrumb\",\"itemListElement\":[{\"@type\":\"ListItem\",\"position\":1,\"name\":\"Portada\",\"item\":\"https:\/\/laprensacristiana.com\/\"},{\"@type\":\"ListItem\",\"position\":2,\"name\":\"Preparan pel\u00edcula de Jes\u00fas en lenguaje de se\u00f1as\"}]},{\"@type\":\"WebSite\",\"@id\":\"https:\/\/laprensacristiana.com\/#website\",\"url\":\"https:\/\/laprensacristiana.com\/\",\"name\":\"La Prensa Cristiana\",\"description\":\"Anunciando Las Buenas Nuevas\",\"potentialAction\":[{\"@type\":\"SearchAction\",\"target\":{\"@type\":\"EntryPoint\",\"urlTemplate\":\"https:\/\/laprensacristiana.com\/?s={search_term_string}\"},\"query-input\":\"required name=search_term_string\"}],\"inLanguage\":\"es\"},{\"@type\":\"Person\",\"@id\":\"https:\/\/laprensacristiana.com\/#\/schema\/person\/3e7d82c6bfd6b1fa67010f8f7cd5256e\",\"name\":\"EDITOR\",\"image\":{\"@type\":\"ImageObject\",\"inLanguage\":\"es\",\"@id\":\"https:\/\/laprensacristiana.com\/#\/schema\/person\/image\/\",\"url\":\"https:\/\/secure.gravatar.com\/avatar\/72069dfb6c13772d9e8381e3638666d2?s=96&d=mm&r=g\",\"contentUrl\":\"https:\/\/secure.gravatar.com\/avatar\/72069dfb6c13772d9e8381e3638666d2?s=96&d=mm&r=g\",\"caption\":\"EDITOR\"},\"url\":\"https:\/\/laprensacristiana.com\/?author=3\"}]}<\/script>\n<!-- \/ Yoast SEO plugin. -->","yoast_head_json":{"title":"Preparan pel\u00edcula de Jes\u00fas en lenguaje de se\u00f1as - La Prensa Cristiana","robots":{"index":"index","follow":"follow","max-snippet":"max-snippet:-1","max-image-preview":"max-image-preview:large","max-video-preview":"max-video-preview:-1"},"canonical":"https:\/\/laprensacristiana.com\/?p=7497","og_locale":"es_ES","og_type":"article","og_title":"Preparan pel\u00edcula de Jes\u00fas en lenguaje de se\u00f1as - La Prensa Cristiana","og_description":"Jesus Film y de Deaf Missions (Misiones sordas) est\u00e1n preparando la pel\u00edcula de Jes\u00fas en lenguaje de se\u00f1as americanas para personas sordas, los actores que participan en esta pel\u00edcula son personas nativas para dar una perspectiva de Jes\u00fas al p\u00fablico sordo. Una de los principales motivos para realizar esta cinta es que el ministerio Deaf [&hellip;]","og_url":"https:\/\/laprensacristiana.com\/?p=7497","og_site_name":"La Prensa Cristiana","article_published_time":"2019-12-28T16:19:47+00:00","article_modified_time":"2019-12-28T16:19:50+00:00","og_image":[{"width":720,"height":366,"url":"https:\/\/laprensacristiana.com\/wp-content\/uploads\/2019\/12\/WhatsApp-Image-2019-12-28-at-09.49.16.jpeg","type":"image\/jpeg"}],"author":"EDITOR","twitter_card":"summary_large_image","twitter_misc":{"Escrito por":"EDITOR","Tiempo de lectura":"2 minutos"},"schema":{"@context":"https:\/\/schema.org","@graph":[{"@type":"WebPage","@id":"https:\/\/laprensacristiana.com\/?p=7497","url":"https:\/\/laprensacristiana.com\/?p=7497","name":"Preparan pel\u00edcula de Jes\u00fas en lenguaje de se\u00f1as - La Prensa Cristiana","isPartOf":{"@id":"https:\/\/laprensacristiana.com\/#website"},"datePublished":"2019-12-28T16:19:47+00:00","dateModified":"2019-12-28T16:19:50+00:00","author":{"@id":"https:\/\/laprensacristiana.com\/#\/schema\/person\/3e7d82c6bfd6b1fa67010f8f7cd5256e"},"breadcrumb":{"@id":"https:\/\/laprensacristiana.com\/?p=7497#breadcrumb"},"inLanguage":"es","potentialAction":[{"@type":"ReadAction","target":["https:\/\/laprensacristiana.com\/?p=7497"]}]},{"@type":"BreadcrumbList","@id":"https:\/\/laprensacristiana.com\/?p=7497#breadcrumb","itemListElement":[{"@type":"ListItem","position":1,"name":"Portada","item":"https:\/\/laprensacristiana.com\/"},{"@type":"ListItem","position":2,"name":"Preparan pel\u00edcula de Jes\u00fas en lenguaje de se\u00f1as"}]},{"@type":"WebSite","@id":"https:\/\/laprensacristiana.com\/#website","url":"https:\/\/laprensacristiana.com\/","name":"La Prensa Cristiana","description":"Anunciando Las Buenas Nuevas","potentialAction":[{"@type":"SearchAction","target":{"@type":"EntryPoint","urlTemplate":"https:\/\/laprensacristiana.com\/?s={search_term_string}"},"query-input":"required name=search_term_string"}],"inLanguage":"es"},{"@type":"Person","@id":"https:\/\/laprensacristiana.com\/#\/schema\/person\/3e7d82c6bfd6b1fa67010f8f7cd5256e","name":"EDITOR","image":{"@type":"ImageObject","inLanguage":"es","@id":"https:\/\/laprensacristiana.com\/#\/schema\/person\/image\/","url":"https:\/\/secure.gravatar.com\/avatar\/72069dfb6c13772d9e8381e3638666d2?s=96&d=mm&r=g","contentUrl":"https:\/\/secure.gravatar.com\/avatar\/72069dfb6c13772d9e8381e3638666d2?s=96&d=mm&r=g","caption":"EDITOR"},"url":"https:\/\/laprensacristiana.com\/?author=3"}]}},"_links":{"self":[{"href":"https:\/\/laprensacristiana.com\/index.php?rest_route=\/wp\/v2\/posts\/7497"}],"collection":[{"href":"https:\/\/laprensacristiana.com\/index.php?rest_route=\/wp\/v2\/posts"}],"about":[{"href":"https:\/\/laprensacristiana.com\/index.php?rest_route=\/wp\/v2\/types\/post"}],"author":[{"embeddable":true,"href":"https:\/\/laprensacristiana.com\/index.php?rest_route=\/wp\/v2\/users\/3"}],"replies":[{"embeddable":true,"href":"https:\/\/laprensacristiana.com\/index.php?rest_route=%2Fwp%2Fv2%2Fcomments&post=7497"}],"version-history":[{"count":1,"href":"https:\/\/laprensacristiana.com\/index.php?rest_route=\/wp\/v2\/posts\/7497\/revisions"}],"predecessor-version":[{"id":7499,"href":"https:\/\/laprensacristiana.com\/index.php?rest_route=\/wp\/v2\/posts\/7497\/revisions\/7499"}],"wp:featuredmedia":[{"embeddable":true,"href":"https:\/\/laprensacristiana.com\/index.php?rest_route=\/wp\/v2\/media\/7498"}],"wp:attachment":[{"href":"https:\/\/laprensacristiana.com\/index.php?rest_route=%2Fwp%2Fv2%2Fmedia&parent=7497"}],"wp:term":[{"taxonomy":"category","embeddable":true,"href":"https:\/\/laprensacristiana.com\/index.php?rest_route=%2Fwp%2Fv2%2Fcategories&post=7497"},{"taxonomy":"post_tag","embeddable":true,"href":"https:\/\/laprensacristiana.com\/index.php?rest_route=%2Fwp%2Fv2%2Ftags&post=7497"}],"curies":[{"name":"wp","href":"https:\/\/api.w.org\/{rel}","templated":true}]}}