{"id":7500,"date":"2019-12-29T18:09:05","date_gmt":"2019-12-29T18:09:05","guid":{"rendered":"https:\/\/laprensacristiana.com\/?p=7500"},"modified":"2020-07-01T21:52:28","modified_gmt":"2020-07-01T21:52:28","slug":"estas-listo-o-lista-para-recibir-el-2020%ef%bb%bf","status":"publish","type":"post","link":"https:\/\/laprensacristiana.com\/?p=7500","title":{"rendered":"\u00bfEst\u00e1s listo o lista para recibir el 2020?\ufeff"},"content":{"rendered":"\n<p>Estamos en la recta final de la presente d\u00e9cada, y en las pocas horas que\u00a0\u00a0restan en el reloj para culminar este ciclo de vida, resulta importante y casi urgente, asegurarnos de cerrar con broche de oro esta parte de nuestra historia de vida, dejando todo en el tiempo que corresponde \u201ctiempo pasado\u201d lo bueno y lo que a nuestro parecer no fue muy bueno, reconociendo que todo fue \u00fatil para enriquecer nuestro conocimiento en la gran universidad de la vida, y seguir avanzando en la superaci\u00f3n de nosotros mismos, aceptando y dando gracias a Dios por los logros obtenidos como por todo lo\u00a0\u00a0que lo quedo en obra gris. Pues es precisamente lo que nos servir\u00e1 de impulso para ir por m\u00e1s y superarnos a nosotros mismos en el nuevo decenio, que en tan solo unas pocas horas comenzaremos. De cara a esta maravillosa realidad que por las misericordias de Dios no hemos sido consumidos, y nuestro tiempo de estancia aqu\u00ed en la tierra sigue su curso, igual de importante y urgente se vuelve el hecho de prepararnos para recibir el 2020. Muchos acostumbran, vestirse con prendas nuevas la \u00faltima noche del a\u00f1o, y realizar diferentes ritos, en pro de un venturoso a\u00f1o nuevo. Pero no es a este tipo de preparaci\u00f3n a la que me refiero, sino a una preparaci\u00f3n interior, para la cual necesitamos usar nuestro razonamiento mental y nuestros ojos espirituales de fe. Para revestirnos del conocimiento de Dios y lograr hacer cosas diferentes en el nuevo tiempo que expectante est\u00e1 ya en nuestra puerta.\u00a0\u00a0El tema de conversaci\u00f3n popular despu\u00e9s de las doce de la noche el 31 de diciembre, tiene que ver con los diferentes prop\u00f3sitos de vida de cada uno, encabezando seg\u00fan las estad\u00edsticas el prop\u00f3sito de bajar de peso, seguido por el prop\u00f3sito de buscar un acercamiento con Dios, ambos\u00a0\u00a0me parecen\u00a0\u00a0excelentes, porque\u00a0\u00a0todo lo que nos ayude a mejorar nuestra salud mental y f\u00edsica, adem\u00e1s de\u00a0\u00a0nuestra relaci\u00f3n con nuestro creador,\u00a0\u00a0ayudar\u00e1 a desarrollar\u00a0\u00a0resiliencia personal, que necesitaremos poner en pr\u00e1ctica en todas las \u00e1reas de nuestra vida. Pero no debemos de pasar por alto que todo prop\u00f3sito debe de ser motivado por una buena intenci\u00f3n y buen \u00e1nimo.\u00a0\u00a0Que solo lograremos cumplir con \u201cfe y esperanza\u201d \u00bfQu\u00e9 es la fe? es la certeza de lo que se espera la convicci\u00f3n de lo que no se ve. (Hebreos 11:1) Y la esperanza es similar ya que es, el estado de \u00e1nimo en el cual uno cree que lo que desea es posible, los cristianos basamos la esperanza en nuestro Dios, para \u00e9l, no hay nada imposible Lucas 1:37. Considero que revestirnos de fe y esperanza es un excelente estado para recibir el 2020, ya que necesitaremos\u00a0\u00a0rebosar en esto para alcanzar metas profesionales y personales, para desaprender patrones de conducta equivocados y para aprender a vivir abrazando nuestra vida, como el regalo especial que Dios nos dio, am\u00e1ndonos y amando a nuestro pr\u00f3jimo. Cumpliendo as\u00ed con lo ense\u00f1ado por Jes\u00fas \u201camar\u00e1s al Se\u00f1or tu Dios con todo tu coraz\u00f3n con toda tu alma y con toda tu mente. Amar\u00e1s a tu pr\u00f3jimo como a ti mismo\u201d Que mejor manera de estrenar a\u00f1o y d\u00e9cada que acercarnos a Dios y hacer real su palabra en nosotros,\u00a0\u00a0experimentando un verdadero cambio de mente y vista,\u00a0\u00a0esto sin lugar a dudas har\u00e1 de este nuevo tiempo, tiempo de bendici\u00f3n para todos .<\/p>\n\n\n\n<p><strong>\u00a1Feliz y venturoso 2020 para todos!<\/strong><\/p>\n","protected":false},"excerpt":{"rendered":"<p>Estamos en la recta final de la presente d\u00e9cada, y en las pocas horas que\u00a0\u00a0restan en el reloj para culminar este ciclo de vida, resulta importante y casi urgente, asegurarnos de cerrar con broche de oro esta parte de nuestra historia de vida, dejando todo en el tiempo que corresponde \u201ctiempo pasado\u201d lo bueno y [&hellip;]<\/p>\n","protected":false},"author":3,"featured_media":7210,"comment_status":"open","ping_status":"open","sticky":false,"template":"","format":"standard","meta":[],"categories":[36],"tags":[],"yoast_head":"<!-- This site is optimized with the Yoast SEO plugin v20.8 - https:\/\/yoast.com\/wordpress\/plugins\/seo\/ -->\n<title>\u00bfEst\u00e1s listo o lista para recibir el 2020?\ufeff - La Prensa Cristiana<\/title>\n<meta name=\"robots\" content=\"index, follow, max-snippet:-1, max-image-preview:large, max-video-preview:-1\" \/>\n<link rel=\"canonical\" href=\"https:\/\/laprensacristiana.com\/?p=7500\" \/>\n<meta property=\"og:locale\" content=\"es_ES\" \/>\n<meta property=\"og:type\" content=\"article\" \/>\n<meta property=\"og:title\" content=\"\u00bfEst\u00e1s listo o lista para recibir el 2020?\ufeff - La Prensa Cristiana\" \/>\n<meta property=\"og:description\" content=\"Estamos en la recta final de la presente d\u00e9cada, y en las pocas horas que\u00a0\u00a0restan en el reloj para culminar este ciclo de vida, resulta importante y casi urgente, asegurarnos de cerrar con broche de oro esta parte de nuestra historia de vida, dejando todo en el tiempo que corresponde \u201ctiempo pasado\u201d lo bueno y [&hellip;]\" \/>\n<meta property=\"og:url\" content=\"https:\/\/laprensacristiana.com\/?p=7500\" \/>\n<meta property=\"og:site_name\" content=\"La Prensa Cristiana\" \/>\n<meta property=\"article:published_time\" content=\"2019-12-29T18:09:05+00:00\" \/>\n<meta property=\"article:modified_time\" content=\"2020-07-01T21:52:28+00:00\" \/>\n<meta property=\"og:image\" content=\"https:\/\/laprensacristiana.com\/wp-content\/uploads\/2019\/10\/JULY-LPG-2017.jpg\" \/>\n\t<meta property=\"og:image:width\" content=\"1240\" \/>\n\t<meta property=\"og:image:height\" content=\"692\" \/>\n\t<meta property=\"og:image:type\" content=\"image\/jpeg\" \/>\n<meta name=\"author\" content=\"EDITOR\" \/>\n<meta name=\"twitter:card\" content=\"summary_large_image\" \/>\n<meta name=\"twitter:label1\" content=\"Escrito por\" \/>\n\t<meta name=\"twitter:data1\" content=\"EDITOR\" \/>\n\t<meta name=\"twitter:label2\" content=\"Tiempo de lectura\" \/>\n\t<meta name=\"twitter:data2\" content=\"3 minutos\" \/>\n<script type=\"application\/ld+json\" class=\"yoast-schema-graph\">{\"@context\":\"https:\/\/schema.org\",\"@graph\":[{\"@type\":\"WebPage\",\"@id\":\"https:\/\/laprensacristiana.com\/?p=7500\",\"url\":\"https:\/\/laprensacristiana.com\/?p=7500\",\"name\":\"\u00bfEst\u00e1s listo o lista para recibir el 2020?\ufeff - La Prensa Cristiana\",\"isPartOf\":{\"@id\":\"https:\/\/laprensacristiana.com\/#website\"},\"datePublished\":\"2019-12-29T18:09:05+00:00\",\"dateModified\":\"2020-07-01T21:52:28+00:00\",\"author\":{\"@id\":\"https:\/\/laprensacristiana.com\/#\/schema\/person\/3e7d82c6bfd6b1fa67010f8f7cd5256e\"},\"breadcrumb\":{\"@id\":\"https:\/\/laprensacristiana.com\/?p=7500#breadcrumb\"},\"inLanguage\":\"es\",\"potentialAction\":[{\"@type\":\"ReadAction\",\"target\":[\"https:\/\/laprensacristiana.com\/?p=7500\"]}]},{\"@type\":\"BreadcrumbList\",\"@id\":\"https:\/\/laprensacristiana.com\/?p=7500#breadcrumb\",\"itemListElement\":[{\"@type\":\"ListItem\",\"position\":1,\"name\":\"Portada\",\"item\":\"https:\/\/laprensacristiana.com\/\"},{\"@type\":\"ListItem\",\"position\":2,\"name\":\"\u00bfEst\u00e1s listo o lista para recibir el 2020?\ufeff\"}]},{\"@type\":\"WebSite\",\"@id\":\"https:\/\/laprensacristiana.com\/#website\",\"url\":\"https:\/\/laprensacristiana.com\/\",\"name\":\"La Prensa Cristiana\",\"description\":\"Anunciando Las Buenas Nuevas\",\"potentialAction\":[{\"@type\":\"SearchAction\",\"target\":{\"@type\":\"EntryPoint\",\"urlTemplate\":\"https:\/\/laprensacristiana.com\/?s={search_term_string}\"},\"query-input\":\"required name=search_term_string\"}],\"inLanguage\":\"es\"},{\"@type\":\"Person\",\"@id\":\"https:\/\/laprensacristiana.com\/#\/schema\/person\/3e7d82c6bfd6b1fa67010f8f7cd5256e\",\"name\":\"EDITOR\",\"image\":{\"@type\":\"ImageObject\",\"inLanguage\":\"es\",\"@id\":\"https:\/\/laprensacristiana.com\/#\/schema\/person\/image\/\",\"url\":\"https:\/\/secure.gravatar.com\/avatar\/72069dfb6c13772d9e8381e3638666d2?s=96&d=mm&r=g\",\"contentUrl\":\"https:\/\/secure.gravatar.com\/avatar\/72069dfb6c13772d9e8381e3638666d2?s=96&d=mm&r=g\",\"caption\":\"EDITOR\"},\"url\":\"https:\/\/laprensacristiana.com\/?author=3\"}]}<\/script>\n<!-- \/ Yoast SEO plugin. -->","yoast_head_json":{"title":"\u00bfEst\u00e1s listo o lista para recibir el 2020?\ufeff - La Prensa Cristiana","robots":{"index":"index","follow":"follow","max-snippet":"max-snippet:-1","max-image-preview":"max-image-preview:large","max-video-preview":"max-video-preview:-1"},"canonical":"https:\/\/laprensacristiana.com\/?p=7500","og_locale":"es_ES","og_type":"article","og_title":"\u00bfEst\u00e1s listo o lista para recibir el 2020?\ufeff - La Prensa Cristiana","og_description":"Estamos en la recta final de la presente d\u00e9cada, y en las pocas horas que\u00a0\u00a0restan en el reloj para culminar este ciclo de vida, resulta importante y casi urgente, asegurarnos de cerrar con broche de oro esta parte de nuestra historia de vida, dejando todo en el tiempo que corresponde \u201ctiempo pasado\u201d lo bueno y [&hellip;]","og_url":"https:\/\/laprensacristiana.com\/?p=7500","og_site_name":"La Prensa Cristiana","article_published_time":"2019-12-29T18:09:05+00:00","article_modified_time":"2020-07-01T21:52:28+00:00","og_image":[{"width":1240,"height":692,"url":"https:\/\/laprensacristiana.com\/wp-content\/uploads\/2019\/10\/JULY-LPG-2017.jpg","type":"image\/jpeg"}],"author":"EDITOR","twitter_card":"summary_large_image","twitter_misc":{"Escrito por":"EDITOR","Tiempo de lectura":"3 minutos"},"schema":{"@context":"https:\/\/schema.org","@graph":[{"@type":"WebPage","@id":"https:\/\/laprensacristiana.com\/?p=7500","url":"https:\/\/laprensacristiana.com\/?p=7500","name":"\u00bfEst\u00e1s listo o lista para recibir el 2020?\ufeff - La Prensa Cristiana","isPartOf":{"@id":"https:\/\/laprensacristiana.com\/#website"},"datePublished":"2019-12-29T18:09:05+00:00","dateModified":"2020-07-01T21:52:28+00:00","author":{"@id":"https:\/\/laprensacristiana.com\/#\/schema\/person\/3e7d82c6bfd6b1fa67010f8f7cd5256e"},"breadcrumb":{"@id":"https:\/\/laprensacristiana.com\/?p=7500#breadcrumb"},"inLanguage":"es","potentialAction":[{"@type":"ReadAction","target":["https:\/\/laprensacristiana.com\/?p=7500"]}]},{"@type":"BreadcrumbList","@id":"https:\/\/laprensacristiana.com\/?p=7500#breadcrumb","itemListElement":[{"@type":"ListItem","position":1,"name":"Portada","item":"https:\/\/laprensacristiana.com\/"},{"@type":"ListItem","position":2,"name":"\u00bfEst\u00e1s listo o lista para recibir el 2020?\ufeff"}]},{"@type":"WebSite","@id":"https:\/\/laprensacristiana.com\/#website","url":"https:\/\/laprensacristiana.com\/","name":"La Prensa Cristiana","description":"Anunciando Las Buenas Nuevas","potentialAction":[{"@type":"SearchAction","target":{"@type":"EntryPoint","urlTemplate":"https:\/\/laprensacristiana.com\/?s={search_term_string}"},"query-input":"required name=search_term_string"}],"inLanguage":"es"},{"@type":"Person","@id":"https:\/\/laprensacristiana.com\/#\/schema\/person\/3e7d82c6bfd6b1fa67010f8f7cd5256e","name":"EDITOR","image":{"@type":"ImageObject","inLanguage":"es","@id":"https:\/\/laprensacristiana.com\/#\/schema\/person\/image\/","url":"https:\/\/secure.gravatar.com\/avatar\/72069dfb6c13772d9e8381e3638666d2?s=96&d=mm&r=g","contentUrl":"https:\/\/secure.gravatar.com\/avatar\/72069dfb6c13772d9e8381e3638666d2?s=96&d=mm&r=g","caption":"EDITOR"},"url":"https:\/\/laprensacristiana.com\/?author=3"}]}},"_links":{"self":[{"href":"https:\/\/laprensacristiana.com\/index.php?rest_route=\/wp\/v2\/posts\/7500"}],"collection":[{"href":"https:\/\/laprensacristiana.com\/index.php?rest_route=\/wp\/v2\/posts"}],"about":[{"href":"https:\/\/laprensacristiana.com\/index.php?rest_route=\/wp\/v2\/types\/post"}],"author":[{"embeddable":true,"href":"https:\/\/laprensacristiana.com\/index.php?rest_route=\/wp\/v2\/users\/3"}],"replies":[{"embeddable":true,"href":"https:\/\/laprensacristiana.com\/index.php?rest_route=%2Fwp%2Fv2%2Fcomments&post=7500"}],"version-history":[{"count":1,"href":"https:\/\/laprensacristiana.com\/index.php?rest_route=\/wp\/v2\/posts\/7500\/revisions"}],"predecessor-version":[{"id":7501,"href":"https:\/\/laprensacristiana.com\/index.php?rest_route=\/wp\/v2\/posts\/7500\/revisions\/7501"}],"wp:featuredmedia":[{"embeddable":true,"href":"https:\/\/laprensacristiana.com\/index.php?rest_route=\/wp\/v2\/media\/7210"}],"wp:attachment":[{"href":"https:\/\/laprensacristiana.com\/index.php?rest_route=%2Fwp%2Fv2%2Fmedia&parent=7500"}],"wp:term":[{"taxonomy":"category","embeddable":true,"href":"https:\/\/laprensacristiana.com\/index.php?rest_route=%2Fwp%2Fv2%2Fcategories&post=7500"},{"taxonomy":"post_tag","embeddable":true,"href":"https:\/\/laprensacristiana.com\/index.php?rest_route=%2Fwp%2Fv2%2Ftags&post=7500"}],"curies":[{"name":"wp","href":"https:\/\/api.w.org\/{rel}","templated":true}]}}