{"id":7537,"date":"2020-01-04T15:48:57","date_gmt":"2020-01-04T15:48:57","guid":{"rendered":"https:\/\/laprensacristiana.com\/?p=7537"},"modified":"2020-01-04T15:48:59","modified_gmt":"2020-01-04T15:48:59","slug":"no-te-duermas","status":"publish","type":"post","link":"https:\/\/laprensacristiana.com\/?p=7537","title":{"rendered":"\u00a1No te duermas!"},"content":{"rendered":"\n<p>Prov.6:4 \u201cNo des sue\u00f1o a tus ojos, Ni a tus p\u00e1rpados\nadormecimiento\u201d<\/p>\n\n\n\n<p>&nbsp;Qu\u00e9 extra\u00f1a manera de\nadvertir del proverbista, sobre no dar sue\u00f1o a nuestros ojos para no caer en la\nred del cazador. De igual manera la forma de pactar de Job que hace referencia\na sus ojos, cuando por lo general nadie culpa a sus ojos de pecar porque\nencuentra otros motivos o excusas. La frase que utilizan ambos para no pecar\ncon los ojos, nos permite entender que les tom\u00f3 un tiempo analizar y descubrir,\ncu\u00e1l era la verdadera causa y as\u00ed dar por terminado un pecado que se hab\u00eda\narraigado de manera permanente en sus vidas. \u00bfYa analizaste si son tus ojos los\nque te llevan a pecar? Y si ya descubriste que son tus ojos, \u00bfhas pactado con\nellos de no mirar lo que no debes? \u00a1No te duermas! Job 31.1\u00bb Yo hab\u00eda convenido\ncon mis ojos no mirar con lujuria a ninguna mujer. \ufeff NVI<\/p>\n\n\n\n<p>&nbsp;La tecnolog\u00eda es una\nherramienta muy buena de ocupar en nuestros tiempos, pero sino se disciplina en\nsu uso, puede servir de \u201cpuente\u201d para pecar y usar nuestra vida como\ninstrumentos de iniquidad. A pesar de que Job vivi\u00f3 en una \u00e9poca desprovista de\neste tipo de tecnolog\u00eda, me refiero a la tecnolog\u00eda visual tales como:\nInternet, redes sociales etc. que literalmente puede contaminar nuestros ojos\nen estos d\u00edas. Tambi\u00e9n el salmista David se incluye para hablar de los \u201cantojos\ndel coraz\u00f3n\u201d que son concedidos a trav\u00e9s de los ojos. \u00a1No te duermas! Sal 73:7 \u201cLos\nojos se les saltan de gordura; Logran con creces los antojos del coraz\u00f3n\u201d.<\/p>\n\n\n\n<p>Todos sabemos que el pecado nos arrastra, es una condici\u00f3n\nque afecta nuestra vida espiritual, porque ofende a Dios y se vuelve urgente y\nnecesario disciplinar los ojos para que no nos lleven por el camino equivocado.\nJob, sin embargo, entend\u00eda que los ojos son las ventanas por las que entran aquellas\nim\u00e1genes que afectan la condici\u00f3n del coraz\u00f3n. \u00a1No te duermas!&nbsp; Prov. 4:25 \u201cTus ojos miren lo recto, Y\ndir\u00edjanse tus p\u00e1rpados hacia lo que tienes delante. 26 \ufeffExamina la senda de tus\npies, \ufeff\ufeff Y todos tus caminos sean rectos\u201d.<\/p>\n\n\n\n<p>&nbsp;Amados amigos y hermanos,\ntodos nos conocemos muy bien y sabemos que estamos rodeados por im\u00e1genes que\nseducen a cualquiera y que provocan a deseos profundos que ofenden a Dios. Los\nojos, aunque importantes y necesarios en nuestra vida, sino se disciplinan\npueden contaminarnos de pecado y tambi\u00e9n pueden ser el medio por el cual se\nactiva la concupiscencia en nuestros corazones. En otras palabras, buscan todo\naquello que codicia la carne, sin medir las consecuencias de sus actos.<\/p>\n\n\n\n<p>&nbsp;Recuerda, la vista es\nuno de los regalos m\u00e1s preciados que nuestro Dios nos ha dado, nos toca a\nnosotros evitar que se contaminen y aprender a usarlos de manera que\ncontribuyan a nuestra edificaci\u00f3n espiritual. La tecnolog\u00eda no es mala en s\u00ed\nmisma, es igual que el dinero que debe usarse sabiamente o como un cuchillo\nnecesario en la cocina, pero que es un arma mortal en manos de un asesino. No\npermitamos que nuestros ojos se descuiden y ense\u00f1\u00e9mosles a aprender en\ndeleitarnos en lo bueno y evitar lo malo.<\/p>\n\n\n\n<p>&nbsp;Debes estar alerta y\nno permitir que el enemigo te sorprenda\u2026\u00a1NO TE DUERMAS!<\/p>\n","protected":false},"excerpt":{"rendered":"<p>Prov.6:4 \u201cNo des sue\u00f1o a tus ojos, Ni a tus p\u00e1rpados adormecimiento\u201d &nbsp;Qu\u00e9 extra\u00f1a manera de advertir del proverbista, sobre no dar sue\u00f1o a nuestros ojos para no caer en la red del cazador. De igual manera la forma de pactar de Job que hace referencia a sus ojos, cuando por lo general nadie culpa [&hellip;]<\/p>\n","protected":false},"author":3,"featured_media":6358,"comment_status":"open","ping_status":"open","sticky":false,"template":"","format":"standard","meta":[],"categories":[36],"tags":[],"yoast_head":"<!-- This site is optimized with the Yoast SEO plugin v20.8 - https:\/\/yoast.com\/wordpress\/plugins\/seo\/ -->\n<title>\u00a1No te duermas! - La Prensa Cristiana<\/title>\n<meta name=\"robots\" content=\"index, follow, max-snippet:-1, max-image-preview:large, max-video-preview:-1\" \/>\n<link rel=\"canonical\" href=\"https:\/\/laprensacristiana.com\/?p=7537\" \/>\n<meta property=\"og:locale\" content=\"es_ES\" \/>\n<meta property=\"og:type\" content=\"article\" \/>\n<meta property=\"og:title\" content=\"\u00a1No te duermas! - La Prensa Cristiana\" \/>\n<meta property=\"og:description\" content=\"Prov.6:4 \u201cNo des sue\u00f1o a tus ojos, Ni a tus p\u00e1rpados adormecimiento\u201d &nbsp;Qu\u00e9 extra\u00f1a manera de advertir del proverbista, sobre no dar sue\u00f1o a nuestros ojos para no caer en la red del cazador. De igual manera la forma de pactar de Job que hace referencia a sus ojos, cuando por lo general nadie culpa [&hellip;]\" \/>\n<meta property=\"og:url\" content=\"https:\/\/laprensacristiana.com\/?p=7537\" \/>\n<meta property=\"og:site_name\" content=\"La Prensa Cristiana\" \/>\n<meta property=\"article:published_time\" content=\"2020-01-04T15:48:57+00:00\" \/>\n<meta property=\"article:modified_time\" content=\"2020-01-04T15:48:59+00:00\" \/>\n<meta property=\"og:image\" content=\"https:\/\/laprensacristiana.com\/wp-content\/uploads\/2019\/08\/WhatsApp-Image-2019-08-20-at-9.10.49-AM.jpeg\" \/>\n\t<meta property=\"og:image:width\" content=\"776\" \/>\n\t<meta property=\"og:image:height\" content=\"393\" \/>\n\t<meta property=\"og:image:type\" content=\"image\/jpeg\" \/>\n<meta name=\"author\" content=\"EDITOR\" \/>\n<meta name=\"twitter:card\" content=\"summary_large_image\" \/>\n<meta name=\"twitter:label1\" content=\"Escrito por\" \/>\n\t<meta name=\"twitter:data1\" content=\"EDITOR\" \/>\n\t<meta name=\"twitter:label2\" content=\"Tiempo de lectura\" \/>\n\t<meta name=\"twitter:data2\" content=\"3 minutos\" \/>\n<script type=\"application\/ld+json\" class=\"yoast-schema-graph\">{\"@context\":\"https:\/\/schema.org\",\"@graph\":[{\"@type\":\"WebPage\",\"@id\":\"https:\/\/laprensacristiana.com\/?p=7537\",\"url\":\"https:\/\/laprensacristiana.com\/?p=7537\",\"name\":\"\u00a1No te duermas! - La Prensa Cristiana\",\"isPartOf\":{\"@id\":\"https:\/\/laprensacristiana.com\/#website\"},\"datePublished\":\"2020-01-04T15:48:57+00:00\",\"dateModified\":\"2020-01-04T15:48:59+00:00\",\"author\":{\"@id\":\"https:\/\/laprensacristiana.com\/#\/schema\/person\/3e7d82c6bfd6b1fa67010f8f7cd5256e\"},\"breadcrumb\":{\"@id\":\"https:\/\/laprensacristiana.com\/?p=7537#breadcrumb\"},\"inLanguage\":\"es\",\"potentialAction\":[{\"@type\":\"ReadAction\",\"target\":[\"https:\/\/laprensacristiana.com\/?p=7537\"]}]},{\"@type\":\"BreadcrumbList\",\"@id\":\"https:\/\/laprensacristiana.com\/?p=7537#breadcrumb\",\"itemListElement\":[{\"@type\":\"ListItem\",\"position\":1,\"name\":\"Portada\",\"item\":\"https:\/\/laprensacristiana.com\/\"},{\"@type\":\"ListItem\",\"position\":2,\"name\":\"\u00a1No te duermas!\"}]},{\"@type\":\"WebSite\",\"@id\":\"https:\/\/laprensacristiana.com\/#website\",\"url\":\"https:\/\/laprensacristiana.com\/\",\"name\":\"La Prensa Cristiana\",\"description\":\"Anunciando Las Buenas Nuevas\",\"potentialAction\":[{\"@type\":\"SearchAction\",\"target\":{\"@type\":\"EntryPoint\",\"urlTemplate\":\"https:\/\/laprensacristiana.com\/?s={search_term_string}\"},\"query-input\":\"required name=search_term_string\"}],\"inLanguage\":\"es\"},{\"@type\":\"Person\",\"@id\":\"https:\/\/laprensacristiana.com\/#\/schema\/person\/3e7d82c6bfd6b1fa67010f8f7cd5256e\",\"name\":\"EDITOR\",\"image\":{\"@type\":\"ImageObject\",\"inLanguage\":\"es\",\"@id\":\"https:\/\/laprensacristiana.com\/#\/schema\/person\/image\/\",\"url\":\"https:\/\/secure.gravatar.com\/avatar\/72069dfb6c13772d9e8381e3638666d2?s=96&d=mm&r=g\",\"contentUrl\":\"https:\/\/secure.gravatar.com\/avatar\/72069dfb6c13772d9e8381e3638666d2?s=96&d=mm&r=g\",\"caption\":\"EDITOR\"},\"url\":\"https:\/\/laprensacristiana.com\/?author=3\"}]}<\/script>\n<!-- \/ Yoast SEO plugin. -->","yoast_head_json":{"title":"\u00a1No te duermas! - La Prensa Cristiana","robots":{"index":"index","follow":"follow","max-snippet":"max-snippet:-1","max-image-preview":"max-image-preview:large","max-video-preview":"max-video-preview:-1"},"canonical":"https:\/\/laprensacristiana.com\/?p=7537","og_locale":"es_ES","og_type":"article","og_title":"\u00a1No te duermas! - La Prensa Cristiana","og_description":"Prov.6:4 \u201cNo des sue\u00f1o a tus ojos, Ni a tus p\u00e1rpados adormecimiento\u201d &nbsp;Qu\u00e9 extra\u00f1a manera de advertir del proverbista, sobre no dar sue\u00f1o a nuestros ojos para no caer en la red del cazador. De igual manera la forma de pactar de Job que hace referencia a sus ojos, cuando por lo general nadie culpa [&hellip;]","og_url":"https:\/\/laprensacristiana.com\/?p=7537","og_site_name":"La Prensa Cristiana","article_published_time":"2020-01-04T15:48:57+00:00","article_modified_time":"2020-01-04T15:48:59+00:00","og_image":[{"width":776,"height":393,"url":"https:\/\/laprensacristiana.com\/wp-content\/uploads\/2019\/08\/WhatsApp-Image-2019-08-20-at-9.10.49-AM.jpeg","type":"image\/jpeg"}],"author":"EDITOR","twitter_card":"summary_large_image","twitter_misc":{"Escrito por":"EDITOR","Tiempo de lectura":"3 minutos"},"schema":{"@context":"https:\/\/schema.org","@graph":[{"@type":"WebPage","@id":"https:\/\/laprensacristiana.com\/?p=7537","url":"https:\/\/laprensacristiana.com\/?p=7537","name":"\u00a1No te duermas! - La Prensa Cristiana","isPartOf":{"@id":"https:\/\/laprensacristiana.com\/#website"},"datePublished":"2020-01-04T15:48:57+00:00","dateModified":"2020-01-04T15:48:59+00:00","author":{"@id":"https:\/\/laprensacristiana.com\/#\/schema\/person\/3e7d82c6bfd6b1fa67010f8f7cd5256e"},"breadcrumb":{"@id":"https:\/\/laprensacristiana.com\/?p=7537#breadcrumb"},"inLanguage":"es","potentialAction":[{"@type":"ReadAction","target":["https:\/\/laprensacristiana.com\/?p=7537"]}]},{"@type":"BreadcrumbList","@id":"https:\/\/laprensacristiana.com\/?p=7537#breadcrumb","itemListElement":[{"@type":"ListItem","position":1,"name":"Portada","item":"https:\/\/laprensacristiana.com\/"},{"@type":"ListItem","position":2,"name":"\u00a1No te duermas!"}]},{"@type":"WebSite","@id":"https:\/\/laprensacristiana.com\/#website","url":"https:\/\/laprensacristiana.com\/","name":"La Prensa Cristiana","description":"Anunciando Las Buenas Nuevas","potentialAction":[{"@type":"SearchAction","target":{"@type":"EntryPoint","urlTemplate":"https:\/\/laprensacristiana.com\/?s={search_term_string}"},"query-input":"required name=search_term_string"}],"inLanguage":"es"},{"@type":"Person","@id":"https:\/\/laprensacristiana.com\/#\/schema\/person\/3e7d82c6bfd6b1fa67010f8f7cd5256e","name":"EDITOR","image":{"@type":"ImageObject","inLanguage":"es","@id":"https:\/\/laprensacristiana.com\/#\/schema\/person\/image\/","url":"https:\/\/secure.gravatar.com\/avatar\/72069dfb6c13772d9e8381e3638666d2?s=96&d=mm&r=g","contentUrl":"https:\/\/secure.gravatar.com\/avatar\/72069dfb6c13772d9e8381e3638666d2?s=96&d=mm&r=g","caption":"EDITOR"},"url":"https:\/\/laprensacristiana.com\/?author=3"}]}},"_links":{"self":[{"href":"https:\/\/laprensacristiana.com\/index.php?rest_route=\/wp\/v2\/posts\/7537"}],"collection":[{"href":"https:\/\/laprensacristiana.com\/index.php?rest_route=\/wp\/v2\/posts"}],"about":[{"href":"https:\/\/laprensacristiana.com\/index.php?rest_route=\/wp\/v2\/types\/post"}],"author":[{"embeddable":true,"href":"https:\/\/laprensacristiana.com\/index.php?rest_route=\/wp\/v2\/users\/3"}],"replies":[{"embeddable":true,"href":"https:\/\/laprensacristiana.com\/index.php?rest_route=%2Fwp%2Fv2%2Fcomments&post=7537"}],"version-history":[{"count":1,"href":"https:\/\/laprensacristiana.com\/index.php?rest_route=\/wp\/v2\/posts\/7537\/revisions"}],"predecessor-version":[{"id":7538,"href":"https:\/\/laprensacristiana.com\/index.php?rest_route=\/wp\/v2\/posts\/7537\/revisions\/7538"}],"wp:featuredmedia":[{"embeddable":true,"href":"https:\/\/laprensacristiana.com\/index.php?rest_route=\/wp\/v2\/media\/6358"}],"wp:attachment":[{"href":"https:\/\/laprensacristiana.com\/index.php?rest_route=%2Fwp%2Fv2%2Fmedia&parent=7537"}],"wp:term":[{"taxonomy":"category","embeddable":true,"href":"https:\/\/laprensacristiana.com\/index.php?rest_route=%2Fwp%2Fv2%2Fcategories&post=7537"},{"taxonomy":"post_tag","embeddable":true,"href":"https:\/\/laprensacristiana.com\/index.php?rest_route=%2Fwp%2Fv2%2Ftags&post=7537"}],"curies":[{"name":"wp","href":"https:\/\/api.w.org\/{rel}","templated":true}]}}