{"id":7542,"date":"2020-01-04T18:01:29","date_gmt":"2020-01-04T18:01:29","guid":{"rendered":"https:\/\/laprensacristiana.com\/?p=7542"},"modified":"2020-07-01T21:51:49","modified_gmt":"2020-07-01T21:51:49","slug":"el-aborto-fue-la-causa-de-muerte-numero-en-el-2019-en-el-mundo","status":"publish","type":"post","link":"https:\/\/laprensacristiana.com\/?p=7542","title":{"rendered":"El aborto fue la causa de muerte n\u00famero uno en el 2019 en el mundo"},"content":{"rendered":"\n<p>Seg\u00fan la revista LifeNew.com quienes informan noticias que\nafectan a la comunidad pr\u00f3vida, durante el 2019 se mataron a 42 millones de\nni\u00f1os en el mundo.<\/p>\n\n\n\n<p>Worldometers es un sitio que muestra n\u00fameros actuales\nbasados en estad\u00edsticas y proyecciones de organizaciones oficiales acreditadas,\npara dar a conocer datos como los nacimientos, muertes, el n\u00famero de poblaci\u00f3n\netc. Los datos arrojados en 2019 fueron alarmantes en cuanto a las muertes por\nabortos, indicaron que m\u00e1s de 42.3 millones se realizaron alrededor del mundo. <\/p>\n\n\n\n<p>8.2 millones personas fallecieron a causa de c\u00e1ncer, 5\nmillones por fumar, 13 millones por diferentes enfermedades y 1.7 millones por\nVIH\/SIDA entre otros datos, 58.6 millones de muertes alrededor del mundo en el\n2019, pero dentro de estos n\u00fameros no se incluyeron las muertes por aborto de\nlos beb\u00e9s que no pudieron nacer. <\/p>\n\n\n\n<p>Estas cifras son un recordatorio de la prevalencia de un\ntema latente a nivel mundial, desde 1973&nbsp;\nhasta el a\u00f1o 2019 EEUU estima que&nbsp;\n61 millones de beb\u00e9s han sido asesinados.<\/p>\n","protected":false},"excerpt":{"rendered":"<p>Seg\u00fan la revista LifeNew.com quienes informan noticias que afectan a la comunidad pr\u00f3vida, durante el 2019 se mataron a 42 millones de ni\u00f1os en el mundo. Worldometers es un sitio que muestra n\u00fameros actuales basados en estad\u00edsticas y proyecciones de organizaciones oficiales acreditadas, para dar a conocer datos como los nacimientos, muertes, el n\u00famero de [&hellip;]<\/p>\n","protected":false},"author":3,"featured_media":7543,"comment_status":"open","ping_status":"open","sticky":false,"template":"","format":"standard","meta":[],"categories":[56],"tags":[],"yoast_head":"<!-- This site is optimized with the Yoast SEO plugin v20.8 - https:\/\/yoast.com\/wordpress\/plugins\/seo\/ -->\n<title>El aborto fue la causa de muerte n\u00famero uno en el 2019 en el mundo - La Prensa Cristiana<\/title>\n<meta name=\"robots\" content=\"index, follow, max-snippet:-1, max-image-preview:large, max-video-preview:-1\" \/>\n<link rel=\"canonical\" href=\"https:\/\/laprensacristiana.com\/?p=7542\" \/>\n<meta property=\"og:locale\" content=\"es_ES\" \/>\n<meta property=\"og:type\" content=\"article\" \/>\n<meta property=\"og:title\" content=\"El aborto fue la causa de muerte n\u00famero uno en el 2019 en el mundo - La Prensa Cristiana\" \/>\n<meta property=\"og:description\" content=\"Seg\u00fan la revista LifeNew.com quienes informan noticias que afectan a la comunidad pr\u00f3vida, durante el 2019 se mataron a 42 millones de ni\u00f1os en el mundo. Worldometers es un sitio que muestra n\u00fameros actuales basados en estad\u00edsticas y proyecciones de organizaciones oficiales acreditadas, para dar a conocer datos como los nacimientos, muertes, el n\u00famero de [&hellip;]\" \/>\n<meta property=\"og:url\" content=\"https:\/\/laprensacristiana.com\/?p=7542\" \/>\n<meta property=\"og:site_name\" content=\"La Prensa Cristiana\" \/>\n<meta property=\"article:published_time\" content=\"2020-01-04T18:01:29+00:00\" \/>\n<meta property=\"article:modified_time\" content=\"2020-07-01T21:51:49+00:00\" \/>\n<meta property=\"og:image\" content=\"https:\/\/laprensacristiana.com\/wp-content\/uploads\/2020\/01\/WhatsApp-Image-2020-01-04-at-12.00.05.jpeg\" \/>\n\t<meta property=\"og:image:width\" content=\"720\" \/>\n\t<meta property=\"og:image:height\" content=\"339\" \/>\n\t<meta property=\"og:image:type\" content=\"image\/jpeg\" \/>\n<meta name=\"author\" content=\"EDITOR\" \/>\n<meta name=\"twitter:card\" content=\"summary_large_image\" \/>\n<meta name=\"twitter:label1\" content=\"Escrito por\" \/>\n\t<meta name=\"twitter:data1\" content=\"EDITOR\" \/>\n\t<meta name=\"twitter:label2\" content=\"Tiempo de lectura\" \/>\n\t<meta name=\"twitter:data2\" content=\"1 minuto\" \/>\n<script type=\"application\/ld+json\" class=\"yoast-schema-graph\">{\"@context\":\"https:\/\/schema.org\",\"@graph\":[{\"@type\":\"WebPage\",\"@id\":\"https:\/\/laprensacristiana.com\/?p=7542\",\"url\":\"https:\/\/laprensacristiana.com\/?p=7542\",\"name\":\"El aborto fue la causa de muerte n\u00famero uno en el 2019 en el mundo - La Prensa Cristiana\",\"isPartOf\":{\"@id\":\"https:\/\/laprensacristiana.com\/#website\"},\"datePublished\":\"2020-01-04T18:01:29+00:00\",\"dateModified\":\"2020-07-01T21:51:49+00:00\",\"author\":{\"@id\":\"https:\/\/laprensacristiana.com\/#\/schema\/person\/3e7d82c6bfd6b1fa67010f8f7cd5256e\"},\"breadcrumb\":{\"@id\":\"https:\/\/laprensacristiana.com\/?p=7542#breadcrumb\"},\"inLanguage\":\"es\",\"potentialAction\":[{\"@type\":\"ReadAction\",\"target\":[\"https:\/\/laprensacristiana.com\/?p=7542\"]}]},{\"@type\":\"BreadcrumbList\",\"@id\":\"https:\/\/laprensacristiana.com\/?p=7542#breadcrumb\",\"itemListElement\":[{\"@type\":\"ListItem\",\"position\":1,\"name\":\"Portada\",\"item\":\"https:\/\/laprensacristiana.com\/\"},{\"@type\":\"ListItem\",\"position\":2,\"name\":\"El aborto fue la causa de muerte n\u00famero uno en el 2019 en el mundo\"}]},{\"@type\":\"WebSite\",\"@id\":\"https:\/\/laprensacristiana.com\/#website\",\"url\":\"https:\/\/laprensacristiana.com\/\",\"name\":\"La Prensa Cristiana\",\"description\":\"Anunciando Las Buenas Nuevas\",\"potentialAction\":[{\"@type\":\"SearchAction\",\"target\":{\"@type\":\"EntryPoint\",\"urlTemplate\":\"https:\/\/laprensacristiana.com\/?s={search_term_string}\"},\"query-input\":\"required name=search_term_string\"}],\"inLanguage\":\"es\"},{\"@type\":\"Person\",\"@id\":\"https:\/\/laprensacristiana.com\/#\/schema\/person\/3e7d82c6bfd6b1fa67010f8f7cd5256e\",\"name\":\"EDITOR\",\"image\":{\"@type\":\"ImageObject\",\"inLanguage\":\"es\",\"@id\":\"https:\/\/laprensacristiana.com\/#\/schema\/person\/image\/\",\"url\":\"https:\/\/secure.gravatar.com\/avatar\/72069dfb6c13772d9e8381e3638666d2?s=96&d=mm&r=g\",\"contentUrl\":\"https:\/\/secure.gravatar.com\/avatar\/72069dfb6c13772d9e8381e3638666d2?s=96&d=mm&r=g\",\"caption\":\"EDITOR\"},\"url\":\"https:\/\/laprensacristiana.com\/?author=3\"}]}<\/script>\n<!-- \/ Yoast SEO plugin. -->","yoast_head_json":{"title":"El aborto fue la causa de muerte n\u00famero uno en el 2019 en el mundo - La Prensa Cristiana","robots":{"index":"index","follow":"follow","max-snippet":"max-snippet:-1","max-image-preview":"max-image-preview:large","max-video-preview":"max-video-preview:-1"},"canonical":"https:\/\/laprensacristiana.com\/?p=7542","og_locale":"es_ES","og_type":"article","og_title":"El aborto fue la causa de muerte n\u00famero uno en el 2019 en el mundo - La Prensa Cristiana","og_description":"Seg\u00fan la revista LifeNew.com quienes informan noticias que afectan a la comunidad pr\u00f3vida, durante el 2019 se mataron a 42 millones de ni\u00f1os en el mundo. Worldometers es un sitio que muestra n\u00fameros actuales basados en estad\u00edsticas y proyecciones de organizaciones oficiales acreditadas, para dar a conocer datos como los nacimientos, muertes, el n\u00famero de [&hellip;]","og_url":"https:\/\/laprensacristiana.com\/?p=7542","og_site_name":"La Prensa Cristiana","article_published_time":"2020-01-04T18:01:29+00:00","article_modified_time":"2020-07-01T21:51:49+00:00","og_image":[{"width":720,"height":339,"url":"https:\/\/laprensacristiana.com\/wp-content\/uploads\/2020\/01\/WhatsApp-Image-2020-01-04-at-12.00.05.jpeg","type":"image\/jpeg"}],"author":"EDITOR","twitter_card":"summary_large_image","twitter_misc":{"Escrito por":"EDITOR","Tiempo de lectura":"1 minuto"},"schema":{"@context":"https:\/\/schema.org","@graph":[{"@type":"WebPage","@id":"https:\/\/laprensacristiana.com\/?p=7542","url":"https:\/\/laprensacristiana.com\/?p=7542","name":"El aborto fue la causa de muerte n\u00famero uno en el 2019 en el mundo - La Prensa Cristiana","isPartOf":{"@id":"https:\/\/laprensacristiana.com\/#website"},"datePublished":"2020-01-04T18:01:29+00:00","dateModified":"2020-07-01T21:51:49+00:00","author":{"@id":"https:\/\/laprensacristiana.com\/#\/schema\/person\/3e7d82c6bfd6b1fa67010f8f7cd5256e"},"breadcrumb":{"@id":"https:\/\/laprensacristiana.com\/?p=7542#breadcrumb"},"inLanguage":"es","potentialAction":[{"@type":"ReadAction","target":["https:\/\/laprensacristiana.com\/?p=7542"]}]},{"@type":"BreadcrumbList","@id":"https:\/\/laprensacristiana.com\/?p=7542#breadcrumb","itemListElement":[{"@type":"ListItem","position":1,"name":"Portada","item":"https:\/\/laprensacristiana.com\/"},{"@type":"ListItem","position":2,"name":"El aborto fue la causa de muerte n\u00famero uno en el 2019 en el mundo"}]},{"@type":"WebSite","@id":"https:\/\/laprensacristiana.com\/#website","url":"https:\/\/laprensacristiana.com\/","name":"La Prensa Cristiana","description":"Anunciando Las Buenas Nuevas","potentialAction":[{"@type":"SearchAction","target":{"@type":"EntryPoint","urlTemplate":"https:\/\/laprensacristiana.com\/?s={search_term_string}"},"query-input":"required name=search_term_string"}],"inLanguage":"es"},{"@type":"Person","@id":"https:\/\/laprensacristiana.com\/#\/schema\/person\/3e7d82c6bfd6b1fa67010f8f7cd5256e","name":"EDITOR","image":{"@type":"ImageObject","inLanguage":"es","@id":"https:\/\/laprensacristiana.com\/#\/schema\/person\/image\/","url":"https:\/\/secure.gravatar.com\/avatar\/72069dfb6c13772d9e8381e3638666d2?s=96&d=mm&r=g","contentUrl":"https:\/\/secure.gravatar.com\/avatar\/72069dfb6c13772d9e8381e3638666d2?s=96&d=mm&r=g","caption":"EDITOR"},"url":"https:\/\/laprensacristiana.com\/?author=3"}]}},"_links":{"self":[{"href":"https:\/\/laprensacristiana.com\/index.php?rest_route=\/wp\/v2\/posts\/7542"}],"collection":[{"href":"https:\/\/laprensacristiana.com\/index.php?rest_route=\/wp\/v2\/posts"}],"about":[{"href":"https:\/\/laprensacristiana.com\/index.php?rest_route=\/wp\/v2\/types\/post"}],"author":[{"embeddable":true,"href":"https:\/\/laprensacristiana.com\/index.php?rest_route=\/wp\/v2\/users\/3"}],"replies":[{"embeddable":true,"href":"https:\/\/laprensacristiana.com\/index.php?rest_route=%2Fwp%2Fv2%2Fcomments&post=7542"}],"version-history":[{"count":2,"href":"https:\/\/laprensacristiana.com\/index.php?rest_route=\/wp\/v2\/posts\/7542\/revisions"}],"predecessor-version":[{"id":7545,"href":"https:\/\/laprensacristiana.com\/index.php?rest_route=\/wp\/v2\/posts\/7542\/revisions\/7545"}],"wp:featuredmedia":[{"embeddable":true,"href":"https:\/\/laprensacristiana.com\/index.php?rest_route=\/wp\/v2\/media\/7543"}],"wp:attachment":[{"href":"https:\/\/laprensacristiana.com\/index.php?rest_route=%2Fwp%2Fv2%2Fmedia&parent=7542"}],"wp:term":[{"taxonomy":"category","embeddable":true,"href":"https:\/\/laprensacristiana.com\/index.php?rest_route=%2Fwp%2Fv2%2Fcategories&post=7542"},{"taxonomy":"post_tag","embeddable":true,"href":"https:\/\/laprensacristiana.com\/index.php?rest_route=%2Fwp%2Fv2%2Ftags&post=7542"}],"curies":[{"name":"wp","href":"https:\/\/api.w.org\/{rel}","templated":true}]}}