{"id":7546,"date":"2020-01-04T21:13:10","date_gmt":"2020-01-04T21:13:10","guid":{"rendered":"https:\/\/laprensacristiana.com\/?p=7546"},"modified":"2020-01-04T21:13:13","modified_gmt":"2020-01-04T21:13:13","slug":"piden-oracion-por-las-tropas-militares-enviadas-al-medio-oriente","status":"publish","type":"post","link":"https:\/\/laprensacristiana.com\/?p=7546","title":{"rendered":"Piden oraci\u00f3n por las tropas militares enviadas al Medio Oriente"},"content":{"rendered":"\n<p>Estados Unidos recibi\u00f3 un atentado a su embajada en Bagdad,\nen respuesta se realizaron ataques a\u00e9reos estadounidenses en el que muri\u00f3 el\ngeneral iran\u00ed Qasem Soleimani.<\/p>\n\n\n\n<p>Estados Unidos envi\u00f3 alrededor de 3.000 soldados a Medio\nOriente para reunirse con otros 650 que ya se encontraban en el lugar,\npermanecer\u00e1n all\u00ed alrededor de 60 d\u00edas mencionaron las autoridades.<\/p>\n\n\n\n<p>El hijo del evangelista Billy Graham, Franklin Graham pidi\u00f3\noraci\u00f3n a trav\u00e9s de sus redes sociales:<\/p>\n\n\n\n<p>&nbsp;\u201cOremos por nuestras\ntropas militares estadounidenses que se dirigen al Medio Oriente. Mi oraci\u00f3n\npor todos y cada uno es que Dios los traiga a casa a salvo a sus familias y\nseres queridos\u201d expres\u00f3 Franklin Graham.<\/p>\n","protected":false},"excerpt":{"rendered":"<p>Estados Unidos recibi\u00f3 un atentado a su embajada en Bagdad, en respuesta se realizaron ataques a\u00e9reos estadounidenses en el que muri\u00f3 el general iran\u00ed Qasem Soleimani. Estados Unidos envi\u00f3 alrededor de 3.000 soldados a Medio Oriente para reunirse con otros 650 que ya se encontraban en el lugar, permanecer\u00e1n all\u00ed alrededor de 60 d\u00edas mencionaron [&hellip;]<\/p>\n","protected":false},"author":3,"featured_media":7547,"comment_status":"open","ping_status":"open","sticky":false,"template":"","format":"standard","meta":[],"categories":[56],"tags":[],"yoast_head":"<!-- This site is optimized with the Yoast SEO plugin v20.8 - https:\/\/yoast.com\/wordpress\/plugins\/seo\/ -->\n<title>Piden oraci\u00f3n por las tropas militares enviadas al Medio Oriente - La Prensa Cristiana<\/title>\n<meta name=\"robots\" content=\"index, follow, max-snippet:-1, max-image-preview:large, max-video-preview:-1\" \/>\n<link rel=\"canonical\" href=\"https:\/\/laprensacristiana.com\/?p=7546\" \/>\n<meta property=\"og:locale\" content=\"es_ES\" \/>\n<meta property=\"og:type\" content=\"article\" \/>\n<meta property=\"og:title\" content=\"Piden oraci\u00f3n por las tropas militares enviadas al Medio Oriente - La Prensa Cristiana\" \/>\n<meta property=\"og:description\" content=\"Estados Unidos recibi\u00f3 un atentado a su embajada en Bagdad, en respuesta se realizaron ataques a\u00e9reos estadounidenses en el que muri\u00f3 el general iran\u00ed Qasem Soleimani. Estados Unidos envi\u00f3 alrededor de 3.000 soldados a Medio Oriente para reunirse con otros 650 que ya se encontraban en el lugar, permanecer\u00e1n all\u00ed alrededor de 60 d\u00edas mencionaron [&hellip;]\" \/>\n<meta property=\"og:url\" content=\"https:\/\/laprensacristiana.com\/?p=7546\" \/>\n<meta property=\"og:site_name\" content=\"La Prensa Cristiana\" \/>\n<meta property=\"article:published_time\" content=\"2020-01-04T21:13:10+00:00\" \/>\n<meta property=\"article:modified_time\" content=\"2020-01-04T21:13:13+00:00\" \/>\n<meta property=\"og:image\" content=\"https:\/\/laprensacristiana.com\/wp-content\/uploads\/2020\/01\/WhatsApp-Image-2020-01-04-at-13.02.26.jpeg\" \/>\n\t<meta property=\"og:image:width\" content=\"720\" \/>\n\t<meta property=\"og:image:height\" content=\"721\" \/>\n\t<meta property=\"og:image:type\" content=\"image\/jpeg\" \/>\n<meta name=\"author\" content=\"EDITOR\" \/>\n<meta name=\"twitter:card\" content=\"summary_large_image\" \/>\n<meta name=\"twitter:label1\" content=\"Escrito por\" \/>\n\t<meta name=\"twitter:data1\" content=\"EDITOR\" \/>\n\t<meta name=\"twitter:label2\" content=\"Tiempo de lectura\" \/>\n\t<meta name=\"twitter:data2\" content=\"1 minuto\" \/>\n<script type=\"application\/ld+json\" class=\"yoast-schema-graph\">{\"@context\":\"https:\/\/schema.org\",\"@graph\":[{\"@type\":\"WebPage\",\"@id\":\"https:\/\/laprensacristiana.com\/?p=7546\",\"url\":\"https:\/\/laprensacristiana.com\/?p=7546\",\"name\":\"Piden oraci\u00f3n por las tropas militares enviadas al Medio Oriente - La Prensa Cristiana\",\"isPartOf\":{\"@id\":\"https:\/\/laprensacristiana.com\/#website\"},\"datePublished\":\"2020-01-04T21:13:10+00:00\",\"dateModified\":\"2020-01-04T21:13:13+00:00\",\"author\":{\"@id\":\"https:\/\/laprensacristiana.com\/#\/schema\/person\/3e7d82c6bfd6b1fa67010f8f7cd5256e\"},\"breadcrumb\":{\"@id\":\"https:\/\/laprensacristiana.com\/?p=7546#breadcrumb\"},\"inLanguage\":\"es\",\"potentialAction\":[{\"@type\":\"ReadAction\",\"target\":[\"https:\/\/laprensacristiana.com\/?p=7546\"]}]},{\"@type\":\"BreadcrumbList\",\"@id\":\"https:\/\/laprensacristiana.com\/?p=7546#breadcrumb\",\"itemListElement\":[{\"@type\":\"ListItem\",\"position\":1,\"name\":\"Portada\",\"item\":\"https:\/\/laprensacristiana.com\/\"},{\"@type\":\"ListItem\",\"position\":2,\"name\":\"Piden oraci\u00f3n por las tropas militares enviadas al Medio Oriente\"}]},{\"@type\":\"WebSite\",\"@id\":\"https:\/\/laprensacristiana.com\/#website\",\"url\":\"https:\/\/laprensacristiana.com\/\",\"name\":\"La Prensa Cristiana\",\"description\":\"Anunciando Las Buenas Nuevas\",\"potentialAction\":[{\"@type\":\"SearchAction\",\"target\":{\"@type\":\"EntryPoint\",\"urlTemplate\":\"https:\/\/laprensacristiana.com\/?s={search_term_string}\"},\"query-input\":\"required name=search_term_string\"}],\"inLanguage\":\"es\"},{\"@type\":\"Person\",\"@id\":\"https:\/\/laprensacristiana.com\/#\/schema\/person\/3e7d82c6bfd6b1fa67010f8f7cd5256e\",\"name\":\"EDITOR\",\"image\":{\"@type\":\"ImageObject\",\"inLanguage\":\"es\",\"@id\":\"https:\/\/laprensacristiana.com\/#\/schema\/person\/image\/\",\"url\":\"https:\/\/secure.gravatar.com\/avatar\/72069dfb6c13772d9e8381e3638666d2?s=96&d=mm&r=g\",\"contentUrl\":\"https:\/\/secure.gravatar.com\/avatar\/72069dfb6c13772d9e8381e3638666d2?s=96&d=mm&r=g\",\"caption\":\"EDITOR\"},\"url\":\"https:\/\/laprensacristiana.com\/?author=3\"}]}<\/script>\n<!-- \/ Yoast SEO plugin. -->","yoast_head_json":{"title":"Piden oraci\u00f3n por las tropas militares enviadas al Medio Oriente - La Prensa Cristiana","robots":{"index":"index","follow":"follow","max-snippet":"max-snippet:-1","max-image-preview":"max-image-preview:large","max-video-preview":"max-video-preview:-1"},"canonical":"https:\/\/laprensacristiana.com\/?p=7546","og_locale":"es_ES","og_type":"article","og_title":"Piden oraci\u00f3n por las tropas militares enviadas al Medio Oriente - La Prensa Cristiana","og_description":"Estados Unidos recibi\u00f3 un atentado a su embajada en Bagdad, en respuesta se realizaron ataques a\u00e9reos estadounidenses en el que muri\u00f3 el general iran\u00ed Qasem Soleimani. Estados Unidos envi\u00f3 alrededor de 3.000 soldados a Medio Oriente para reunirse con otros 650 que ya se encontraban en el lugar, permanecer\u00e1n all\u00ed alrededor de 60 d\u00edas mencionaron [&hellip;]","og_url":"https:\/\/laprensacristiana.com\/?p=7546","og_site_name":"La Prensa Cristiana","article_published_time":"2020-01-04T21:13:10+00:00","article_modified_time":"2020-01-04T21:13:13+00:00","og_image":[{"width":720,"height":721,"url":"https:\/\/laprensacristiana.com\/wp-content\/uploads\/2020\/01\/WhatsApp-Image-2020-01-04-at-13.02.26.jpeg","type":"image\/jpeg"}],"author":"EDITOR","twitter_card":"summary_large_image","twitter_misc":{"Escrito por":"EDITOR","Tiempo de lectura":"1 minuto"},"schema":{"@context":"https:\/\/schema.org","@graph":[{"@type":"WebPage","@id":"https:\/\/laprensacristiana.com\/?p=7546","url":"https:\/\/laprensacristiana.com\/?p=7546","name":"Piden oraci\u00f3n por las tropas militares enviadas al Medio Oriente - La Prensa Cristiana","isPartOf":{"@id":"https:\/\/laprensacristiana.com\/#website"},"datePublished":"2020-01-04T21:13:10+00:00","dateModified":"2020-01-04T21:13:13+00:00","author":{"@id":"https:\/\/laprensacristiana.com\/#\/schema\/person\/3e7d82c6bfd6b1fa67010f8f7cd5256e"},"breadcrumb":{"@id":"https:\/\/laprensacristiana.com\/?p=7546#breadcrumb"},"inLanguage":"es","potentialAction":[{"@type":"ReadAction","target":["https:\/\/laprensacristiana.com\/?p=7546"]}]},{"@type":"BreadcrumbList","@id":"https:\/\/laprensacristiana.com\/?p=7546#breadcrumb","itemListElement":[{"@type":"ListItem","position":1,"name":"Portada","item":"https:\/\/laprensacristiana.com\/"},{"@type":"ListItem","position":2,"name":"Piden oraci\u00f3n por las tropas militares enviadas al Medio Oriente"}]},{"@type":"WebSite","@id":"https:\/\/laprensacristiana.com\/#website","url":"https:\/\/laprensacristiana.com\/","name":"La Prensa Cristiana","description":"Anunciando Las Buenas Nuevas","potentialAction":[{"@type":"SearchAction","target":{"@type":"EntryPoint","urlTemplate":"https:\/\/laprensacristiana.com\/?s={search_term_string}"},"query-input":"required name=search_term_string"}],"inLanguage":"es"},{"@type":"Person","@id":"https:\/\/laprensacristiana.com\/#\/schema\/person\/3e7d82c6bfd6b1fa67010f8f7cd5256e","name":"EDITOR","image":{"@type":"ImageObject","inLanguage":"es","@id":"https:\/\/laprensacristiana.com\/#\/schema\/person\/image\/","url":"https:\/\/secure.gravatar.com\/avatar\/72069dfb6c13772d9e8381e3638666d2?s=96&d=mm&r=g","contentUrl":"https:\/\/secure.gravatar.com\/avatar\/72069dfb6c13772d9e8381e3638666d2?s=96&d=mm&r=g","caption":"EDITOR"},"url":"https:\/\/laprensacristiana.com\/?author=3"}]}},"_links":{"self":[{"href":"https:\/\/laprensacristiana.com\/index.php?rest_route=\/wp\/v2\/posts\/7546"}],"collection":[{"href":"https:\/\/laprensacristiana.com\/index.php?rest_route=\/wp\/v2\/posts"}],"about":[{"href":"https:\/\/laprensacristiana.com\/index.php?rest_route=\/wp\/v2\/types\/post"}],"author":[{"embeddable":true,"href":"https:\/\/laprensacristiana.com\/index.php?rest_route=\/wp\/v2\/users\/3"}],"replies":[{"embeddable":true,"href":"https:\/\/laprensacristiana.com\/index.php?rest_route=%2Fwp%2Fv2%2Fcomments&post=7546"}],"version-history":[{"count":1,"href":"https:\/\/laprensacristiana.com\/index.php?rest_route=\/wp\/v2\/posts\/7546\/revisions"}],"predecessor-version":[{"id":7548,"href":"https:\/\/laprensacristiana.com\/index.php?rest_route=\/wp\/v2\/posts\/7546\/revisions\/7548"}],"wp:featuredmedia":[{"embeddable":true,"href":"https:\/\/laprensacristiana.com\/index.php?rest_route=\/wp\/v2\/media\/7547"}],"wp:attachment":[{"href":"https:\/\/laprensacristiana.com\/index.php?rest_route=%2Fwp%2Fv2%2Fmedia&parent=7546"}],"wp:term":[{"taxonomy":"category","embeddable":true,"href":"https:\/\/laprensacristiana.com\/index.php?rest_route=%2Fwp%2Fv2%2Fcategories&post=7546"},{"taxonomy":"post_tag","embeddable":true,"href":"https:\/\/laprensacristiana.com\/index.php?rest_route=%2Fwp%2Fv2%2Ftags&post=7546"}],"curies":[{"name":"wp","href":"https:\/\/api.w.org\/{rel}","templated":true}]}}