{"id":7554,"date":"2020-01-06T08:50:54","date_gmt":"2020-01-06T08:50:54","guid":{"rendered":"https:\/\/laprensacristiana.com\/?p=7554"},"modified":"2020-07-01T21:51:11","modified_gmt":"2020-07-01T21:51:11","slug":"2020-el-ano-del-equilibrio","status":"publish","type":"post","link":"https:\/\/laprensacristiana.com\/?p=7554","title":{"rendered":"2020 el a\u00f1o del equilibrio."},"content":{"rendered":"\n<p>La primera semana del nuevo a\u00f1o ha finalizado\nya, y hubo quienes la aprovecharon y otros solo la vieron pasar. Es mi deseo\nmotivarle a que invierta unas horas del tiempo nuevo que se respira rebosante\nde esperanza, dise\u00f1ando su propia estrategia a seguir para alcanzar metas que\nsumaran a su crecimiento integral, lo que le permitir\u00e1 superarse personal.<\/p>\n\n\n\n<p>Para esto, considero propicio\nrecordar que del mismo modo como en nuestros tiempos de estudiantes, el primer\nd\u00eda de clases cont\u00e1bamos con cuadernos en blanco listos para escribir en ellos nuevo\nconocimiento y nuevas tareas a realizar a lo largo del a\u00f1o escolar. Hoy en\nnuestra etapa de adultos tambi\u00e9n debemos de tomar consciencia de que estamos frente\na la maravillosa oportunidad de escribir una historia diferente a lo largo de\neste a\u00f1o que reci\u00e9n estrenamos, aunque no en cuadernos sino en nuestra hoja de\nvida que marcar\u00e1 un antes y un despu\u00e9s, o m\u00e1s de lo mismo. Uno de los conocidos\ndichos populares cita \u201clos tiempos no cambian son las personas las que cambian\ncon el paso del tiempo\u201d lo lamentable de esto, es que en la mayor\u00eda de los casos\ncambiamos para mal y lo que es peor, muchos se acomodan a ese estado mientras\nse estancan perdiendo la motivaci\u00f3n por la superaci\u00f3n personal, y luego esa\nfalta de visi\u00f3n les imposibilita contestar la interrogante \u00bfC\u00f3mo puedo ver\nresultados diferentes en mi vida?<\/p>\n\n\n\n<p>Afortunadamente los creyentes contamos con el manual de vida inspirado por Dios en el que encontramos adem\u00e1s de la incomparable promesa de vida eterna, instrucciones a seguir para gozar de una vida abundante y en victoria \u00a1aqu\u00ed y ahora! Y entre esas instrucciones encontramos la que nos invita a ser como la luz de la aurora que va de aumento, en aumento hasta que el d\u00eda sea perfecto. Los seres humanos fuimos creados para conquistar esta tierra a la vez que nos desarrollamos integralmente. Para eso se nos proporcion\u00f3 un cuerpo, alma, y esp\u00edritu. Para que al igual que Jes\u00fas creci\u00f3 en estatura y en gracia para con Dios y con los hombres. Nosotros tambi\u00e9n alcancemos el equilibrio en nuestra relaci\u00f3n con Dios, con nosotros mismos y con todos los dem\u00e1s. El equilibrio vendr\u00e1 cuando logremos que nuestra buena voluntad este en sinton\u00eda con nuestros pensamientos manifestados en hechos favorables, tales como lograr estabilidad con nuestra pareja, superaci\u00f3n laboral, ejercer una adecuada administraci\u00f3n en nuestras finanzas, cambiar h\u00e1bitos que destruyen relaciones por los que las afirman, entre otros.<\/p>\n\n\n\n<p>Pero no debemos pasar por alto qu\u00e9,\naunque nuestro es el poder para hacer cambios en nuestra manera de pensar y\nactuar, esto tiene un orden a seguir para ver los resultados que esperamos y en\nese orden lo primero es buscar a Dios, pero no solo los domingos, semana santa\ny d\u00edas festivos; sino buscarlo todos los d\u00edas y darle el primer lugar en\nnuestras actividades, pensamientos y decisiones. La promesa para quienes\ncumplamos esto se encuentra en Mateo 6:33.<\/p>\n\n\n\n<p>Le animo a que decida hoy, renunciar\na ver m\u00e1s de lo mismo y se atreva a escribir una nueva historia con la b\u00fasqueda\nde su propio equilibrio este nuevo a\u00f1o y presente d\u00e9cada, pero le advierto que\ntendr\u00e1 que revestirse de valent\u00eda, voluntad, y decisi\u00f3n, para romper con\npatrones de conducta, dejar su zona de confort y enfrentarse a lo desconocido para\nconquistarlo. Marcando con esto un antes y un despu\u00e9s en su vida sac\u00e1ndole\nmayor provecho a su caminar de la mano con Dios. <\/p>\n\n\n\n<p>Abrace su vida en este nuevo a\u00f1o, esfu\u00e9rcese\ny busque su equilibrio. Dios har\u00e1 su parte, pero usted, tiene que hacer la\nsuya.<\/p>\n\n\n\n<p>\u00a1Todos escribamos una nueva historia!<\/p>\n","protected":false},"excerpt":{"rendered":"<p>La primera semana del nuevo a\u00f1o ha finalizado ya, y hubo quienes la aprovecharon y otros solo la vieron pasar. Es mi deseo motivarle a que invierta unas horas del tiempo nuevo que se respira rebosante de esperanza, dise\u00f1ando su propia estrategia a seguir para alcanzar metas que sumaran a su crecimiento integral, lo que [&hellip;]<\/p>\n","protected":false},"author":3,"featured_media":7210,"comment_status":"open","ping_status":"open","sticky":false,"template":"","format":"standard","meta":[],"categories":[36],"tags":[],"yoast_head":"<!-- This site is optimized with the Yoast SEO plugin v20.8 - https:\/\/yoast.com\/wordpress\/plugins\/seo\/ -->\n<title>2020 el a\u00f1o del equilibrio. - La Prensa Cristiana<\/title>\n<meta name=\"robots\" content=\"index, follow, max-snippet:-1, max-image-preview:large, max-video-preview:-1\" \/>\n<link rel=\"canonical\" href=\"https:\/\/laprensacristiana.com\/?p=7554\" \/>\n<meta property=\"og:locale\" content=\"es_ES\" \/>\n<meta property=\"og:type\" content=\"article\" \/>\n<meta property=\"og:title\" content=\"2020 el a\u00f1o del equilibrio. - La Prensa Cristiana\" \/>\n<meta property=\"og:description\" content=\"La primera semana del nuevo a\u00f1o ha finalizado ya, y hubo quienes la aprovecharon y otros solo la vieron pasar. Es mi deseo motivarle a que invierta unas horas del tiempo nuevo que se respira rebosante de esperanza, dise\u00f1ando su propia estrategia a seguir para alcanzar metas que sumaran a su crecimiento integral, lo que [&hellip;]\" \/>\n<meta property=\"og:url\" content=\"https:\/\/laprensacristiana.com\/?p=7554\" \/>\n<meta property=\"og:site_name\" content=\"La Prensa Cristiana\" \/>\n<meta property=\"article:published_time\" content=\"2020-01-06T08:50:54+00:00\" \/>\n<meta property=\"article:modified_time\" content=\"2020-07-01T21:51:11+00:00\" \/>\n<meta property=\"og:image\" content=\"https:\/\/laprensacristiana.com\/wp-content\/uploads\/2019\/10\/JULY-LPG-2017.jpg\" \/>\n\t<meta property=\"og:image:width\" content=\"1240\" \/>\n\t<meta property=\"og:image:height\" content=\"692\" \/>\n\t<meta property=\"og:image:type\" content=\"image\/jpeg\" \/>\n<meta name=\"author\" content=\"EDITOR\" \/>\n<meta name=\"twitter:card\" content=\"summary_large_image\" \/>\n<meta name=\"twitter:label1\" content=\"Escrito por\" \/>\n\t<meta name=\"twitter:data1\" content=\"EDITOR\" \/>\n\t<meta name=\"twitter:label2\" content=\"Tiempo de lectura\" \/>\n\t<meta name=\"twitter:data2\" content=\"3 minutos\" \/>\n<script type=\"application\/ld+json\" class=\"yoast-schema-graph\">{\"@context\":\"https:\/\/schema.org\",\"@graph\":[{\"@type\":\"WebPage\",\"@id\":\"https:\/\/laprensacristiana.com\/?p=7554\",\"url\":\"https:\/\/laprensacristiana.com\/?p=7554\",\"name\":\"2020 el a\u00f1o del equilibrio. - La Prensa Cristiana\",\"isPartOf\":{\"@id\":\"https:\/\/laprensacristiana.com\/#website\"},\"datePublished\":\"2020-01-06T08:50:54+00:00\",\"dateModified\":\"2020-07-01T21:51:11+00:00\",\"author\":{\"@id\":\"https:\/\/laprensacristiana.com\/#\/schema\/person\/3e7d82c6bfd6b1fa67010f8f7cd5256e\"},\"breadcrumb\":{\"@id\":\"https:\/\/laprensacristiana.com\/?p=7554#breadcrumb\"},\"inLanguage\":\"es\",\"potentialAction\":[{\"@type\":\"ReadAction\",\"target\":[\"https:\/\/laprensacristiana.com\/?p=7554\"]}]},{\"@type\":\"BreadcrumbList\",\"@id\":\"https:\/\/laprensacristiana.com\/?p=7554#breadcrumb\",\"itemListElement\":[{\"@type\":\"ListItem\",\"position\":1,\"name\":\"Portada\",\"item\":\"https:\/\/laprensacristiana.com\/\"},{\"@type\":\"ListItem\",\"position\":2,\"name\":\"2020 el a\u00f1o del equilibrio.\"}]},{\"@type\":\"WebSite\",\"@id\":\"https:\/\/laprensacristiana.com\/#website\",\"url\":\"https:\/\/laprensacristiana.com\/\",\"name\":\"La Prensa Cristiana\",\"description\":\"Anunciando Las Buenas Nuevas\",\"potentialAction\":[{\"@type\":\"SearchAction\",\"target\":{\"@type\":\"EntryPoint\",\"urlTemplate\":\"https:\/\/laprensacristiana.com\/?s={search_term_string}\"},\"query-input\":\"required name=search_term_string\"}],\"inLanguage\":\"es\"},{\"@type\":\"Person\",\"@id\":\"https:\/\/laprensacristiana.com\/#\/schema\/person\/3e7d82c6bfd6b1fa67010f8f7cd5256e\",\"name\":\"EDITOR\",\"image\":{\"@type\":\"ImageObject\",\"inLanguage\":\"es\",\"@id\":\"https:\/\/laprensacristiana.com\/#\/schema\/person\/image\/\",\"url\":\"https:\/\/secure.gravatar.com\/avatar\/72069dfb6c13772d9e8381e3638666d2?s=96&d=mm&r=g\",\"contentUrl\":\"https:\/\/secure.gravatar.com\/avatar\/72069dfb6c13772d9e8381e3638666d2?s=96&d=mm&r=g\",\"caption\":\"EDITOR\"},\"url\":\"https:\/\/laprensacristiana.com\/?author=3\"}]}<\/script>\n<!-- \/ Yoast SEO plugin. -->","yoast_head_json":{"title":"2020 el a\u00f1o del equilibrio. - La Prensa Cristiana","robots":{"index":"index","follow":"follow","max-snippet":"max-snippet:-1","max-image-preview":"max-image-preview:large","max-video-preview":"max-video-preview:-1"},"canonical":"https:\/\/laprensacristiana.com\/?p=7554","og_locale":"es_ES","og_type":"article","og_title":"2020 el a\u00f1o del equilibrio. - La Prensa Cristiana","og_description":"La primera semana del nuevo a\u00f1o ha finalizado ya, y hubo quienes la aprovecharon y otros solo la vieron pasar. Es mi deseo motivarle a que invierta unas horas del tiempo nuevo que se respira rebosante de esperanza, dise\u00f1ando su propia estrategia a seguir para alcanzar metas que sumaran a su crecimiento integral, lo que [&hellip;]","og_url":"https:\/\/laprensacristiana.com\/?p=7554","og_site_name":"La Prensa Cristiana","article_published_time":"2020-01-06T08:50:54+00:00","article_modified_time":"2020-07-01T21:51:11+00:00","og_image":[{"width":1240,"height":692,"url":"https:\/\/laprensacristiana.com\/wp-content\/uploads\/2019\/10\/JULY-LPG-2017.jpg","type":"image\/jpeg"}],"author":"EDITOR","twitter_card":"summary_large_image","twitter_misc":{"Escrito por":"EDITOR","Tiempo de lectura":"3 minutos"},"schema":{"@context":"https:\/\/schema.org","@graph":[{"@type":"WebPage","@id":"https:\/\/laprensacristiana.com\/?p=7554","url":"https:\/\/laprensacristiana.com\/?p=7554","name":"2020 el a\u00f1o del equilibrio. - La Prensa Cristiana","isPartOf":{"@id":"https:\/\/laprensacristiana.com\/#website"},"datePublished":"2020-01-06T08:50:54+00:00","dateModified":"2020-07-01T21:51:11+00:00","author":{"@id":"https:\/\/laprensacristiana.com\/#\/schema\/person\/3e7d82c6bfd6b1fa67010f8f7cd5256e"},"breadcrumb":{"@id":"https:\/\/laprensacristiana.com\/?p=7554#breadcrumb"},"inLanguage":"es","potentialAction":[{"@type":"ReadAction","target":["https:\/\/laprensacristiana.com\/?p=7554"]}]},{"@type":"BreadcrumbList","@id":"https:\/\/laprensacristiana.com\/?p=7554#breadcrumb","itemListElement":[{"@type":"ListItem","position":1,"name":"Portada","item":"https:\/\/laprensacristiana.com\/"},{"@type":"ListItem","position":2,"name":"2020 el a\u00f1o del equilibrio."}]},{"@type":"WebSite","@id":"https:\/\/laprensacristiana.com\/#website","url":"https:\/\/laprensacristiana.com\/","name":"La Prensa Cristiana","description":"Anunciando Las Buenas Nuevas","potentialAction":[{"@type":"SearchAction","target":{"@type":"EntryPoint","urlTemplate":"https:\/\/laprensacristiana.com\/?s={search_term_string}"},"query-input":"required name=search_term_string"}],"inLanguage":"es"},{"@type":"Person","@id":"https:\/\/laprensacristiana.com\/#\/schema\/person\/3e7d82c6bfd6b1fa67010f8f7cd5256e","name":"EDITOR","image":{"@type":"ImageObject","inLanguage":"es","@id":"https:\/\/laprensacristiana.com\/#\/schema\/person\/image\/","url":"https:\/\/secure.gravatar.com\/avatar\/72069dfb6c13772d9e8381e3638666d2?s=96&d=mm&r=g","contentUrl":"https:\/\/secure.gravatar.com\/avatar\/72069dfb6c13772d9e8381e3638666d2?s=96&d=mm&r=g","caption":"EDITOR"},"url":"https:\/\/laprensacristiana.com\/?author=3"}]}},"_links":{"self":[{"href":"https:\/\/laprensacristiana.com\/index.php?rest_route=\/wp\/v2\/posts\/7554"}],"collection":[{"href":"https:\/\/laprensacristiana.com\/index.php?rest_route=\/wp\/v2\/posts"}],"about":[{"href":"https:\/\/laprensacristiana.com\/index.php?rest_route=\/wp\/v2\/types\/post"}],"author":[{"embeddable":true,"href":"https:\/\/laprensacristiana.com\/index.php?rest_route=\/wp\/v2\/users\/3"}],"replies":[{"embeddable":true,"href":"https:\/\/laprensacristiana.com\/index.php?rest_route=%2Fwp%2Fv2%2Fcomments&post=7554"}],"version-history":[{"count":1,"href":"https:\/\/laprensacristiana.com\/index.php?rest_route=\/wp\/v2\/posts\/7554\/revisions"}],"predecessor-version":[{"id":7555,"href":"https:\/\/laprensacristiana.com\/index.php?rest_route=\/wp\/v2\/posts\/7554\/revisions\/7555"}],"wp:featuredmedia":[{"embeddable":true,"href":"https:\/\/laprensacristiana.com\/index.php?rest_route=\/wp\/v2\/media\/7210"}],"wp:attachment":[{"href":"https:\/\/laprensacristiana.com\/index.php?rest_route=%2Fwp%2Fv2%2Fmedia&parent=7554"}],"wp:term":[{"taxonomy":"category","embeddable":true,"href":"https:\/\/laprensacristiana.com\/index.php?rest_route=%2Fwp%2Fv2%2Fcategories&post=7554"},{"taxonomy":"post_tag","embeddable":true,"href":"https:\/\/laprensacristiana.com\/index.php?rest_route=%2Fwp%2Fv2%2Ftags&post=7554"}],"curies":[{"name":"wp","href":"https:\/\/api.w.org\/{rel}","templated":true}]}}