{"id":7566,"date":"2020-01-07T00:28:04","date_gmt":"2020-01-07T00:28:04","guid":{"rendered":"https:\/\/laprensacristiana.com\/?p=7566"},"modified":"2020-01-07T00:28:07","modified_gmt":"2020-01-07T00:28:07","slug":"pastor-jeremias-bolanos-es-reelegido-superintendente-de-las-asambleas-de-dios-e-s","status":"publish","type":"post","link":"https:\/\/laprensacristiana.com\/?p=7566","title":{"rendered":"Pastor Jerem\u00edas Bola\u00f1os es reelegido Superintendente de las Asambleas de Dios E.S."},"content":{"rendered":"\n<p>El d\u00eda de hoy en el marco de su conferencia anual #90, en \nsu centro de convenciones ubicado en Cupinco, Olocuilta, reeligieron al \nReverendo Jerem\u00edas Bola\u00f1os Anaya como Superintendente Nacional de las \nAsambleas de Dios en El Salvador.<\/p>\n\n\n\n<p>Las Asambleas de Dios en El Salvador est\u00e1n catalogadas como\n la denominaci\u00f3n evang\u00e9lica que mayor n\u00famero de miembros posee, no solo \npor sus iglesias sino tambi\u00e9n por sus aportes a la sociedad como los \nLiceos Cristianos en todo el pais, Universidad Cristiana, Radio de \ncobertura nacional (Radio Verdad), Libreria (Vida), Revista (Luz y \nVida), instituto B\u00edblico (Betel), Instituto Superior (ISUM) entre otras \nque les permiten tener mayor cobertura en el trabajo que realizan. <\/p>\n\n\n\n<p>El pastor Jerem\u00edas Bola\u00f1os goza de amplia trayectoria \nministerial, ha sido galardonado por su trabajo con el premio Sol de \nJusticia otorgado por la Universidad Evang\u00e9lica de El Salvador, entre \notros reconocimientos recibidos a lo largo de su ministerio.<\/p>\n\n\n\n<p>La reelecci\u00f3n tiene vigencia para 4 a\u00f1os, periodo en el cual puede volver a postularse.<\/p>\n","protected":false},"excerpt":{"rendered":"<p>El d\u00eda de hoy en el marco de su conferencia anual #90, en su centro de convenciones ubicado en Cupinco, Olocuilta, reeligieron al Reverendo Jerem\u00edas Bola\u00f1os Anaya como Superintendente Nacional de las Asambleas de Dios en El Salvador. Las Asambleas de Dios en El Salvador est\u00e1n catalogadas como la denominaci\u00f3n evang\u00e9lica que mayor n\u00famero de [&hellip;]<\/p>\n","protected":false},"author":3,"featured_media":7567,"comment_status":"open","ping_status":"open","sticky":false,"template":"","format":"standard","meta":[],"categories":[56],"tags":[],"yoast_head":"<!-- This site is optimized with the Yoast SEO plugin v20.8 - https:\/\/yoast.com\/wordpress\/plugins\/seo\/ -->\n<title>Pastor Jerem\u00edas Bola\u00f1os es reelegido Superintendente de las Asambleas de Dios E.S. - La Prensa Cristiana<\/title>\n<meta name=\"robots\" content=\"index, follow, max-snippet:-1, max-image-preview:large, max-video-preview:-1\" \/>\n<link rel=\"canonical\" href=\"https:\/\/laprensacristiana.com\/?p=7566\" \/>\n<meta property=\"og:locale\" content=\"es_ES\" \/>\n<meta property=\"og:type\" content=\"article\" \/>\n<meta property=\"og:title\" content=\"Pastor Jerem\u00edas Bola\u00f1os es reelegido Superintendente de las Asambleas de Dios E.S. - La Prensa Cristiana\" \/>\n<meta property=\"og:description\" content=\"El d\u00eda de hoy en el marco de su conferencia anual #90, en su centro de convenciones ubicado en Cupinco, Olocuilta, reeligieron al Reverendo Jerem\u00edas Bola\u00f1os Anaya como Superintendente Nacional de las Asambleas de Dios en El Salvador. Las Asambleas de Dios en El Salvador est\u00e1n catalogadas como la denominaci\u00f3n evang\u00e9lica que mayor n\u00famero de [&hellip;]\" \/>\n<meta property=\"og:url\" content=\"https:\/\/laprensacristiana.com\/?p=7566\" \/>\n<meta property=\"og:site_name\" content=\"La Prensa Cristiana\" \/>\n<meta property=\"article:published_time\" content=\"2020-01-07T00:28:04+00:00\" \/>\n<meta property=\"article:modified_time\" content=\"2020-01-07T00:28:07+00:00\" \/>\n<meta property=\"og:image\" content=\"https:\/\/laprensacristiana.com\/wp-content\/uploads\/2020\/01\/SAVE_20200106_182047.jpg\" \/>\n\t<meta property=\"og:image:width\" content=\"1280\" \/>\n\t<meta property=\"og:image:height\" content=\"1272\" \/>\n\t<meta property=\"og:image:type\" content=\"image\/jpeg\" \/>\n<meta name=\"author\" content=\"EDITOR\" \/>\n<meta name=\"twitter:card\" content=\"summary_large_image\" \/>\n<meta name=\"twitter:label1\" content=\"Escrito por\" \/>\n\t<meta name=\"twitter:data1\" content=\"EDITOR\" \/>\n\t<meta name=\"twitter:label2\" content=\"Tiempo de lectura\" \/>\n\t<meta name=\"twitter:data2\" content=\"1 minuto\" \/>\n<script type=\"application\/ld+json\" class=\"yoast-schema-graph\">{\"@context\":\"https:\/\/schema.org\",\"@graph\":[{\"@type\":\"WebPage\",\"@id\":\"https:\/\/laprensacristiana.com\/?p=7566\",\"url\":\"https:\/\/laprensacristiana.com\/?p=7566\",\"name\":\"Pastor Jerem\u00edas Bola\u00f1os es reelegido Superintendente de las Asambleas de Dios E.S. - La Prensa Cristiana\",\"isPartOf\":{\"@id\":\"https:\/\/laprensacristiana.com\/#website\"},\"datePublished\":\"2020-01-07T00:28:04+00:00\",\"dateModified\":\"2020-01-07T00:28:07+00:00\",\"author\":{\"@id\":\"https:\/\/laprensacristiana.com\/#\/schema\/person\/3e7d82c6bfd6b1fa67010f8f7cd5256e\"},\"breadcrumb\":{\"@id\":\"https:\/\/laprensacristiana.com\/?p=7566#breadcrumb\"},\"inLanguage\":\"es\",\"potentialAction\":[{\"@type\":\"ReadAction\",\"target\":[\"https:\/\/laprensacristiana.com\/?p=7566\"]}]},{\"@type\":\"BreadcrumbList\",\"@id\":\"https:\/\/laprensacristiana.com\/?p=7566#breadcrumb\",\"itemListElement\":[{\"@type\":\"ListItem\",\"position\":1,\"name\":\"Portada\",\"item\":\"https:\/\/laprensacristiana.com\/\"},{\"@type\":\"ListItem\",\"position\":2,\"name\":\"Pastor Jerem\u00edas Bola\u00f1os es reelegido Superintendente de las Asambleas de Dios E.S.\"}]},{\"@type\":\"WebSite\",\"@id\":\"https:\/\/laprensacristiana.com\/#website\",\"url\":\"https:\/\/laprensacristiana.com\/\",\"name\":\"La Prensa Cristiana\",\"description\":\"Anunciando Las Buenas Nuevas\",\"potentialAction\":[{\"@type\":\"SearchAction\",\"target\":{\"@type\":\"EntryPoint\",\"urlTemplate\":\"https:\/\/laprensacristiana.com\/?s={search_term_string}\"},\"query-input\":\"required name=search_term_string\"}],\"inLanguage\":\"es\"},{\"@type\":\"Person\",\"@id\":\"https:\/\/laprensacristiana.com\/#\/schema\/person\/3e7d82c6bfd6b1fa67010f8f7cd5256e\",\"name\":\"EDITOR\",\"image\":{\"@type\":\"ImageObject\",\"inLanguage\":\"es\",\"@id\":\"https:\/\/laprensacristiana.com\/#\/schema\/person\/image\/\",\"url\":\"https:\/\/secure.gravatar.com\/avatar\/72069dfb6c13772d9e8381e3638666d2?s=96&d=mm&r=g\",\"contentUrl\":\"https:\/\/secure.gravatar.com\/avatar\/72069dfb6c13772d9e8381e3638666d2?s=96&d=mm&r=g\",\"caption\":\"EDITOR\"},\"url\":\"https:\/\/laprensacristiana.com\/?author=3\"}]}<\/script>\n<!-- \/ Yoast SEO plugin. -->","yoast_head_json":{"title":"Pastor Jerem\u00edas Bola\u00f1os es reelegido Superintendente de las Asambleas de Dios E.S. - La Prensa Cristiana","robots":{"index":"index","follow":"follow","max-snippet":"max-snippet:-1","max-image-preview":"max-image-preview:large","max-video-preview":"max-video-preview:-1"},"canonical":"https:\/\/laprensacristiana.com\/?p=7566","og_locale":"es_ES","og_type":"article","og_title":"Pastor Jerem\u00edas Bola\u00f1os es reelegido Superintendente de las Asambleas de Dios E.S. - La Prensa Cristiana","og_description":"El d\u00eda de hoy en el marco de su conferencia anual #90, en su centro de convenciones ubicado en Cupinco, Olocuilta, reeligieron al Reverendo Jerem\u00edas Bola\u00f1os Anaya como Superintendente Nacional de las Asambleas de Dios en El Salvador. Las Asambleas de Dios en El Salvador est\u00e1n catalogadas como la denominaci\u00f3n evang\u00e9lica que mayor n\u00famero de [&hellip;]","og_url":"https:\/\/laprensacristiana.com\/?p=7566","og_site_name":"La Prensa Cristiana","article_published_time":"2020-01-07T00:28:04+00:00","article_modified_time":"2020-01-07T00:28:07+00:00","og_image":[{"width":1280,"height":1272,"url":"https:\/\/laprensacristiana.com\/wp-content\/uploads\/2020\/01\/SAVE_20200106_182047.jpg","type":"image\/jpeg"}],"author":"EDITOR","twitter_card":"summary_large_image","twitter_misc":{"Escrito por":"EDITOR","Tiempo de lectura":"1 minuto"},"schema":{"@context":"https:\/\/schema.org","@graph":[{"@type":"WebPage","@id":"https:\/\/laprensacristiana.com\/?p=7566","url":"https:\/\/laprensacristiana.com\/?p=7566","name":"Pastor Jerem\u00edas Bola\u00f1os es reelegido Superintendente de las Asambleas de Dios E.S. - La Prensa Cristiana","isPartOf":{"@id":"https:\/\/laprensacristiana.com\/#website"},"datePublished":"2020-01-07T00:28:04+00:00","dateModified":"2020-01-07T00:28:07+00:00","author":{"@id":"https:\/\/laprensacristiana.com\/#\/schema\/person\/3e7d82c6bfd6b1fa67010f8f7cd5256e"},"breadcrumb":{"@id":"https:\/\/laprensacristiana.com\/?p=7566#breadcrumb"},"inLanguage":"es","potentialAction":[{"@type":"ReadAction","target":["https:\/\/laprensacristiana.com\/?p=7566"]}]},{"@type":"BreadcrumbList","@id":"https:\/\/laprensacristiana.com\/?p=7566#breadcrumb","itemListElement":[{"@type":"ListItem","position":1,"name":"Portada","item":"https:\/\/laprensacristiana.com\/"},{"@type":"ListItem","position":2,"name":"Pastor Jerem\u00edas Bola\u00f1os es reelegido Superintendente de las Asambleas de Dios E.S."}]},{"@type":"WebSite","@id":"https:\/\/laprensacristiana.com\/#website","url":"https:\/\/laprensacristiana.com\/","name":"La Prensa Cristiana","description":"Anunciando Las Buenas Nuevas","potentialAction":[{"@type":"SearchAction","target":{"@type":"EntryPoint","urlTemplate":"https:\/\/laprensacristiana.com\/?s={search_term_string}"},"query-input":"required name=search_term_string"}],"inLanguage":"es"},{"@type":"Person","@id":"https:\/\/laprensacristiana.com\/#\/schema\/person\/3e7d82c6bfd6b1fa67010f8f7cd5256e","name":"EDITOR","image":{"@type":"ImageObject","inLanguage":"es","@id":"https:\/\/laprensacristiana.com\/#\/schema\/person\/image\/","url":"https:\/\/secure.gravatar.com\/avatar\/72069dfb6c13772d9e8381e3638666d2?s=96&d=mm&r=g","contentUrl":"https:\/\/secure.gravatar.com\/avatar\/72069dfb6c13772d9e8381e3638666d2?s=96&d=mm&r=g","caption":"EDITOR"},"url":"https:\/\/laprensacristiana.com\/?author=3"}]}},"_links":{"self":[{"href":"https:\/\/laprensacristiana.com\/index.php?rest_route=\/wp\/v2\/posts\/7566"}],"collection":[{"href":"https:\/\/laprensacristiana.com\/index.php?rest_route=\/wp\/v2\/posts"}],"about":[{"href":"https:\/\/laprensacristiana.com\/index.php?rest_route=\/wp\/v2\/types\/post"}],"author":[{"embeddable":true,"href":"https:\/\/laprensacristiana.com\/index.php?rest_route=\/wp\/v2\/users\/3"}],"replies":[{"embeddable":true,"href":"https:\/\/laprensacristiana.com\/index.php?rest_route=%2Fwp%2Fv2%2Fcomments&post=7566"}],"version-history":[{"count":1,"href":"https:\/\/laprensacristiana.com\/index.php?rest_route=\/wp\/v2\/posts\/7566\/revisions"}],"predecessor-version":[{"id":7568,"href":"https:\/\/laprensacristiana.com\/index.php?rest_route=\/wp\/v2\/posts\/7566\/revisions\/7568"}],"wp:featuredmedia":[{"embeddable":true,"href":"https:\/\/laprensacristiana.com\/index.php?rest_route=\/wp\/v2\/media\/7567"}],"wp:attachment":[{"href":"https:\/\/laprensacristiana.com\/index.php?rest_route=%2Fwp%2Fv2%2Fmedia&parent=7566"}],"wp:term":[{"taxonomy":"category","embeddable":true,"href":"https:\/\/laprensacristiana.com\/index.php?rest_route=%2Fwp%2Fv2%2Fcategories&post=7566"},{"taxonomy":"post_tag","embeddable":true,"href":"https:\/\/laprensacristiana.com\/index.php?rest_route=%2Fwp%2Fv2%2Ftags&post=7566"}],"curies":[{"name":"wp","href":"https:\/\/api.w.org\/{rel}","templated":true}]}}