{"id":7572,"date":"2020-01-07T14:37:48","date_gmt":"2020-01-07T14:37:48","guid":{"rendered":"https:\/\/laprensacristiana.com\/?p=7572"},"modified":"2020-01-07T14:37:51","modified_gmt":"2020-01-07T14:37:51","slug":"puertorriquenos-oran-por-cese-de-temblores","status":"publish","type":"post","link":"https:\/\/laprensacristiana.com\/?p=7572","title":{"rendered":"Puertorrique\u00f1os oran por cese de temblores"},"content":{"rendered":"\n<p>El d\u00eda de ayer \u00a0antes del amanecer la isla de Puerto Rico sufri\u00f3 un terremoto de 5.8 grados en la escala de Richter \u00a0que sacudi\u00f3 al pa\u00eds entero, causando da\u00f1os en varias viviendas y cortes de energ\u00eda, este ma\u00f1ana la tierra se sacudi\u00f3 otra vez alcanzando una magnitud de 6.5 grados. <\/p>\n\n\n\n<figure class=\"wp-block-image\"><img decoding=\"async\" loading=\"lazy\" width=\"720\" height=\"900\" src=\"https:\/\/laprensacristiana.com\/wp-content\/uploads\/2020\/01\/IMG-20200107-WA0001.jpg\" alt=\"\" class=\"wp-image-7574\" srcset=\"https:\/\/laprensacristiana.com\/wp-content\/uploads\/2020\/01\/IMG-20200107-WA0001.jpg 720w, https:\/\/laprensacristiana.com\/wp-content\/uploads\/2020\/01\/IMG-20200107-WA0001-240x300.jpg 240w, https:\/\/laprensacristiana.com\/wp-content\/uploads\/2020\/01\/IMG-20200107-WA0001-696x870.jpg 696w, https:\/\/laprensacristiana.com\/wp-content\/uploads\/2020\/01\/IMG-20200107-WA0001-336x420.jpg 336w, https:\/\/laprensacristiana.com\/wp-content\/uploads\/2020\/01\/IMG-20200107-WA0001-600x750.jpg 600w\" sizes=\"(max-width: 720px) 100vw, 720px\" \/><figcaption>Fotografia Cortes\u00eda de Puerto Rico Gram<\/figcaption><\/figure>\n\n\n\n<p>Decenas de personas se han reunido afuera de sus hogares\npara unirse en oraci\u00f3n y elevar un clamor por su pa\u00eds, pastores y cantantes a trav\u00e9s\nde sus redes sociales tambi\u00e9n han pedido unirse en oraci\u00f3n por esta isla:<\/p>\n\n\n\n<p>\u201cPuerto Rico est\u00e1 pasando por varias replicas fuertes de\ntemblores de tierra y necesita de nuestra fe y oraciones\u201d expres\u00f3 Marcos\nYaroide a trav\u00e9s de su cuenta de instagram. <\/p>\n","protected":false},"excerpt":{"rendered":"<p>El d\u00eda de ayer \u00a0antes del amanecer la isla de Puerto Rico sufri\u00f3 un terremoto de 5.8 grados en la escala de Richter \u00a0que sacudi\u00f3 al pa\u00eds entero, causando da\u00f1os en varias viviendas y cortes de energ\u00eda, este ma\u00f1ana la tierra se sacudi\u00f3 otra vez alcanzando una magnitud de 6.5 grados. Decenas de personas se [&hellip;]<\/p>\n","protected":false},"author":3,"featured_media":7573,"comment_status":"open","ping_status":"open","sticky":false,"template":"","format":"standard","meta":[],"categories":[56],"tags":[],"yoast_head":"<!-- This site is optimized with the Yoast SEO plugin v20.8 - https:\/\/yoast.com\/wordpress\/plugins\/seo\/ -->\n<title>Puertorrique\u00f1os oran por cese de temblores - La Prensa Cristiana<\/title>\n<meta name=\"robots\" content=\"index, follow, max-snippet:-1, max-image-preview:large, max-video-preview:-1\" \/>\n<link rel=\"canonical\" href=\"https:\/\/laprensacristiana.com\/?p=7572\" \/>\n<meta property=\"og:locale\" content=\"es_ES\" \/>\n<meta property=\"og:type\" content=\"article\" \/>\n<meta property=\"og:title\" content=\"Puertorrique\u00f1os oran por cese de temblores - La Prensa Cristiana\" \/>\n<meta property=\"og:description\" content=\"El d\u00eda de ayer \u00a0antes del amanecer la isla de Puerto Rico sufri\u00f3 un terremoto de 5.8 grados en la escala de Richter \u00a0que sacudi\u00f3 al pa\u00eds entero, causando da\u00f1os en varias viviendas y cortes de energ\u00eda, este ma\u00f1ana la tierra se sacudi\u00f3 otra vez alcanzando una magnitud de 6.5 grados. Decenas de personas se [&hellip;]\" \/>\n<meta property=\"og:url\" content=\"https:\/\/laprensacristiana.com\/?p=7572\" \/>\n<meta property=\"og:site_name\" content=\"La Prensa Cristiana\" \/>\n<meta property=\"article:published_time\" content=\"2020-01-07T14:37:48+00:00\" \/>\n<meta property=\"article:modified_time\" content=\"2020-01-07T14:37:51+00:00\" \/>\n<meta property=\"og:image\" content=\"https:\/\/laprensacristiana.com\/wp-content\/uploads\/2020\/01\/IMG-20200107-WA0000.jpg\" \/>\n\t<meta property=\"og:image:width\" content=\"720\" \/>\n\t<meta property=\"og:image:height\" content=\"536\" \/>\n\t<meta property=\"og:image:type\" content=\"image\/jpeg\" \/>\n<meta name=\"author\" content=\"EDITOR\" \/>\n<meta name=\"twitter:card\" content=\"summary_large_image\" \/>\n<meta name=\"twitter:label1\" content=\"Escrito por\" \/>\n\t<meta name=\"twitter:data1\" content=\"EDITOR\" \/>\n\t<meta name=\"twitter:label2\" content=\"Tiempo de lectura\" \/>\n\t<meta name=\"twitter:data2\" content=\"1 minuto\" \/>\n<script type=\"application\/ld+json\" class=\"yoast-schema-graph\">{\"@context\":\"https:\/\/schema.org\",\"@graph\":[{\"@type\":\"WebPage\",\"@id\":\"https:\/\/laprensacristiana.com\/?p=7572\",\"url\":\"https:\/\/laprensacristiana.com\/?p=7572\",\"name\":\"Puertorrique\u00f1os oran por cese de temblores - La Prensa Cristiana\",\"isPartOf\":{\"@id\":\"https:\/\/laprensacristiana.com\/#website\"},\"datePublished\":\"2020-01-07T14:37:48+00:00\",\"dateModified\":\"2020-01-07T14:37:51+00:00\",\"author\":{\"@id\":\"https:\/\/laprensacristiana.com\/#\/schema\/person\/3e7d82c6bfd6b1fa67010f8f7cd5256e\"},\"breadcrumb\":{\"@id\":\"https:\/\/laprensacristiana.com\/?p=7572#breadcrumb\"},\"inLanguage\":\"es\",\"potentialAction\":[{\"@type\":\"ReadAction\",\"target\":[\"https:\/\/laprensacristiana.com\/?p=7572\"]}]},{\"@type\":\"BreadcrumbList\",\"@id\":\"https:\/\/laprensacristiana.com\/?p=7572#breadcrumb\",\"itemListElement\":[{\"@type\":\"ListItem\",\"position\":1,\"name\":\"Portada\",\"item\":\"https:\/\/laprensacristiana.com\/\"},{\"@type\":\"ListItem\",\"position\":2,\"name\":\"Puertorrique\u00f1os oran por cese de temblores\"}]},{\"@type\":\"WebSite\",\"@id\":\"https:\/\/laprensacristiana.com\/#website\",\"url\":\"https:\/\/laprensacristiana.com\/\",\"name\":\"La Prensa Cristiana\",\"description\":\"Anunciando Las Buenas Nuevas\",\"potentialAction\":[{\"@type\":\"SearchAction\",\"target\":{\"@type\":\"EntryPoint\",\"urlTemplate\":\"https:\/\/laprensacristiana.com\/?s={search_term_string}\"},\"query-input\":\"required name=search_term_string\"}],\"inLanguage\":\"es\"},{\"@type\":\"Person\",\"@id\":\"https:\/\/laprensacristiana.com\/#\/schema\/person\/3e7d82c6bfd6b1fa67010f8f7cd5256e\",\"name\":\"EDITOR\",\"image\":{\"@type\":\"ImageObject\",\"inLanguage\":\"es\",\"@id\":\"https:\/\/laprensacristiana.com\/#\/schema\/person\/image\/\",\"url\":\"https:\/\/secure.gravatar.com\/avatar\/72069dfb6c13772d9e8381e3638666d2?s=96&d=mm&r=g\",\"contentUrl\":\"https:\/\/secure.gravatar.com\/avatar\/72069dfb6c13772d9e8381e3638666d2?s=96&d=mm&r=g\",\"caption\":\"EDITOR\"},\"url\":\"https:\/\/laprensacristiana.com\/?author=3\"}]}<\/script>\n<!-- \/ Yoast SEO plugin. -->","yoast_head_json":{"title":"Puertorrique\u00f1os oran por cese de temblores - La Prensa Cristiana","robots":{"index":"index","follow":"follow","max-snippet":"max-snippet:-1","max-image-preview":"max-image-preview:large","max-video-preview":"max-video-preview:-1"},"canonical":"https:\/\/laprensacristiana.com\/?p=7572","og_locale":"es_ES","og_type":"article","og_title":"Puertorrique\u00f1os oran por cese de temblores - La Prensa Cristiana","og_description":"El d\u00eda de ayer \u00a0antes del amanecer la isla de Puerto Rico sufri\u00f3 un terremoto de 5.8 grados en la escala de Richter \u00a0que sacudi\u00f3 al pa\u00eds entero, causando da\u00f1os en varias viviendas y cortes de energ\u00eda, este ma\u00f1ana la tierra se sacudi\u00f3 otra vez alcanzando una magnitud de 6.5 grados. Decenas de personas se [&hellip;]","og_url":"https:\/\/laprensacristiana.com\/?p=7572","og_site_name":"La Prensa Cristiana","article_published_time":"2020-01-07T14:37:48+00:00","article_modified_time":"2020-01-07T14:37:51+00:00","og_image":[{"width":720,"height":536,"url":"https:\/\/laprensacristiana.com\/wp-content\/uploads\/2020\/01\/IMG-20200107-WA0000.jpg","type":"image\/jpeg"}],"author":"EDITOR","twitter_card":"summary_large_image","twitter_misc":{"Escrito por":"EDITOR","Tiempo de lectura":"1 minuto"},"schema":{"@context":"https:\/\/schema.org","@graph":[{"@type":"WebPage","@id":"https:\/\/laprensacristiana.com\/?p=7572","url":"https:\/\/laprensacristiana.com\/?p=7572","name":"Puertorrique\u00f1os oran por cese de temblores - La Prensa Cristiana","isPartOf":{"@id":"https:\/\/laprensacristiana.com\/#website"},"datePublished":"2020-01-07T14:37:48+00:00","dateModified":"2020-01-07T14:37:51+00:00","author":{"@id":"https:\/\/laprensacristiana.com\/#\/schema\/person\/3e7d82c6bfd6b1fa67010f8f7cd5256e"},"breadcrumb":{"@id":"https:\/\/laprensacristiana.com\/?p=7572#breadcrumb"},"inLanguage":"es","potentialAction":[{"@type":"ReadAction","target":["https:\/\/laprensacristiana.com\/?p=7572"]}]},{"@type":"BreadcrumbList","@id":"https:\/\/laprensacristiana.com\/?p=7572#breadcrumb","itemListElement":[{"@type":"ListItem","position":1,"name":"Portada","item":"https:\/\/laprensacristiana.com\/"},{"@type":"ListItem","position":2,"name":"Puertorrique\u00f1os oran por cese de temblores"}]},{"@type":"WebSite","@id":"https:\/\/laprensacristiana.com\/#website","url":"https:\/\/laprensacristiana.com\/","name":"La Prensa Cristiana","description":"Anunciando Las Buenas Nuevas","potentialAction":[{"@type":"SearchAction","target":{"@type":"EntryPoint","urlTemplate":"https:\/\/laprensacristiana.com\/?s={search_term_string}"},"query-input":"required name=search_term_string"}],"inLanguage":"es"},{"@type":"Person","@id":"https:\/\/laprensacristiana.com\/#\/schema\/person\/3e7d82c6bfd6b1fa67010f8f7cd5256e","name":"EDITOR","image":{"@type":"ImageObject","inLanguage":"es","@id":"https:\/\/laprensacristiana.com\/#\/schema\/person\/image\/","url":"https:\/\/secure.gravatar.com\/avatar\/72069dfb6c13772d9e8381e3638666d2?s=96&d=mm&r=g","contentUrl":"https:\/\/secure.gravatar.com\/avatar\/72069dfb6c13772d9e8381e3638666d2?s=96&d=mm&r=g","caption":"EDITOR"},"url":"https:\/\/laprensacristiana.com\/?author=3"}]}},"_links":{"self":[{"href":"https:\/\/laprensacristiana.com\/index.php?rest_route=\/wp\/v2\/posts\/7572"}],"collection":[{"href":"https:\/\/laprensacristiana.com\/index.php?rest_route=\/wp\/v2\/posts"}],"about":[{"href":"https:\/\/laprensacristiana.com\/index.php?rest_route=\/wp\/v2\/types\/post"}],"author":[{"embeddable":true,"href":"https:\/\/laprensacristiana.com\/index.php?rest_route=\/wp\/v2\/users\/3"}],"replies":[{"embeddable":true,"href":"https:\/\/laprensacristiana.com\/index.php?rest_route=%2Fwp%2Fv2%2Fcomments&post=7572"}],"version-history":[{"count":1,"href":"https:\/\/laprensacristiana.com\/index.php?rest_route=\/wp\/v2\/posts\/7572\/revisions"}],"predecessor-version":[{"id":7575,"href":"https:\/\/laprensacristiana.com\/index.php?rest_route=\/wp\/v2\/posts\/7572\/revisions\/7575"}],"wp:featuredmedia":[{"embeddable":true,"href":"https:\/\/laprensacristiana.com\/index.php?rest_route=\/wp\/v2\/media\/7573"}],"wp:attachment":[{"href":"https:\/\/laprensacristiana.com\/index.php?rest_route=%2Fwp%2Fv2%2Fmedia&parent=7572"}],"wp:term":[{"taxonomy":"category","embeddable":true,"href":"https:\/\/laprensacristiana.com\/index.php?rest_route=%2Fwp%2Fv2%2Fcategories&post=7572"},{"taxonomy":"post_tag","embeddable":true,"href":"https:\/\/laprensacristiana.com\/index.php?rest_route=%2Fwp%2Fv2%2Ftags&post=7572"}],"curies":[{"name":"wp","href":"https:\/\/api.w.org\/{rel}","templated":true}]}}