{"id":7579,"date":"2020-01-07T20:00:01","date_gmt":"2020-01-07T20:00:01","guid":{"rendered":"https:\/\/laprensacristiana.com\/?p=7579"},"modified":"2020-01-07T21:23:44","modified_gmt":"2020-01-07T21:23:44","slug":"el-salvador-espera-resolucion-sobre-matrimonio-igualitario","status":"publish","type":"post","link":"https:\/\/laprensacristiana.com\/?p=7579","title":{"rendered":"El Salvador espera resoluci\u00f3n sobre matrimonio igualitario"},"content":{"rendered":"\n<p>El d\u00eda de ayer en una entrevista matutina realizado en el\nprograma Frente a Frente, el magistrado de la Corte Suprema de Justicia Aldo\nC\u00e1der. dio a conocer las deudas que tienen de casos, como por ejemplo el del\nmatrimonio igualitario, en el a\u00f1o 2016 se present\u00f3 una demanda de inconstitucionalidad\nal c\u00f3digo de familia porque grupos consideran que se est\u00e1n violando derechos, es\nuna demanda que se ha venido posponiendo sin dar resoluci\u00f3n por falta de consenso\nentre los magistrados, declar\u00e1ndose improcedente. <\/p>\n\n\n\n<p>\u201dRetomamos el tema y consideramos que debe remitirse a tr\u00e1mite\ny tomar una decisi\u00f3n sobre ello en sentencia, estamos en la etapa final de nuestro\nan\u00e1lisis, esperamos que en los primeros meses de este a\u00f1o podamos tomar una decisi\u00f3n\nal respecto. Creemos que este es un tema importante no solo en El Salvador si\nno en el mundo entero y es adecuado que la Sala de lo Constitucional de un pa\u00eds\ntome una decisi\u00f3n final, seria, fundamentada, por este punto. Sabemos que van a\nhaber criticas independientemente cual sea la decisi\u00f3n\u201d expres\u00f3 el Magistrado\nAldo C\u00e1der. <\/p>\n\n\n\n<p>El magistrado mencion\u00f3 que se analizar\u00e1 detenidamente la constituci\u00f3n para dar la resoluci\u00f3n, y est\u00e1n consientes que sea en contra o a favor obtendr\u00e1n una respuesta y critica de parte de los que apoyan la noci\u00f3n como de los que est\u00e1n en contra. \u00a0Tambi\u00e9n dej\u00f3 muy claro que una sentencia de la Sala es irrevocable. <\/p>\n","protected":false},"excerpt":{"rendered":"<p>El d\u00eda de ayer en una entrevista matutina realizado en el programa Frente a Frente, el magistrado de la Corte Suprema de Justicia Aldo C\u00e1der. dio a conocer las deudas que tienen de casos, como por ejemplo el del matrimonio igualitario, en el a\u00f1o 2016 se present\u00f3 una demanda de inconstitucionalidad al c\u00f3digo de familia [&hellip;]<\/p>\n","protected":false},"author":3,"featured_media":7580,"comment_status":"open","ping_status":"open","sticky":false,"template":"","format":"standard","meta":[],"categories":[56],"tags":[],"yoast_head":"<!-- This site is optimized with the Yoast SEO plugin v20.8 - https:\/\/yoast.com\/wordpress\/plugins\/seo\/ -->\n<title>El Salvador espera resoluci\u00f3n sobre matrimonio igualitario - La Prensa Cristiana<\/title>\n<meta name=\"robots\" content=\"index, follow, max-snippet:-1, max-image-preview:large, max-video-preview:-1\" \/>\n<link rel=\"canonical\" href=\"https:\/\/laprensacristiana.com\/?p=7579\" \/>\n<meta property=\"og:locale\" content=\"es_ES\" \/>\n<meta property=\"og:type\" content=\"article\" \/>\n<meta property=\"og:title\" content=\"El Salvador espera resoluci\u00f3n sobre matrimonio igualitario - La Prensa Cristiana\" \/>\n<meta property=\"og:description\" content=\"El d\u00eda de ayer en una entrevista matutina realizado en el programa Frente a Frente, el magistrado de la Corte Suprema de Justicia Aldo C\u00e1der. dio a conocer las deudas que tienen de casos, como por ejemplo el del matrimonio igualitario, en el a\u00f1o 2016 se present\u00f3 una demanda de inconstitucionalidad al c\u00f3digo de familia [&hellip;]\" \/>\n<meta property=\"og:url\" content=\"https:\/\/laprensacristiana.com\/?p=7579\" \/>\n<meta property=\"og:site_name\" content=\"La Prensa Cristiana\" \/>\n<meta property=\"article:published_time\" content=\"2020-01-07T20:00:01+00:00\" \/>\n<meta property=\"article:modified_time\" content=\"2020-01-07T21:23:44+00:00\" \/>\n<meta property=\"og:image\" content=\"https:\/\/laprensacristiana.com\/wp-content\/uploads\/2020\/01\/WhatsApp-Image-2020-01-07-at-13.58.34.jpeg\" \/>\n\t<meta property=\"og:image:width\" content=\"1280\" \/>\n\t<meta property=\"og:image:height\" content=\"960\" \/>\n\t<meta property=\"og:image:type\" content=\"image\/jpeg\" \/>\n<meta name=\"author\" content=\"EDITOR\" \/>\n<meta name=\"twitter:card\" content=\"summary_large_image\" \/>\n<meta name=\"twitter:label1\" content=\"Escrito por\" \/>\n\t<meta name=\"twitter:data1\" content=\"EDITOR\" \/>\n\t<meta name=\"twitter:label2\" content=\"Tiempo de lectura\" \/>\n\t<meta name=\"twitter:data2\" content=\"1 minuto\" \/>\n<script type=\"application\/ld+json\" class=\"yoast-schema-graph\">{\"@context\":\"https:\/\/schema.org\",\"@graph\":[{\"@type\":\"WebPage\",\"@id\":\"https:\/\/laprensacristiana.com\/?p=7579\",\"url\":\"https:\/\/laprensacristiana.com\/?p=7579\",\"name\":\"El Salvador espera resoluci\u00f3n sobre matrimonio igualitario - La Prensa Cristiana\",\"isPartOf\":{\"@id\":\"https:\/\/laprensacristiana.com\/#website\"},\"datePublished\":\"2020-01-07T20:00:01+00:00\",\"dateModified\":\"2020-01-07T21:23:44+00:00\",\"author\":{\"@id\":\"https:\/\/laprensacristiana.com\/#\/schema\/person\/3e7d82c6bfd6b1fa67010f8f7cd5256e\"},\"breadcrumb\":{\"@id\":\"https:\/\/laprensacristiana.com\/?p=7579#breadcrumb\"},\"inLanguage\":\"es\",\"potentialAction\":[{\"@type\":\"ReadAction\",\"target\":[\"https:\/\/laprensacristiana.com\/?p=7579\"]}]},{\"@type\":\"BreadcrumbList\",\"@id\":\"https:\/\/laprensacristiana.com\/?p=7579#breadcrumb\",\"itemListElement\":[{\"@type\":\"ListItem\",\"position\":1,\"name\":\"Portada\",\"item\":\"https:\/\/laprensacristiana.com\/\"},{\"@type\":\"ListItem\",\"position\":2,\"name\":\"El Salvador espera resoluci\u00f3n sobre matrimonio igualitario\"}]},{\"@type\":\"WebSite\",\"@id\":\"https:\/\/laprensacristiana.com\/#website\",\"url\":\"https:\/\/laprensacristiana.com\/\",\"name\":\"La Prensa Cristiana\",\"description\":\"Anunciando Las Buenas Nuevas\",\"potentialAction\":[{\"@type\":\"SearchAction\",\"target\":{\"@type\":\"EntryPoint\",\"urlTemplate\":\"https:\/\/laprensacristiana.com\/?s={search_term_string}\"},\"query-input\":\"required name=search_term_string\"}],\"inLanguage\":\"es\"},{\"@type\":\"Person\",\"@id\":\"https:\/\/laprensacristiana.com\/#\/schema\/person\/3e7d82c6bfd6b1fa67010f8f7cd5256e\",\"name\":\"EDITOR\",\"image\":{\"@type\":\"ImageObject\",\"inLanguage\":\"es\",\"@id\":\"https:\/\/laprensacristiana.com\/#\/schema\/person\/image\/\",\"url\":\"https:\/\/secure.gravatar.com\/avatar\/72069dfb6c13772d9e8381e3638666d2?s=96&d=mm&r=g\",\"contentUrl\":\"https:\/\/secure.gravatar.com\/avatar\/72069dfb6c13772d9e8381e3638666d2?s=96&d=mm&r=g\",\"caption\":\"EDITOR\"},\"url\":\"https:\/\/laprensacristiana.com\/?author=3\"}]}<\/script>\n<!-- \/ Yoast SEO plugin. -->","yoast_head_json":{"title":"El Salvador espera resoluci\u00f3n sobre matrimonio igualitario - La Prensa Cristiana","robots":{"index":"index","follow":"follow","max-snippet":"max-snippet:-1","max-image-preview":"max-image-preview:large","max-video-preview":"max-video-preview:-1"},"canonical":"https:\/\/laprensacristiana.com\/?p=7579","og_locale":"es_ES","og_type":"article","og_title":"El Salvador espera resoluci\u00f3n sobre matrimonio igualitario - La Prensa Cristiana","og_description":"El d\u00eda de ayer en una entrevista matutina realizado en el programa Frente a Frente, el magistrado de la Corte Suprema de Justicia Aldo C\u00e1der. dio a conocer las deudas que tienen de casos, como por ejemplo el del matrimonio igualitario, en el a\u00f1o 2016 se present\u00f3 una demanda de inconstitucionalidad al c\u00f3digo de familia [&hellip;]","og_url":"https:\/\/laprensacristiana.com\/?p=7579","og_site_name":"La Prensa Cristiana","article_published_time":"2020-01-07T20:00:01+00:00","article_modified_time":"2020-01-07T21:23:44+00:00","og_image":[{"width":1280,"height":960,"url":"https:\/\/laprensacristiana.com\/wp-content\/uploads\/2020\/01\/WhatsApp-Image-2020-01-07-at-13.58.34.jpeg","type":"image\/jpeg"}],"author":"EDITOR","twitter_card":"summary_large_image","twitter_misc":{"Escrito por":"EDITOR","Tiempo de lectura":"1 minuto"},"schema":{"@context":"https:\/\/schema.org","@graph":[{"@type":"WebPage","@id":"https:\/\/laprensacristiana.com\/?p=7579","url":"https:\/\/laprensacristiana.com\/?p=7579","name":"El Salvador espera resoluci\u00f3n sobre matrimonio igualitario - La Prensa Cristiana","isPartOf":{"@id":"https:\/\/laprensacristiana.com\/#website"},"datePublished":"2020-01-07T20:00:01+00:00","dateModified":"2020-01-07T21:23:44+00:00","author":{"@id":"https:\/\/laprensacristiana.com\/#\/schema\/person\/3e7d82c6bfd6b1fa67010f8f7cd5256e"},"breadcrumb":{"@id":"https:\/\/laprensacristiana.com\/?p=7579#breadcrumb"},"inLanguage":"es","potentialAction":[{"@type":"ReadAction","target":["https:\/\/laprensacristiana.com\/?p=7579"]}]},{"@type":"BreadcrumbList","@id":"https:\/\/laprensacristiana.com\/?p=7579#breadcrumb","itemListElement":[{"@type":"ListItem","position":1,"name":"Portada","item":"https:\/\/laprensacristiana.com\/"},{"@type":"ListItem","position":2,"name":"El Salvador espera resoluci\u00f3n sobre matrimonio igualitario"}]},{"@type":"WebSite","@id":"https:\/\/laprensacristiana.com\/#website","url":"https:\/\/laprensacristiana.com\/","name":"La Prensa Cristiana","description":"Anunciando Las Buenas Nuevas","potentialAction":[{"@type":"SearchAction","target":{"@type":"EntryPoint","urlTemplate":"https:\/\/laprensacristiana.com\/?s={search_term_string}"},"query-input":"required name=search_term_string"}],"inLanguage":"es"},{"@type":"Person","@id":"https:\/\/laprensacristiana.com\/#\/schema\/person\/3e7d82c6bfd6b1fa67010f8f7cd5256e","name":"EDITOR","image":{"@type":"ImageObject","inLanguage":"es","@id":"https:\/\/laprensacristiana.com\/#\/schema\/person\/image\/","url":"https:\/\/secure.gravatar.com\/avatar\/72069dfb6c13772d9e8381e3638666d2?s=96&d=mm&r=g","contentUrl":"https:\/\/secure.gravatar.com\/avatar\/72069dfb6c13772d9e8381e3638666d2?s=96&d=mm&r=g","caption":"EDITOR"},"url":"https:\/\/laprensacristiana.com\/?author=3"}]}},"_links":{"self":[{"href":"https:\/\/laprensacristiana.com\/index.php?rest_route=\/wp\/v2\/posts\/7579"}],"collection":[{"href":"https:\/\/laprensacristiana.com\/index.php?rest_route=\/wp\/v2\/posts"}],"about":[{"href":"https:\/\/laprensacristiana.com\/index.php?rest_route=\/wp\/v2\/types\/post"}],"author":[{"embeddable":true,"href":"https:\/\/laprensacristiana.com\/index.php?rest_route=\/wp\/v2\/users\/3"}],"replies":[{"embeddable":true,"href":"https:\/\/laprensacristiana.com\/index.php?rest_route=%2Fwp%2Fv2%2Fcomments&post=7579"}],"version-history":[{"count":2,"href":"https:\/\/laprensacristiana.com\/index.php?rest_route=\/wp\/v2\/posts\/7579\/revisions"}],"predecessor-version":[{"id":7582,"href":"https:\/\/laprensacristiana.com\/index.php?rest_route=\/wp\/v2\/posts\/7579\/revisions\/7582"}],"wp:featuredmedia":[{"embeddable":true,"href":"https:\/\/laprensacristiana.com\/index.php?rest_route=\/wp\/v2\/media\/7580"}],"wp:attachment":[{"href":"https:\/\/laprensacristiana.com\/index.php?rest_route=%2Fwp%2Fv2%2Fmedia&parent=7579"}],"wp:term":[{"taxonomy":"category","embeddable":true,"href":"https:\/\/laprensacristiana.com\/index.php?rest_route=%2Fwp%2Fv2%2Fcategories&post=7579"},{"taxonomy":"post_tag","embeddable":true,"href":"https:\/\/laprensacristiana.com\/index.php?rest_route=%2Fwp%2Fv2%2Ftags&post=7579"}],"curies":[{"name":"wp","href":"https:\/\/api.w.org\/{rel}","templated":true}]}}