{"id":7593,"date":"2020-01-08T13:08:49","date_gmt":"2020-01-08T13:08:49","guid":{"rendered":"https:\/\/laprensacristiana.com\/?p=7593"},"modified":"2020-01-08T13:08:51","modified_gmt":"2020-01-08T13:08:51","slug":"no-temas-3","status":"publish","type":"post","link":"https:\/\/laprensacristiana.com\/?p=7593","title":{"rendered":"No temas"},"content":{"rendered":"\n<p>Sab\u00eda usted que en la Biblia nos encontramos 365 veces con la expresi\u00f3n NO TEMAS. \u00bfSer\u00e1 esto ocasionado por el deseo de  Dios que vivamos en paz? Si Dios revela tantas veces lo anterior es porque el temor nos paraliza, no nos deja proyectarnos a cosas mejores que las que hoy tenemos; el temor nos priva de lo mejor de la vida. El temor tiene tal fuerza, que si lo consentimos en nosotros, puede desplazar a la Fe.<br> En el Salmo 56, el escritor  sagrado expresa sus temores, les llama<br> \u00bb opresi\u00f3n, \u00bb es decir, son una fuerza que se ejerce sobre el.<br> El Salmista reconoce las razones de sus temores: la gente quer\u00eda destruirlo. Pero existen otros temores por ejemplo, temores financieros, temores al futuro, temor por perder la salud, temor de perder a un ser amado\u2026.etc,etc.<br> M\u00ed querido hermano(a):  \u00bb \u00bfhay alg\u00fan temor que le est\u00e1 oprimiendo a usted?\u00bb \u00bb \u00bfQue est\u00e1 usted haciendo para vencer ese temor?<br> El ant\u00eddoto m\u00e1s poderoso contra los temores es la Fe . Mire como el Salmista lo afirma en el Salmo  56:3    \u00bb EN EL DIA QUE TEMO, YO EN TI CONFIO\u00bb.<br> El poder de la fe es tan grande, que los temores simplemente tienen que huir.<br> Sucedi\u00f3 un d\u00eda en el ministerio de nuestro Se\u00f1or Jes\u00fas, que un hombre importante llamado Jairo, busc\u00f3 a Jes\u00fas para que este sanar\u00e1 a su agonizante hija de solamente 12 a\u00f1os de edad. Jes\u00fas se detuvo para sanar a una mujer con flujo de sangre. Fue en ese momento cuando un mensajero de la casa de Jairo le dijo a<br> este: \u00abno molestes mas al Maestro, tu hija ya falleci\u00f3. Volviendose a Jairo el Se\u00f1or Jes\u00fas le dijo: \u00bb NO TEMAS, CREE SOLAMENTE\u00bb Habiendo llegado Jes\u00fas a la casa de este hombre, resucit\u00f3 a la ni\u00f1a y la  entreg\u00f3 a sus padres.<br> Cuando se ejerce la Fe, el temor es echado fuera y se producen poderosas victorias.<br> Usted me puede preguntar \u00bfde d\u00f3nde podemos tomar FE? En la Ep\u00edstola de Pablo a los Romanos capitulo 10:17, dice :  \u00bb ASI QUE LA FE VIENE POR EL OIR, Y EL OIR POR LA PALABRA DE DIOS.<br> CREA EN LAS  PROMESAS DE DIOS, SATURE su mente  con la Palabra de Dios y los temores huiran. Jam\u00e1s olvide mi querido hermano (a) \u00bb QUE DIOS ES MAYOR QUE TODOS SUS TEMORES \u00ab.<\/p>\n","protected":false},"excerpt":{"rendered":"<p>Sab\u00eda usted que en la Biblia nos encontramos 365 veces con la expresi\u00f3n NO TEMAS. \u00bfSer\u00e1 esto ocasionado por el deseo de Dios que vivamos en paz? Si Dios revela tantas veces lo anterior es porque el temor nos paraliza, no nos deja proyectarnos a cosas mejores que las que hoy tenemos; el temor nos [&hellip;]<\/p>\n","protected":false},"author":3,"featured_media":7594,"comment_status":"open","ping_status":"open","sticky":false,"template":"","format":"standard","meta":[],"categories":[36],"tags":[],"yoast_head":"<!-- This site is optimized with the Yoast SEO plugin v20.8 - https:\/\/yoast.com\/wordpress\/plugins\/seo\/ -->\n<title>No temas - La Prensa Cristiana<\/title>\n<meta name=\"robots\" content=\"index, follow, max-snippet:-1, max-image-preview:large, max-video-preview:-1\" \/>\n<link rel=\"canonical\" href=\"https:\/\/laprensacristiana.com\/?p=7593\" \/>\n<meta property=\"og:locale\" content=\"es_ES\" \/>\n<meta property=\"og:type\" content=\"article\" \/>\n<meta property=\"og:title\" content=\"No temas - La Prensa Cristiana\" \/>\n<meta property=\"og:description\" content=\"Sab\u00eda usted que en la Biblia nos encontramos 365 veces con la expresi\u00f3n NO TEMAS. \u00bfSer\u00e1 esto ocasionado por el deseo de Dios que vivamos en paz? Si Dios revela tantas veces lo anterior es porque el temor nos paraliza, no nos deja proyectarnos a cosas mejores que las que hoy tenemos; el temor nos [&hellip;]\" \/>\n<meta property=\"og:url\" content=\"https:\/\/laprensacristiana.com\/?p=7593\" \/>\n<meta property=\"og:site_name\" content=\"La Prensa Cristiana\" \/>\n<meta property=\"article:published_time\" content=\"2020-01-08T13:08:49+00:00\" \/>\n<meta property=\"article:modified_time\" content=\"2020-01-08T13:08:51+00:00\" \/>\n<meta property=\"og:image\" content=\"https:\/\/laprensacristiana.com\/wp-content\/uploads\/2020\/01\/reflexion.jpg\" \/>\n\t<meta property=\"og:image:width\" content=\"1369\" \/>\n\t<meta property=\"og:image:height\" content=\"693\" \/>\n\t<meta property=\"og:image:type\" content=\"image\/jpeg\" \/>\n<meta name=\"author\" content=\"EDITOR\" \/>\n<meta name=\"twitter:card\" content=\"summary_large_image\" \/>\n<meta name=\"twitter:label1\" content=\"Escrito por\" \/>\n\t<meta name=\"twitter:data1\" content=\"EDITOR\" \/>\n\t<meta name=\"twitter:label2\" content=\"Tiempo de lectura\" \/>\n\t<meta name=\"twitter:data2\" content=\"2 minutos\" \/>\n<script type=\"application\/ld+json\" class=\"yoast-schema-graph\">{\"@context\":\"https:\/\/schema.org\",\"@graph\":[{\"@type\":\"WebPage\",\"@id\":\"https:\/\/laprensacristiana.com\/?p=7593\",\"url\":\"https:\/\/laprensacristiana.com\/?p=7593\",\"name\":\"No temas - La Prensa Cristiana\",\"isPartOf\":{\"@id\":\"https:\/\/laprensacristiana.com\/#website\"},\"datePublished\":\"2020-01-08T13:08:49+00:00\",\"dateModified\":\"2020-01-08T13:08:51+00:00\",\"author\":{\"@id\":\"https:\/\/laprensacristiana.com\/#\/schema\/person\/3e7d82c6bfd6b1fa67010f8f7cd5256e\"},\"breadcrumb\":{\"@id\":\"https:\/\/laprensacristiana.com\/?p=7593#breadcrumb\"},\"inLanguage\":\"es\",\"potentialAction\":[{\"@type\":\"ReadAction\",\"target\":[\"https:\/\/laprensacristiana.com\/?p=7593\"]}]},{\"@type\":\"BreadcrumbList\",\"@id\":\"https:\/\/laprensacristiana.com\/?p=7593#breadcrumb\",\"itemListElement\":[{\"@type\":\"ListItem\",\"position\":1,\"name\":\"Portada\",\"item\":\"https:\/\/laprensacristiana.com\/\"},{\"@type\":\"ListItem\",\"position\":2,\"name\":\"No temas\"}]},{\"@type\":\"WebSite\",\"@id\":\"https:\/\/laprensacristiana.com\/#website\",\"url\":\"https:\/\/laprensacristiana.com\/\",\"name\":\"La Prensa Cristiana\",\"description\":\"Anunciando Las Buenas Nuevas\",\"potentialAction\":[{\"@type\":\"SearchAction\",\"target\":{\"@type\":\"EntryPoint\",\"urlTemplate\":\"https:\/\/laprensacristiana.com\/?s={search_term_string}\"},\"query-input\":\"required name=search_term_string\"}],\"inLanguage\":\"es\"},{\"@type\":\"Person\",\"@id\":\"https:\/\/laprensacristiana.com\/#\/schema\/person\/3e7d82c6bfd6b1fa67010f8f7cd5256e\",\"name\":\"EDITOR\",\"image\":{\"@type\":\"ImageObject\",\"inLanguage\":\"es\",\"@id\":\"https:\/\/laprensacristiana.com\/#\/schema\/person\/image\/\",\"url\":\"https:\/\/secure.gravatar.com\/avatar\/72069dfb6c13772d9e8381e3638666d2?s=96&d=mm&r=g\",\"contentUrl\":\"https:\/\/secure.gravatar.com\/avatar\/72069dfb6c13772d9e8381e3638666d2?s=96&d=mm&r=g\",\"caption\":\"EDITOR\"},\"url\":\"https:\/\/laprensacristiana.com\/?author=3\"}]}<\/script>\n<!-- \/ Yoast SEO plugin. -->","yoast_head_json":{"title":"No temas - La Prensa Cristiana","robots":{"index":"index","follow":"follow","max-snippet":"max-snippet:-1","max-image-preview":"max-image-preview:large","max-video-preview":"max-video-preview:-1"},"canonical":"https:\/\/laprensacristiana.com\/?p=7593","og_locale":"es_ES","og_type":"article","og_title":"No temas - La Prensa Cristiana","og_description":"Sab\u00eda usted que en la Biblia nos encontramos 365 veces con la expresi\u00f3n NO TEMAS. \u00bfSer\u00e1 esto ocasionado por el deseo de Dios que vivamos en paz? Si Dios revela tantas veces lo anterior es porque el temor nos paraliza, no nos deja proyectarnos a cosas mejores que las que hoy tenemos; el temor nos [&hellip;]","og_url":"https:\/\/laprensacristiana.com\/?p=7593","og_site_name":"La Prensa Cristiana","article_published_time":"2020-01-08T13:08:49+00:00","article_modified_time":"2020-01-08T13:08:51+00:00","og_image":[{"width":1369,"height":693,"url":"https:\/\/laprensacristiana.com\/wp-content\/uploads\/2020\/01\/reflexion.jpg","type":"image\/jpeg"}],"author":"EDITOR","twitter_card":"summary_large_image","twitter_misc":{"Escrito por":"EDITOR","Tiempo de lectura":"2 minutos"},"schema":{"@context":"https:\/\/schema.org","@graph":[{"@type":"WebPage","@id":"https:\/\/laprensacristiana.com\/?p=7593","url":"https:\/\/laprensacristiana.com\/?p=7593","name":"No temas - La Prensa Cristiana","isPartOf":{"@id":"https:\/\/laprensacristiana.com\/#website"},"datePublished":"2020-01-08T13:08:49+00:00","dateModified":"2020-01-08T13:08:51+00:00","author":{"@id":"https:\/\/laprensacristiana.com\/#\/schema\/person\/3e7d82c6bfd6b1fa67010f8f7cd5256e"},"breadcrumb":{"@id":"https:\/\/laprensacristiana.com\/?p=7593#breadcrumb"},"inLanguage":"es","potentialAction":[{"@type":"ReadAction","target":["https:\/\/laprensacristiana.com\/?p=7593"]}]},{"@type":"BreadcrumbList","@id":"https:\/\/laprensacristiana.com\/?p=7593#breadcrumb","itemListElement":[{"@type":"ListItem","position":1,"name":"Portada","item":"https:\/\/laprensacristiana.com\/"},{"@type":"ListItem","position":2,"name":"No temas"}]},{"@type":"WebSite","@id":"https:\/\/laprensacristiana.com\/#website","url":"https:\/\/laprensacristiana.com\/","name":"La Prensa Cristiana","description":"Anunciando Las Buenas Nuevas","potentialAction":[{"@type":"SearchAction","target":{"@type":"EntryPoint","urlTemplate":"https:\/\/laprensacristiana.com\/?s={search_term_string}"},"query-input":"required name=search_term_string"}],"inLanguage":"es"},{"@type":"Person","@id":"https:\/\/laprensacristiana.com\/#\/schema\/person\/3e7d82c6bfd6b1fa67010f8f7cd5256e","name":"EDITOR","image":{"@type":"ImageObject","inLanguage":"es","@id":"https:\/\/laprensacristiana.com\/#\/schema\/person\/image\/","url":"https:\/\/secure.gravatar.com\/avatar\/72069dfb6c13772d9e8381e3638666d2?s=96&d=mm&r=g","contentUrl":"https:\/\/secure.gravatar.com\/avatar\/72069dfb6c13772d9e8381e3638666d2?s=96&d=mm&r=g","caption":"EDITOR"},"url":"https:\/\/laprensacristiana.com\/?author=3"}]}},"_links":{"self":[{"href":"https:\/\/laprensacristiana.com\/index.php?rest_route=\/wp\/v2\/posts\/7593"}],"collection":[{"href":"https:\/\/laprensacristiana.com\/index.php?rest_route=\/wp\/v2\/posts"}],"about":[{"href":"https:\/\/laprensacristiana.com\/index.php?rest_route=\/wp\/v2\/types\/post"}],"author":[{"embeddable":true,"href":"https:\/\/laprensacristiana.com\/index.php?rest_route=\/wp\/v2\/users\/3"}],"replies":[{"embeddable":true,"href":"https:\/\/laprensacristiana.com\/index.php?rest_route=%2Fwp%2Fv2%2Fcomments&post=7593"}],"version-history":[{"count":1,"href":"https:\/\/laprensacristiana.com\/index.php?rest_route=\/wp\/v2\/posts\/7593\/revisions"}],"predecessor-version":[{"id":7595,"href":"https:\/\/laprensacristiana.com\/index.php?rest_route=\/wp\/v2\/posts\/7593\/revisions\/7595"}],"wp:featuredmedia":[{"embeddable":true,"href":"https:\/\/laprensacristiana.com\/index.php?rest_route=\/wp\/v2\/media\/7594"}],"wp:attachment":[{"href":"https:\/\/laprensacristiana.com\/index.php?rest_route=%2Fwp%2Fv2%2Fmedia&parent=7593"}],"wp:term":[{"taxonomy":"category","embeddable":true,"href":"https:\/\/laprensacristiana.com\/index.php?rest_route=%2Fwp%2Fv2%2Fcategories&post=7593"},{"taxonomy":"post_tag","embeddable":true,"href":"https:\/\/laprensacristiana.com\/index.php?rest_route=%2Fwp%2Fv2%2Ftags&post=7593"}],"curies":[{"name":"wp","href":"https:\/\/api.w.org\/{rel}","templated":true}]}}