{"id":7596,"date":"2020-01-08T13:22:38","date_gmt":"2020-01-08T13:22:38","guid":{"rendered":"https:\/\/laprensacristiana.com\/?p=7596"},"modified":"2020-01-08T13:22:41","modified_gmt":"2020-01-08T13:22:41","slug":"marcos-witt-sera-sometido-a-una-cirugia-por-lo-que-piden-oracion","status":"publish","type":"post","link":"https:\/\/laprensacristiana.com\/?p=7596","title":{"rendered":"Marcos Witt ser\u00e1 sometido a una cirug\u00eda por lo que piden oraci\u00f3n"},"content":{"rendered":"\n<p>A trav\u00e9s de un comunicado de prensa en las redes social del salmista Marcos Witt se dio a conocer la noticia sobre su estado de salud, este d\u00eda  se someter\u00e1 a una cirug\u00eda  luego de ser diagnosticado oportunamente despu\u00e9s de realizarle unos estudios ser\u00e1 sometido a un procedimiento de cateterismo cardiaco. <br><\/p>\n\n\n\n<p>Seg\u00fan el comunicado la intervenci\u00f3n es un procedimiento de sedaci\u00f3n consciente, con bajo riesgo de complicaciones y el tiempo de recuperaci\u00f3n es r\u00e1pido, solicitan a toda la familia espiritual, que se una en oraci\u00f3n a favor de la vida de Marcos y de los m\u00e9dicos.<\/p>\n","protected":false},"excerpt":{"rendered":"<p>A trav\u00e9s de un comunicado de prensa en las redes social del salmista Marcos Witt se dio a conocer la noticia sobre su estado de salud, este d\u00eda se someter\u00e1 a una cirug\u00eda luego de ser diagnosticado oportunamente despu\u00e9s de realizarle unos estudios ser\u00e1 sometido a un procedimiento de cateterismo cardiaco. Seg\u00fan el comunicado la [&hellip;]<\/p>\n","protected":false},"author":3,"featured_media":7598,"comment_status":"open","ping_status":"open","sticky":false,"template":"","format":"standard","meta":[],"categories":[56],"tags":[],"yoast_head":"<!-- This site is optimized with the Yoast SEO plugin v20.8 - https:\/\/yoast.com\/wordpress\/plugins\/seo\/ -->\n<title>Marcos Witt ser\u00e1 sometido a una cirug\u00eda por lo que piden oraci\u00f3n - La Prensa Cristiana<\/title>\n<meta name=\"robots\" content=\"index, follow, max-snippet:-1, max-image-preview:large, max-video-preview:-1\" \/>\n<link rel=\"canonical\" href=\"https:\/\/laprensacristiana.com\/?p=7596\" \/>\n<meta property=\"og:locale\" content=\"es_ES\" \/>\n<meta property=\"og:type\" content=\"article\" \/>\n<meta property=\"og:title\" content=\"Marcos Witt ser\u00e1 sometido a una cirug\u00eda por lo que piden oraci\u00f3n - La Prensa Cristiana\" \/>\n<meta property=\"og:description\" content=\"A trav\u00e9s de un comunicado de prensa en las redes social del salmista Marcos Witt se dio a conocer la noticia sobre su estado de salud, este d\u00eda se someter\u00e1 a una cirug\u00eda luego de ser diagnosticado oportunamente despu\u00e9s de realizarle unos estudios ser\u00e1 sometido a un procedimiento de cateterismo cardiaco. Seg\u00fan el comunicado la [&hellip;]\" \/>\n<meta property=\"og:url\" content=\"https:\/\/laprensacristiana.com\/?p=7596\" \/>\n<meta property=\"og:site_name\" content=\"La Prensa Cristiana\" \/>\n<meta property=\"article:published_time\" content=\"2020-01-08T13:22:38+00:00\" \/>\n<meta property=\"article:modified_time\" content=\"2020-01-08T13:22:41+00:00\" \/>\n<meta property=\"og:image\" content=\"https:\/\/laprensacristiana.com\/wp-content\/uploads\/2020\/01\/IMG_20200108_071251.jpg\" \/>\n\t<meta property=\"og:image:width\" content=\"824\" \/>\n\t<meta property=\"og:image:height\" content=\"824\" \/>\n\t<meta property=\"og:image:type\" content=\"image\/jpeg\" \/>\n<meta name=\"author\" content=\"EDITOR\" \/>\n<meta name=\"twitter:card\" content=\"summary_large_image\" \/>\n<meta name=\"twitter:label1\" content=\"Escrito por\" \/>\n\t<meta name=\"twitter:data1\" content=\"EDITOR\" \/>\n\t<meta name=\"twitter:label2\" content=\"Tiempo de lectura\" \/>\n\t<meta name=\"twitter:data2\" content=\"1 minuto\" \/>\n<script type=\"application\/ld+json\" class=\"yoast-schema-graph\">{\"@context\":\"https:\/\/schema.org\",\"@graph\":[{\"@type\":\"WebPage\",\"@id\":\"https:\/\/laprensacristiana.com\/?p=7596\",\"url\":\"https:\/\/laprensacristiana.com\/?p=7596\",\"name\":\"Marcos Witt ser\u00e1 sometido a una cirug\u00eda por lo que piden oraci\u00f3n - La Prensa Cristiana\",\"isPartOf\":{\"@id\":\"https:\/\/laprensacristiana.com\/#website\"},\"datePublished\":\"2020-01-08T13:22:38+00:00\",\"dateModified\":\"2020-01-08T13:22:41+00:00\",\"author\":{\"@id\":\"https:\/\/laprensacristiana.com\/#\/schema\/person\/3e7d82c6bfd6b1fa67010f8f7cd5256e\"},\"breadcrumb\":{\"@id\":\"https:\/\/laprensacristiana.com\/?p=7596#breadcrumb\"},\"inLanguage\":\"es\",\"potentialAction\":[{\"@type\":\"ReadAction\",\"target\":[\"https:\/\/laprensacristiana.com\/?p=7596\"]}]},{\"@type\":\"BreadcrumbList\",\"@id\":\"https:\/\/laprensacristiana.com\/?p=7596#breadcrumb\",\"itemListElement\":[{\"@type\":\"ListItem\",\"position\":1,\"name\":\"Portada\",\"item\":\"https:\/\/laprensacristiana.com\/\"},{\"@type\":\"ListItem\",\"position\":2,\"name\":\"Marcos Witt ser\u00e1 sometido a una cirug\u00eda por lo que piden oraci\u00f3n\"}]},{\"@type\":\"WebSite\",\"@id\":\"https:\/\/laprensacristiana.com\/#website\",\"url\":\"https:\/\/laprensacristiana.com\/\",\"name\":\"La Prensa Cristiana\",\"description\":\"Anunciando Las Buenas Nuevas\",\"potentialAction\":[{\"@type\":\"SearchAction\",\"target\":{\"@type\":\"EntryPoint\",\"urlTemplate\":\"https:\/\/laprensacristiana.com\/?s={search_term_string}\"},\"query-input\":\"required name=search_term_string\"}],\"inLanguage\":\"es\"},{\"@type\":\"Person\",\"@id\":\"https:\/\/laprensacristiana.com\/#\/schema\/person\/3e7d82c6bfd6b1fa67010f8f7cd5256e\",\"name\":\"EDITOR\",\"image\":{\"@type\":\"ImageObject\",\"inLanguage\":\"es\",\"@id\":\"https:\/\/laprensacristiana.com\/#\/schema\/person\/image\/\",\"url\":\"https:\/\/secure.gravatar.com\/avatar\/72069dfb6c13772d9e8381e3638666d2?s=96&d=mm&r=g\",\"contentUrl\":\"https:\/\/secure.gravatar.com\/avatar\/72069dfb6c13772d9e8381e3638666d2?s=96&d=mm&r=g\",\"caption\":\"EDITOR\"},\"url\":\"https:\/\/laprensacristiana.com\/?author=3\"}]}<\/script>\n<!-- \/ Yoast SEO plugin. -->","yoast_head_json":{"title":"Marcos Witt ser\u00e1 sometido a una cirug\u00eda por lo que piden oraci\u00f3n - La Prensa Cristiana","robots":{"index":"index","follow":"follow","max-snippet":"max-snippet:-1","max-image-preview":"max-image-preview:large","max-video-preview":"max-video-preview:-1"},"canonical":"https:\/\/laprensacristiana.com\/?p=7596","og_locale":"es_ES","og_type":"article","og_title":"Marcos Witt ser\u00e1 sometido a una cirug\u00eda por lo que piden oraci\u00f3n - La Prensa Cristiana","og_description":"A trav\u00e9s de un comunicado de prensa en las redes social del salmista Marcos Witt se dio a conocer la noticia sobre su estado de salud, este d\u00eda se someter\u00e1 a una cirug\u00eda luego de ser diagnosticado oportunamente despu\u00e9s de realizarle unos estudios ser\u00e1 sometido a un procedimiento de cateterismo cardiaco. Seg\u00fan el comunicado la [&hellip;]","og_url":"https:\/\/laprensacristiana.com\/?p=7596","og_site_name":"La Prensa Cristiana","article_published_time":"2020-01-08T13:22:38+00:00","article_modified_time":"2020-01-08T13:22:41+00:00","og_image":[{"width":824,"height":824,"url":"https:\/\/laprensacristiana.com\/wp-content\/uploads\/2020\/01\/IMG_20200108_071251.jpg","type":"image\/jpeg"}],"author":"EDITOR","twitter_card":"summary_large_image","twitter_misc":{"Escrito por":"EDITOR","Tiempo de lectura":"1 minuto"},"schema":{"@context":"https:\/\/schema.org","@graph":[{"@type":"WebPage","@id":"https:\/\/laprensacristiana.com\/?p=7596","url":"https:\/\/laprensacristiana.com\/?p=7596","name":"Marcos Witt ser\u00e1 sometido a una cirug\u00eda por lo que piden oraci\u00f3n - La Prensa Cristiana","isPartOf":{"@id":"https:\/\/laprensacristiana.com\/#website"},"datePublished":"2020-01-08T13:22:38+00:00","dateModified":"2020-01-08T13:22:41+00:00","author":{"@id":"https:\/\/laprensacristiana.com\/#\/schema\/person\/3e7d82c6bfd6b1fa67010f8f7cd5256e"},"breadcrumb":{"@id":"https:\/\/laprensacristiana.com\/?p=7596#breadcrumb"},"inLanguage":"es","potentialAction":[{"@type":"ReadAction","target":["https:\/\/laprensacristiana.com\/?p=7596"]}]},{"@type":"BreadcrumbList","@id":"https:\/\/laprensacristiana.com\/?p=7596#breadcrumb","itemListElement":[{"@type":"ListItem","position":1,"name":"Portada","item":"https:\/\/laprensacristiana.com\/"},{"@type":"ListItem","position":2,"name":"Marcos Witt ser\u00e1 sometido a una cirug\u00eda por lo que piden oraci\u00f3n"}]},{"@type":"WebSite","@id":"https:\/\/laprensacristiana.com\/#website","url":"https:\/\/laprensacristiana.com\/","name":"La Prensa Cristiana","description":"Anunciando Las Buenas Nuevas","potentialAction":[{"@type":"SearchAction","target":{"@type":"EntryPoint","urlTemplate":"https:\/\/laprensacristiana.com\/?s={search_term_string}"},"query-input":"required name=search_term_string"}],"inLanguage":"es"},{"@type":"Person","@id":"https:\/\/laprensacristiana.com\/#\/schema\/person\/3e7d82c6bfd6b1fa67010f8f7cd5256e","name":"EDITOR","image":{"@type":"ImageObject","inLanguage":"es","@id":"https:\/\/laprensacristiana.com\/#\/schema\/person\/image\/","url":"https:\/\/secure.gravatar.com\/avatar\/72069dfb6c13772d9e8381e3638666d2?s=96&d=mm&r=g","contentUrl":"https:\/\/secure.gravatar.com\/avatar\/72069dfb6c13772d9e8381e3638666d2?s=96&d=mm&r=g","caption":"EDITOR"},"url":"https:\/\/laprensacristiana.com\/?author=3"}]}},"_links":{"self":[{"href":"https:\/\/laprensacristiana.com\/index.php?rest_route=\/wp\/v2\/posts\/7596"}],"collection":[{"href":"https:\/\/laprensacristiana.com\/index.php?rest_route=\/wp\/v2\/posts"}],"about":[{"href":"https:\/\/laprensacristiana.com\/index.php?rest_route=\/wp\/v2\/types\/post"}],"author":[{"embeddable":true,"href":"https:\/\/laprensacristiana.com\/index.php?rest_route=\/wp\/v2\/users\/3"}],"replies":[{"embeddable":true,"href":"https:\/\/laprensacristiana.com\/index.php?rest_route=%2Fwp%2Fv2%2Fcomments&post=7596"}],"version-history":[{"count":1,"href":"https:\/\/laprensacristiana.com\/index.php?rest_route=\/wp\/v2\/posts\/7596\/revisions"}],"predecessor-version":[{"id":7599,"href":"https:\/\/laprensacristiana.com\/index.php?rest_route=\/wp\/v2\/posts\/7596\/revisions\/7599"}],"wp:featuredmedia":[{"embeddable":true,"href":"https:\/\/laprensacristiana.com\/index.php?rest_route=\/wp\/v2\/media\/7598"}],"wp:attachment":[{"href":"https:\/\/laprensacristiana.com\/index.php?rest_route=%2Fwp%2Fv2%2Fmedia&parent=7596"}],"wp:term":[{"taxonomy":"category","embeddable":true,"href":"https:\/\/laprensacristiana.com\/index.php?rest_route=%2Fwp%2Fv2%2Fcategories&post=7596"},{"taxonomy":"post_tag","embeddable":true,"href":"https:\/\/laprensacristiana.com\/index.php?rest_route=%2Fwp%2Fv2%2Ftags&post=7596"}],"curies":[{"name":"wp","href":"https:\/\/api.w.org\/{rel}","templated":true}]}}