{"id":7616,"date":"2020-01-09T13:53:28","date_gmt":"2020-01-09T13:53:28","guid":{"rendered":"https:\/\/laprensacristiana.com\/?p=7616"},"modified":"2020-01-09T13:53:31","modified_gmt":"2020-01-09T13:53:31","slug":"iglesia-de-dios-en-e-s-gradua-primera-promocion-de-capellanes","status":"publish","type":"post","link":"https:\/\/laprensacristiana.com\/?p=7616","title":{"rendered":"Iglesia de Dios en E.S. grad\u00faa primera promoci\u00f3n de capellanes"},"content":{"rendered":"\n<p>En el municipio de Antiguo\nCuscatl\u00e1n, se llev\u00f3 a cabo la graduaci\u00f3n de la primera promoci\u00f3n&nbsp; de capellanes de Iglesia de Dios en El\nSalvador, impartido por Professional Christian University con sede en Estado\nUnidos y Guatemala. <\/p>\n\n\n\n<p>\u201cNaci\u00f3 como parte del deseo de\nIglesia de Dios en El Salvador para incidir en el eje de acci\u00f3n social, la\ncapellan\u00eda internacional tiene que ver con el servicio que se puede prestar en\ndiferentes instituciones tanto p\u00fablicas y privadas, los graduandos son pastores\ny l\u00edderes de las iglesias locales muy comprometidos, quiero felicitar a todos\nlos hermanos que han realizado sus estudios, s\u00e9 que no ha sido f\u00e1cil, pero han\nsido muy fieles y esto ser\u00e1 de mucha bendici\u00f3n para nuestras iglesias,\npersonalmente vamos a crecer como individuos, ahora a hacer honor a la placa\nrecibida este d\u00eda\u201d expres\u00f3 el pastor Miguel Perdomo, supervisor nacional de\nIglesia de Dios en El Salvador.<\/p>\n\n\n\n<p>En un diplomado intensivo de 9\nmeses, han cursado sus estudios que les faculta el ejercicio de la capellan\u00eda\nen diferentes \u00e1reas como capellan\u00eda infantil, carcelaria, hospitalaria,\nfamiliar, sanidad del hombre interior, c\u00f3mo hablar en p\u00fablico, abordando el\npulpito con pasi\u00f3n, t\u00e9cnicas de consejer\u00eda, \u00e9tica ministerial, manejo del\nduelo, mayordom\u00eda y liderazgo, entre otros temas de car\u00e1cter social. <\/p>\n\n\n\n<p>\u201cUno de los puntos principales\nque perseguimos es capacitar a hombres y mujeres que est\u00e9n dispuestos a dar la\nmilla extra, para que sirvan a su comunidad sin importar a que personas, puede\nser una prostituta, una persona elegante, un borracho; no importa religi\u00f3n, no\nimporta sexo, estatus econ\u00f3mico, el capell\u00e1n esta para servir a todos\u201d destac\u00f3\nel Dr. Daniel Salguero Samayoa, rector de la Escuela Profesional de Capellan\u00eda.<\/p>\n\n\n\n<p>Durante la ceremonia de\ngraduaci\u00f3n se conmemor\u00f3 la memoria del pastor Mario Rivera Huezo, quien fue un\nesforzado pastor de Iglesia de Dios en El Salvador y fundador del club Timoteo,\nsirviendo en m\u00e1s de 7 iglesias a nivel nacional. La promoci\u00f3n fue nominada a su\nnombre y su esposa Urzula de Rivera recibi\u00f3 un reconocimiento en su honor.&nbsp; <\/p>\n\n\n\n<p>\u201cEsta es la respuesta a una\nnecesidad, hacemos un llamado a todas las personas que tienen el deseo de\nservir a los dem\u00e1s que se incorporen al nuevo diplomado, estamos abiertos para\natender a todo tipo de personas\u201d concluy\u00f3 el pastor Jos\u00e9 Santos Fuentes,\ncoordinador nacional de capellanes Iglesia de Dios. <\/p>\n\n\n\n<p>Este primer diplomado fue de manera presencial, 2 veces por mes, m\u00e1s el cumulo de tareas, de igual forma en un segundo curso para nuevos aspirantes planean mantener esta modalidad pero tambi\u00e9n ampliar a una modalidad virtual para aquellos que por motivos laborales no pueden estar de manera presencial. A trav\u00e9s de los canales de difusi\u00f3n de Iglesia de Dios, como redes sociales y medios de comunicaci\u00f3n aliados estar\u00e1n habilitando la informaci\u00f3n de nuevos diplomados.<\/p>\n\n\n\n<figure class=\"wp-block-image\"><img decoding=\"async\" loading=\"lazy\" width=\"1024\" height=\"683\" src=\"https:\/\/laprensacristiana.com\/wp-content\/uploads\/2020\/01\/IMG_1342-1024x683.jpg\" alt=\"\" class=\"wp-image-7618\" srcset=\"https:\/\/laprensacristiana.com\/wp-content\/uploads\/2020\/01\/IMG_1342-1024x683.jpg 1024w, https:\/\/laprensacristiana.com\/wp-content\/uploads\/2020\/01\/IMG_1342-300x200.jpg 300w, https:\/\/laprensacristiana.com\/wp-content\/uploads\/2020\/01\/IMG_1342-768x512.jpg 768w, https:\/\/laprensacristiana.com\/wp-content\/uploads\/2020\/01\/IMG_1342-696x464.jpg 696w, https:\/\/laprensacristiana.com\/wp-content\/uploads\/2020\/01\/IMG_1342-1068x712.jpg 1068w, https:\/\/laprensacristiana.com\/wp-content\/uploads\/2020\/01\/IMG_1342-630x420.jpg 630w, https:\/\/laprensacristiana.com\/wp-content\/uploads\/2020\/01\/IMG_1342-600x400.jpg 600w\" sizes=\"(max-width: 1024px) 100vw, 1024px\" \/><\/figure>\n","protected":false},"excerpt":{"rendered":"<p>En el municipio de Antiguo Cuscatl\u00e1n, se llev\u00f3 a cabo la graduaci\u00f3n de la primera promoci\u00f3n&nbsp; de capellanes de Iglesia de Dios en El Salvador, impartido por Professional Christian University con sede en Estado Unidos y Guatemala. \u201cNaci\u00f3 como parte del deseo de Iglesia de Dios en El Salvador para incidir en el eje de [&hellip;]<\/p>\n","protected":false},"author":3,"featured_media":7617,"comment_status":"open","ping_status":"open","sticky":false,"template":"","format":"standard","meta":[],"categories":[56],"tags":[],"yoast_head":"<!-- This site is optimized with the Yoast SEO plugin v20.8 - https:\/\/yoast.com\/wordpress\/plugins\/seo\/ -->\n<title>Iglesia de Dios en E.S. grad\u00faa primera promoci\u00f3n de capellanes - La Prensa Cristiana<\/title>\n<meta name=\"robots\" content=\"index, follow, max-snippet:-1, max-image-preview:large, max-video-preview:-1\" \/>\n<link rel=\"canonical\" href=\"https:\/\/laprensacristiana.com\/?p=7616\" \/>\n<meta property=\"og:locale\" content=\"es_ES\" \/>\n<meta property=\"og:type\" content=\"article\" \/>\n<meta property=\"og:title\" content=\"Iglesia de Dios en E.S. grad\u00faa primera promoci\u00f3n de capellanes - La Prensa Cristiana\" \/>\n<meta property=\"og:description\" content=\"En el municipio de Antiguo Cuscatl\u00e1n, se llev\u00f3 a cabo la graduaci\u00f3n de la primera promoci\u00f3n&nbsp; de capellanes de Iglesia de Dios en El Salvador, impartido por Professional Christian University con sede en Estado Unidos y Guatemala. \u201cNaci\u00f3 como parte del deseo de Iglesia de Dios en El Salvador para incidir en el eje de [&hellip;]\" \/>\n<meta property=\"og:url\" content=\"https:\/\/laprensacristiana.com\/?p=7616\" \/>\n<meta property=\"og:site_name\" content=\"La Prensa Cristiana\" \/>\n<meta property=\"article:published_time\" content=\"2020-01-09T13:53:28+00:00\" \/>\n<meta property=\"article:modified_time\" content=\"2020-01-09T13:53:31+00:00\" \/>\n<meta property=\"og:image\" content=\"https:\/\/laprensacristiana.com\/wp-content\/uploads\/2020\/01\/IMG_1307-1024x683.jpg\" \/>\n\t<meta property=\"og:image:width\" content=\"1024\" \/>\n\t<meta property=\"og:image:height\" content=\"683\" \/>\n\t<meta property=\"og:image:type\" content=\"image\/jpeg\" \/>\n<meta name=\"author\" content=\"EDITOR\" \/>\n<meta name=\"twitter:card\" content=\"summary_large_image\" \/>\n<meta name=\"twitter:label1\" content=\"Escrito por\" \/>\n\t<meta name=\"twitter:data1\" content=\"EDITOR\" \/>\n\t<meta name=\"twitter:label2\" content=\"Tiempo de lectura\" \/>\n\t<meta name=\"twitter:data2\" content=\"2 minutos\" \/>\n<script type=\"application\/ld+json\" class=\"yoast-schema-graph\">{\"@context\":\"https:\/\/schema.org\",\"@graph\":[{\"@type\":\"WebPage\",\"@id\":\"https:\/\/laprensacristiana.com\/?p=7616\",\"url\":\"https:\/\/laprensacristiana.com\/?p=7616\",\"name\":\"Iglesia de Dios en E.S. grad\u00faa primera promoci\u00f3n de capellanes - La Prensa Cristiana\",\"isPartOf\":{\"@id\":\"https:\/\/laprensacristiana.com\/#website\"},\"datePublished\":\"2020-01-09T13:53:28+00:00\",\"dateModified\":\"2020-01-09T13:53:31+00:00\",\"author\":{\"@id\":\"https:\/\/laprensacristiana.com\/#\/schema\/person\/3e7d82c6bfd6b1fa67010f8f7cd5256e\"},\"breadcrumb\":{\"@id\":\"https:\/\/laprensacristiana.com\/?p=7616#breadcrumb\"},\"inLanguage\":\"es\",\"potentialAction\":[{\"@type\":\"ReadAction\",\"target\":[\"https:\/\/laprensacristiana.com\/?p=7616\"]}]},{\"@type\":\"BreadcrumbList\",\"@id\":\"https:\/\/laprensacristiana.com\/?p=7616#breadcrumb\",\"itemListElement\":[{\"@type\":\"ListItem\",\"position\":1,\"name\":\"Portada\",\"item\":\"https:\/\/laprensacristiana.com\/\"},{\"@type\":\"ListItem\",\"position\":2,\"name\":\"Iglesia de Dios en E.S. grad\u00faa primera promoci\u00f3n de capellanes\"}]},{\"@type\":\"WebSite\",\"@id\":\"https:\/\/laprensacristiana.com\/#website\",\"url\":\"https:\/\/laprensacristiana.com\/\",\"name\":\"La Prensa Cristiana\",\"description\":\"Anunciando Las Buenas Nuevas\",\"potentialAction\":[{\"@type\":\"SearchAction\",\"target\":{\"@type\":\"EntryPoint\",\"urlTemplate\":\"https:\/\/laprensacristiana.com\/?s={search_term_string}\"},\"query-input\":\"required name=search_term_string\"}],\"inLanguage\":\"es\"},{\"@type\":\"Person\",\"@id\":\"https:\/\/laprensacristiana.com\/#\/schema\/person\/3e7d82c6bfd6b1fa67010f8f7cd5256e\",\"name\":\"EDITOR\",\"image\":{\"@type\":\"ImageObject\",\"inLanguage\":\"es\",\"@id\":\"https:\/\/laprensacristiana.com\/#\/schema\/person\/image\/\",\"url\":\"https:\/\/secure.gravatar.com\/avatar\/72069dfb6c13772d9e8381e3638666d2?s=96&d=mm&r=g\",\"contentUrl\":\"https:\/\/secure.gravatar.com\/avatar\/72069dfb6c13772d9e8381e3638666d2?s=96&d=mm&r=g\",\"caption\":\"EDITOR\"},\"url\":\"https:\/\/laprensacristiana.com\/?author=3\"}]}<\/script>\n<!-- \/ Yoast SEO plugin. -->","yoast_head_json":{"title":"Iglesia de Dios en E.S. grad\u00faa primera promoci\u00f3n de capellanes - La Prensa Cristiana","robots":{"index":"index","follow":"follow","max-snippet":"max-snippet:-1","max-image-preview":"max-image-preview:large","max-video-preview":"max-video-preview:-1"},"canonical":"https:\/\/laprensacristiana.com\/?p=7616","og_locale":"es_ES","og_type":"article","og_title":"Iglesia de Dios en E.S. grad\u00faa primera promoci\u00f3n de capellanes - La Prensa Cristiana","og_description":"En el municipio de Antiguo Cuscatl\u00e1n, se llev\u00f3 a cabo la graduaci\u00f3n de la primera promoci\u00f3n&nbsp; de capellanes de Iglesia de Dios en El Salvador, impartido por Professional Christian University con sede en Estado Unidos y Guatemala. \u201cNaci\u00f3 como parte del deseo de Iglesia de Dios en El Salvador para incidir en el eje de [&hellip;]","og_url":"https:\/\/laprensacristiana.com\/?p=7616","og_site_name":"La Prensa Cristiana","article_published_time":"2020-01-09T13:53:28+00:00","article_modified_time":"2020-01-09T13:53:31+00:00","og_image":[{"width":1024,"height":683,"url":"https:\/\/laprensacristiana.com\/wp-content\/uploads\/2020\/01\/IMG_1307-1024x683.jpg","type":"image\/jpeg"}],"author":"EDITOR","twitter_card":"summary_large_image","twitter_misc":{"Escrito por":"EDITOR","Tiempo de lectura":"2 minutos"},"schema":{"@context":"https:\/\/schema.org","@graph":[{"@type":"WebPage","@id":"https:\/\/laprensacristiana.com\/?p=7616","url":"https:\/\/laprensacristiana.com\/?p=7616","name":"Iglesia de Dios en E.S. grad\u00faa primera promoci\u00f3n de capellanes - La Prensa Cristiana","isPartOf":{"@id":"https:\/\/laprensacristiana.com\/#website"},"datePublished":"2020-01-09T13:53:28+00:00","dateModified":"2020-01-09T13:53:31+00:00","author":{"@id":"https:\/\/laprensacristiana.com\/#\/schema\/person\/3e7d82c6bfd6b1fa67010f8f7cd5256e"},"breadcrumb":{"@id":"https:\/\/laprensacristiana.com\/?p=7616#breadcrumb"},"inLanguage":"es","potentialAction":[{"@type":"ReadAction","target":["https:\/\/laprensacristiana.com\/?p=7616"]}]},{"@type":"BreadcrumbList","@id":"https:\/\/laprensacristiana.com\/?p=7616#breadcrumb","itemListElement":[{"@type":"ListItem","position":1,"name":"Portada","item":"https:\/\/laprensacristiana.com\/"},{"@type":"ListItem","position":2,"name":"Iglesia de Dios en E.S. grad\u00faa primera promoci\u00f3n de capellanes"}]},{"@type":"WebSite","@id":"https:\/\/laprensacristiana.com\/#website","url":"https:\/\/laprensacristiana.com\/","name":"La Prensa Cristiana","description":"Anunciando Las Buenas Nuevas","potentialAction":[{"@type":"SearchAction","target":{"@type":"EntryPoint","urlTemplate":"https:\/\/laprensacristiana.com\/?s={search_term_string}"},"query-input":"required name=search_term_string"}],"inLanguage":"es"},{"@type":"Person","@id":"https:\/\/laprensacristiana.com\/#\/schema\/person\/3e7d82c6bfd6b1fa67010f8f7cd5256e","name":"EDITOR","image":{"@type":"ImageObject","inLanguage":"es","@id":"https:\/\/laprensacristiana.com\/#\/schema\/person\/image\/","url":"https:\/\/secure.gravatar.com\/avatar\/72069dfb6c13772d9e8381e3638666d2?s=96&d=mm&r=g","contentUrl":"https:\/\/secure.gravatar.com\/avatar\/72069dfb6c13772d9e8381e3638666d2?s=96&d=mm&r=g","caption":"EDITOR"},"url":"https:\/\/laprensacristiana.com\/?author=3"}]}},"_links":{"self":[{"href":"https:\/\/laprensacristiana.com\/index.php?rest_route=\/wp\/v2\/posts\/7616"}],"collection":[{"href":"https:\/\/laprensacristiana.com\/index.php?rest_route=\/wp\/v2\/posts"}],"about":[{"href":"https:\/\/laprensacristiana.com\/index.php?rest_route=\/wp\/v2\/types\/post"}],"author":[{"embeddable":true,"href":"https:\/\/laprensacristiana.com\/index.php?rest_route=\/wp\/v2\/users\/3"}],"replies":[{"embeddable":true,"href":"https:\/\/laprensacristiana.com\/index.php?rest_route=%2Fwp%2Fv2%2Fcomments&post=7616"}],"version-history":[{"count":1,"href":"https:\/\/laprensacristiana.com\/index.php?rest_route=\/wp\/v2\/posts\/7616\/revisions"}],"predecessor-version":[{"id":7619,"href":"https:\/\/laprensacristiana.com\/index.php?rest_route=\/wp\/v2\/posts\/7616\/revisions\/7619"}],"wp:featuredmedia":[{"embeddable":true,"href":"https:\/\/laprensacristiana.com\/index.php?rest_route=\/wp\/v2\/media\/7617"}],"wp:attachment":[{"href":"https:\/\/laprensacristiana.com\/index.php?rest_route=%2Fwp%2Fv2%2Fmedia&parent=7616"}],"wp:term":[{"taxonomy":"category","embeddable":true,"href":"https:\/\/laprensacristiana.com\/index.php?rest_route=%2Fwp%2Fv2%2Fcategories&post=7616"},{"taxonomy":"post_tag","embeddable":true,"href":"https:\/\/laprensacristiana.com\/index.php?rest_route=%2Fwp%2Fv2%2Ftags&post=7616"}],"curies":[{"name":"wp","href":"https:\/\/api.w.org\/{rel}","templated":true}]}}