{"id":7630,"date":"2020-01-10T15:27:26","date_gmt":"2020-01-10T15:27:26","guid":{"rendered":"https:\/\/laprensacristiana.com\/?p=7630"},"modified":"2020-01-10T15:27:29","modified_gmt":"2020-01-10T15:27:29","slug":"daniela-guardado-una-guerrera-sobreviviente-de-cancer","status":"publish","type":"post","link":"https:\/\/laprensacristiana.com\/?p=7630","title":{"rendered":"Daniela Guardado una guerrera sobreviviente de c\u00e1ncer"},"content":{"rendered":"\n<p>Daniela Guardado es una ni\u00f1a de 13 a\u00f1os que\nvive sus d\u00edas para inspirar a otros y demostrar que si es posible sobreponerse\na la adversidad, a la edad de 10 a\u00f1os la diagnosticaron con c\u00e1ncer, por tal motivo\ntuvieron que amputar su pierna, lejos de entrar en un estado de depresi\u00f3n vive\ncon mucha alegr\u00eda y es una luz de esperanza para otros ni\u00f1os que est\u00e1n pasando\npor lo mismo que ella vivi\u00f3, de manera peri\u00f3dica visita el Hospital de Ni\u00f1os\nBenjam\u00edn Bloom, no como paciente sino como una persona altruista que busca\nayudar a otros, esta es su historia: <\/p>\n\n\n\n<p>\u00bfCu\u00e1l es la mayor adversidad que has enfrentado\nen la vida?<\/p>\n\n\n\n<p>El reto m\u00e1s grande que he enfrentado fue cuando me diagnosticaron c\u00e1ncer en la pierna, al principio por mi edad no comprend\u00eda muy bien la situaci\u00f3n, cuando me explicaron lo que ten\u00eda fue un golpe duro para mi vida, pero gracias a Dios puede sobrellevar la situaci\u00f3n y pude sobrellevar la amputaci\u00f3n de mi pierna. Mis abuelos fueron los primeros que recibieron la noticia y yo vi la tristeza en sus rostros, lo bueno es que Dios nos ayud\u00f3 a salir adelante y yo puse de mi parte para tranquilizarlos. <\/p>\n\n\n\n<figure class=\"wp-block-image\"><img decoding=\"async\" loading=\"lazy\" width=\"612\" height=\"816\" src=\"https:\/\/laprensacristiana.com\/wp-content\/uploads\/2020\/01\/WhatsApp-Image-2019-12-19-at-11.01.38-PM.jpeg\" alt=\"\" class=\"wp-image-7632\" srcset=\"https:\/\/laprensacristiana.com\/wp-content\/uploads\/2020\/01\/WhatsApp-Image-2019-12-19-at-11.01.38-PM.jpeg 612w, https:\/\/laprensacristiana.com\/wp-content\/uploads\/2020\/01\/WhatsApp-Image-2019-12-19-at-11.01.38-PM-225x300.jpeg 225w, https:\/\/laprensacristiana.com\/wp-content\/uploads\/2020\/01\/WhatsApp-Image-2019-12-19-at-11.01.38-PM-315x420.jpeg 315w, https:\/\/laprensacristiana.com\/wp-content\/uploads\/2020\/01\/WhatsApp-Image-2019-12-19-at-11.01.38-PM-600x800.jpeg 600w\" sizes=\"(max-width: 612px) 100vw, 612px\" \/><\/figure>\n\n\n\n<p>\u00bfDespu\u00e9s de ese episodio te cambia la\nvida?&nbsp; <\/p>\n\n\n\n<p>Siento que no tanto, lo \u00fanico que puede\ncambiar en mi es el f\u00edsico, pero mi personalidad no, sigo siendo siempre la\nmisma Daniela de antes con las mismas actitudes. <\/p>\n\n\n\n<p>\u00bfQui\u00e9n es tu mayor inspiraci\u00f3n?<\/p>\n\n\n\n<p>MI mayor inspiraci\u00f3n es Dios, en mis momentos\nde crisis me refugie en \u00c9l, fue quien me ayudo a aliviar mi dolor y cada s\u00edntoma,\na salir adelante en cada batalla que pasaba yo en el hospital. <\/p>\n\n\n\n<p>\u00bfCu\u00e1l es tu inter\u00e9s en emprender una defensa\npor la ni\u00f1ez?<\/p>\n\n\n\n<p>He querido luchar por muchos ni\u00f1os porque\nmientras estaba en el hospital vi que muchos son abandonados, incluso por sus\npadres, esto es injusto porque est\u00e1n en un proceso delicado de salud, quiero\ntrabajar por cambiar esta realidad, tambi\u00e9n para que la Ley Lepina que nos\nprotege a nosotros como ni\u00f1os pueda hacer algo contra aquellos que abandonan a\nsus hijos en esa condici\u00f3n.<\/p>\n\n\n\n<p>\u00bfQu\u00e9 representa para tu vida el m\u00e1s reciente\npremio recibido? Premio Nacional a la promoci\u00f3n y defensa de los derechos\nhumanos<\/p>\n\n\n\n<p>Representa todo mi esfuerzo y sacrificio actual, no me esperaba recibir un premio asi, cuando entr\u00e9 cre\u00ed que solo iban a hacer una menci\u00f3n honorifica o algo parecido, pero no, me dieron la sorpresa que fui premiada. Me siento muy agradecida con Dios primeramente y con mis abuelos que me han apoyado. <\/p>\n\n\n\n<figure class=\"wp-block-image\"><img decoding=\"async\" loading=\"lazy\" width=\"612\" height=\"816\" src=\"https:\/\/laprensacristiana.com\/wp-content\/uploads\/2020\/01\/WhatsApp-Image-2019-12-19-at-11.01.38-PM-11.jpeg\" alt=\"\" class=\"wp-image-7633\" srcset=\"https:\/\/laprensacristiana.com\/wp-content\/uploads\/2020\/01\/WhatsApp-Image-2019-12-19-at-11.01.38-PM-11.jpeg 612w, https:\/\/laprensacristiana.com\/wp-content\/uploads\/2020\/01\/WhatsApp-Image-2019-12-19-at-11.01.38-PM-11-225x300.jpeg 225w, https:\/\/laprensacristiana.com\/wp-content\/uploads\/2020\/01\/WhatsApp-Image-2019-12-19-at-11.01.38-PM-11-315x420.jpeg 315w, https:\/\/laprensacristiana.com\/wp-content\/uploads\/2020\/01\/WhatsApp-Image-2019-12-19-at-11.01.38-PM-11-600x800.jpeg 600w\" sizes=\"(max-width: 612px) 100vw, 612px\" \/><\/figure>\n\n\n\n<p>\u00bfC\u00f3mo compartes el amor de Dios con otros?<\/p>\n\n\n\n<p>Yo siempre digo que una parte de Dios est\u00e1 en m\u00ed,\ny eso se lo transmito a muchas personas demostr\u00e1ndoles felicidad, aprecio,\ncari\u00f1o, todo eso que tiene Dios hacia nosotros, trato de hacerlo d\u00eda a d\u00eda con\npersonas nuevas. <\/p>\n\n\n\n<p>Ha habido acercamientos con Sociedad B\u00edblica\n\u00bfQu\u00e9 representa para tu vida?<\/p>\n\n\n\n<p>La verdad mucho al ver como pueden bendecir a\nmuchos ni\u00f1os a trav\u00e9s del comics \u201cNo Temas\u201d, es un orgullo, ellos nos han\napoyado, y son muy solidarios. Nos han permitido compartir la ense\u00f1anza con\notros ni\u00f1os, es muy bonito que por medio de los comics se pueda ver como se\npueda enfrentar una situaci\u00f3n dif\u00edcil pero con la ayuda de Dios al mismo\ntiempo, cada vez que voy al hospital trato de compartirlo con los ni\u00f1os. <\/p>\n\n\n\n<p>\u00bfQu\u00e9 otros insumos compartes con los dem\u00e1s?<\/p>\n\n\n\n<p>Yo les llevo cosas de uso personal (art\u00edculos\nde higiene) que ellos necesitan, y a su vez les comparto del amor de Jes\u00fas. <\/p>\n\n\n\n<p>\u00bfCu\u00e1l es tu meta por alcanzar en la vida?<\/p>\n\n\n\n<p>Son muchas, quiero ser defensora de los\nderechos humanos, quisiera crear un hospital donde se especialicen en el\ntratamiento a mi enfermedad (osteosarcoma).<\/p>\n\n\n\n<p>Normalmente las personas culpan a Dios por las\ncosas malas que les pasan \u00bfPor qu\u00e9 en tu caso es diferente? En lugar de culpar\na Dios est\u00e1s apoyando causas en el nombre de Dios<\/p>\n\n\n\n<p>En el mismo sufrimiento de la personas culpan\na Dios, porque no encuentran qu\u00e9 hacer con sus ni\u00f1os al recibir la noticia que\ntienen c\u00e1ncer, no hay que culpar a nadie, hay que pensar para que Dios lo\npermite, es un privilegio, cada ni\u00f1o que est\u00e1 en el hospital es una persona\nvaliente, transmito el amor de Dios a otros que lo necesitan y no saben d\u00f3nde\nrefugiarse, trato de ayudarlos, la palabra de Dios me ha ayudado, mientras\nestaba en el hospital le\u00eda mi Biblia y oraba todas las noches para que \u00e9l me\npudiera sacar adelante. <\/p>\n\n\n\n<p>Eres una vencedora y una inspiraci\u00f3n \u00bfQu\u00e9 les\ndir\u00edas a otros que puedan estar afrontando lo mismo que t\u00fa has vivido?<\/p>\n\n\n\n<p>Les dir\u00eda que las barreras solo est\u00e1n en\nnuestra mente, que no hay que permitir que entre la tristeza, ni la depresi\u00f3n,\neso no nos ayuda en nada en nuestra vida, al contrario hay que creer\nprimeramente en Dios y ser felices en esta vida para poder seguir adelante, la\ndiscapacidad no es un impedimento para seguir avanzando. <\/p>\n","protected":false},"excerpt":{"rendered":"<p>Daniela Guardado es una ni\u00f1a de 13 a\u00f1os que vive sus d\u00edas para inspirar a otros y demostrar que si es posible sobreponerse a la adversidad, a la edad de 10 a\u00f1os la diagnosticaron con c\u00e1ncer, por tal motivo tuvieron que amputar su pierna, lejos de entrar en un estado de depresi\u00f3n vive con mucha [&hellip;]<\/p>\n","protected":false},"author":3,"featured_media":7631,"comment_status":"open","ping_status":"open","sticky":false,"template":"","format":"standard","meta":[],"categories":[51],"tags":[],"yoast_head":"<!-- This site is optimized with the Yoast SEO plugin v20.8 - https:\/\/yoast.com\/wordpress\/plugins\/seo\/ -->\n<title>Daniela Guardado una guerrera sobreviviente de c\u00e1ncer - La Prensa Cristiana<\/title>\n<meta name=\"robots\" content=\"index, follow, max-snippet:-1, max-image-preview:large, max-video-preview:-1\" \/>\n<link rel=\"canonical\" href=\"https:\/\/laprensacristiana.com\/?p=7630\" \/>\n<meta property=\"og:locale\" content=\"es_ES\" \/>\n<meta property=\"og:type\" content=\"article\" \/>\n<meta property=\"og:title\" content=\"Daniela Guardado una guerrera sobreviviente de c\u00e1ncer - La Prensa Cristiana\" \/>\n<meta property=\"og:description\" content=\"Daniela Guardado es una ni\u00f1a de 13 a\u00f1os que vive sus d\u00edas para inspirar a otros y demostrar que si es posible sobreponerse a la adversidad, a la edad de 10 a\u00f1os la diagnosticaron con c\u00e1ncer, por tal motivo tuvieron que amputar su pierna, lejos de entrar en un estado de depresi\u00f3n vive con mucha [&hellip;]\" \/>\n<meta property=\"og:url\" content=\"https:\/\/laprensacristiana.com\/?p=7630\" \/>\n<meta property=\"og:site_name\" content=\"La Prensa Cristiana\" \/>\n<meta property=\"article:published_time\" content=\"2020-01-10T15:27:26+00:00\" \/>\n<meta property=\"article:modified_time\" content=\"2020-01-10T15:27:29+00:00\" \/>\n<meta property=\"og:image\" content=\"https:\/\/laprensacristiana.com\/wp-content\/uploads\/2020\/01\/WhatsApp-Image-2019-12-19-at-11.01.37-PM.jpeg\" \/>\n\t<meta property=\"og:image:width\" content=\"720\" \/>\n\t<meta property=\"og:image:height\" content=\"540\" \/>\n\t<meta property=\"og:image:type\" content=\"image\/jpeg\" \/>\n<meta name=\"author\" content=\"EDITOR\" \/>\n<meta name=\"twitter:card\" content=\"summary_large_image\" \/>\n<meta name=\"twitter:label1\" content=\"Escrito por\" \/>\n\t<meta name=\"twitter:data1\" content=\"EDITOR\" \/>\n\t<meta name=\"twitter:label2\" content=\"Tiempo de lectura\" \/>\n\t<meta name=\"twitter:data2\" content=\"5 minutos\" \/>\n<script type=\"application\/ld+json\" class=\"yoast-schema-graph\">{\"@context\":\"https:\/\/schema.org\",\"@graph\":[{\"@type\":\"WebPage\",\"@id\":\"https:\/\/laprensacristiana.com\/?p=7630\",\"url\":\"https:\/\/laprensacristiana.com\/?p=7630\",\"name\":\"Daniela Guardado una guerrera sobreviviente de c\u00e1ncer - La Prensa Cristiana\",\"isPartOf\":{\"@id\":\"https:\/\/laprensacristiana.com\/#website\"},\"datePublished\":\"2020-01-10T15:27:26+00:00\",\"dateModified\":\"2020-01-10T15:27:29+00:00\",\"author\":{\"@id\":\"https:\/\/laprensacristiana.com\/#\/schema\/person\/3e7d82c6bfd6b1fa67010f8f7cd5256e\"},\"breadcrumb\":{\"@id\":\"https:\/\/laprensacristiana.com\/?p=7630#breadcrumb\"},\"inLanguage\":\"es\",\"potentialAction\":[{\"@type\":\"ReadAction\",\"target\":[\"https:\/\/laprensacristiana.com\/?p=7630\"]}]},{\"@type\":\"BreadcrumbList\",\"@id\":\"https:\/\/laprensacristiana.com\/?p=7630#breadcrumb\",\"itemListElement\":[{\"@type\":\"ListItem\",\"position\":1,\"name\":\"Portada\",\"item\":\"https:\/\/laprensacristiana.com\/\"},{\"@type\":\"ListItem\",\"position\":2,\"name\":\"Daniela Guardado una guerrera sobreviviente de c\u00e1ncer\"}]},{\"@type\":\"WebSite\",\"@id\":\"https:\/\/laprensacristiana.com\/#website\",\"url\":\"https:\/\/laprensacristiana.com\/\",\"name\":\"La Prensa Cristiana\",\"description\":\"Anunciando Las Buenas Nuevas\",\"potentialAction\":[{\"@type\":\"SearchAction\",\"target\":{\"@type\":\"EntryPoint\",\"urlTemplate\":\"https:\/\/laprensacristiana.com\/?s={search_term_string}\"},\"query-input\":\"required name=search_term_string\"}],\"inLanguage\":\"es\"},{\"@type\":\"Person\",\"@id\":\"https:\/\/laprensacristiana.com\/#\/schema\/person\/3e7d82c6bfd6b1fa67010f8f7cd5256e\",\"name\":\"EDITOR\",\"image\":{\"@type\":\"ImageObject\",\"inLanguage\":\"es\",\"@id\":\"https:\/\/laprensacristiana.com\/#\/schema\/person\/image\/\",\"url\":\"https:\/\/secure.gravatar.com\/avatar\/72069dfb6c13772d9e8381e3638666d2?s=96&d=mm&r=g\",\"contentUrl\":\"https:\/\/secure.gravatar.com\/avatar\/72069dfb6c13772d9e8381e3638666d2?s=96&d=mm&r=g\",\"caption\":\"EDITOR\"},\"url\":\"https:\/\/laprensacristiana.com\/?author=3\"}]}<\/script>\n<!-- \/ Yoast SEO plugin. -->","yoast_head_json":{"title":"Daniela Guardado una guerrera sobreviviente de c\u00e1ncer - La Prensa Cristiana","robots":{"index":"index","follow":"follow","max-snippet":"max-snippet:-1","max-image-preview":"max-image-preview:large","max-video-preview":"max-video-preview:-1"},"canonical":"https:\/\/laprensacristiana.com\/?p=7630","og_locale":"es_ES","og_type":"article","og_title":"Daniela Guardado una guerrera sobreviviente de c\u00e1ncer - La Prensa Cristiana","og_description":"Daniela Guardado es una ni\u00f1a de 13 a\u00f1os que vive sus d\u00edas para inspirar a otros y demostrar que si es posible sobreponerse a la adversidad, a la edad de 10 a\u00f1os la diagnosticaron con c\u00e1ncer, por tal motivo tuvieron que amputar su pierna, lejos de entrar en un estado de depresi\u00f3n vive con mucha [&hellip;]","og_url":"https:\/\/laprensacristiana.com\/?p=7630","og_site_name":"La Prensa Cristiana","article_published_time":"2020-01-10T15:27:26+00:00","article_modified_time":"2020-01-10T15:27:29+00:00","og_image":[{"width":720,"height":540,"url":"https:\/\/laprensacristiana.com\/wp-content\/uploads\/2020\/01\/WhatsApp-Image-2019-12-19-at-11.01.37-PM.jpeg","type":"image\/jpeg"}],"author":"EDITOR","twitter_card":"summary_large_image","twitter_misc":{"Escrito por":"EDITOR","Tiempo de lectura":"5 minutos"},"schema":{"@context":"https:\/\/schema.org","@graph":[{"@type":"WebPage","@id":"https:\/\/laprensacristiana.com\/?p=7630","url":"https:\/\/laprensacristiana.com\/?p=7630","name":"Daniela Guardado una guerrera sobreviviente de c\u00e1ncer - La Prensa Cristiana","isPartOf":{"@id":"https:\/\/laprensacristiana.com\/#website"},"datePublished":"2020-01-10T15:27:26+00:00","dateModified":"2020-01-10T15:27:29+00:00","author":{"@id":"https:\/\/laprensacristiana.com\/#\/schema\/person\/3e7d82c6bfd6b1fa67010f8f7cd5256e"},"breadcrumb":{"@id":"https:\/\/laprensacristiana.com\/?p=7630#breadcrumb"},"inLanguage":"es","potentialAction":[{"@type":"ReadAction","target":["https:\/\/laprensacristiana.com\/?p=7630"]}]},{"@type":"BreadcrumbList","@id":"https:\/\/laprensacristiana.com\/?p=7630#breadcrumb","itemListElement":[{"@type":"ListItem","position":1,"name":"Portada","item":"https:\/\/laprensacristiana.com\/"},{"@type":"ListItem","position":2,"name":"Daniela Guardado una guerrera sobreviviente de c\u00e1ncer"}]},{"@type":"WebSite","@id":"https:\/\/laprensacristiana.com\/#website","url":"https:\/\/laprensacristiana.com\/","name":"La Prensa Cristiana","description":"Anunciando Las Buenas Nuevas","potentialAction":[{"@type":"SearchAction","target":{"@type":"EntryPoint","urlTemplate":"https:\/\/laprensacristiana.com\/?s={search_term_string}"},"query-input":"required name=search_term_string"}],"inLanguage":"es"},{"@type":"Person","@id":"https:\/\/laprensacristiana.com\/#\/schema\/person\/3e7d82c6bfd6b1fa67010f8f7cd5256e","name":"EDITOR","image":{"@type":"ImageObject","inLanguage":"es","@id":"https:\/\/laprensacristiana.com\/#\/schema\/person\/image\/","url":"https:\/\/secure.gravatar.com\/avatar\/72069dfb6c13772d9e8381e3638666d2?s=96&d=mm&r=g","contentUrl":"https:\/\/secure.gravatar.com\/avatar\/72069dfb6c13772d9e8381e3638666d2?s=96&d=mm&r=g","caption":"EDITOR"},"url":"https:\/\/laprensacristiana.com\/?author=3"}]}},"_links":{"self":[{"href":"https:\/\/laprensacristiana.com\/index.php?rest_route=\/wp\/v2\/posts\/7630"}],"collection":[{"href":"https:\/\/laprensacristiana.com\/index.php?rest_route=\/wp\/v2\/posts"}],"about":[{"href":"https:\/\/laprensacristiana.com\/index.php?rest_route=\/wp\/v2\/types\/post"}],"author":[{"embeddable":true,"href":"https:\/\/laprensacristiana.com\/index.php?rest_route=\/wp\/v2\/users\/3"}],"replies":[{"embeddable":true,"href":"https:\/\/laprensacristiana.com\/index.php?rest_route=%2Fwp%2Fv2%2Fcomments&post=7630"}],"version-history":[{"count":1,"href":"https:\/\/laprensacristiana.com\/index.php?rest_route=\/wp\/v2\/posts\/7630\/revisions"}],"predecessor-version":[{"id":7634,"href":"https:\/\/laprensacristiana.com\/index.php?rest_route=\/wp\/v2\/posts\/7630\/revisions\/7634"}],"wp:featuredmedia":[{"embeddable":true,"href":"https:\/\/laprensacristiana.com\/index.php?rest_route=\/wp\/v2\/media\/7631"}],"wp:attachment":[{"href":"https:\/\/laprensacristiana.com\/index.php?rest_route=%2Fwp%2Fv2%2Fmedia&parent=7630"}],"wp:term":[{"taxonomy":"category","embeddable":true,"href":"https:\/\/laprensacristiana.com\/index.php?rest_route=%2Fwp%2Fv2%2Fcategories&post=7630"},{"taxonomy":"post_tag","embeddable":true,"href":"https:\/\/laprensacristiana.com\/index.php?rest_route=%2Fwp%2Fv2%2Ftags&post=7630"}],"curies":[{"name":"wp","href":"https:\/\/api.w.org\/{rel}","templated":true}]}}