{"id":7638,"date":"2020-01-10T18:04:24","date_gmt":"2020-01-10T18:04:24","guid":{"rendered":"https:\/\/laprensacristiana.com\/?p=7638"},"modified":"2020-01-10T19:28:10","modified_gmt":"2020-01-10T19:28:10","slug":"toby-mac-lanza-cancion-en-memoria-de-su-hijo-de-21-anos-quien-fallecio","status":"publish","type":"post","link":"https:\/\/laprensacristiana.com\/?p=7638","title":{"rendered":"Toby Mac lanza canci\u00f3n en memoria de su hijo de 21 a\u00f1os quien falleci\u00f3"},"content":{"rendered":"\n<p>El 24 de octubre del a\u00f1o 2019 el reconocido rapero cristiano\nToby Mac perdi\u00f3 a su hijo primog\u00e9nito Truett Foster Mckeehan&nbsp; de 21 a\u00f1os, aun no se saben las causas de su\nmuerte, el pasado 9 de enero Toby lanzo su nueva canci\u00f3n en la que habla sobre\nla muerte de su hijo, del dolor y la intriga de un padre despu\u00e9s de perder a su\nhijo y de la esperanza que en Dios despu\u00e9s de la muerte. <\/p>\n\n\n\n<p>El dia de su muerte el rapero comparti\u00f3 con sus seguidores\nde las redes sociales un emotivo mensaje sobre la vida de su hijo, y para\nculminar expres\u00f3:<\/p>\n\n\n\n<p>\u201cMi esposa y yo queremos qu el mundo sepa esto, No seguimos\na Dios porque tenemos alg\u00fan tipo de trato bajo la mesa con \u00e9l, seguimos a Dios\nlo amamos. S nuestro honor, \u00c9l es el Dios de las colinas y de los valles. \u00c9l es\nhermoso sobre todas las cosas\u201d <\/p>\n\n\n\n<p>El cantante espera que este tema puede ayudar a otras\npersonas que tal vez est\u00e9n pasando por una circunstancia similar.<\/p>\n\n\n\n<p><\/p>\n\n\n\n<p>\u201cEscribir esta canci\u00f3n se sinti\u00f3 como una confesi\u00f3n honesta de las preguntas, el dolor, la ira, la duda, la misericordia y la promesa que describe el viaje que probablemente solo estoy empezando. \u00a0Dios no nos prometi\u00f3 una vida sin dolor ni siquiera una muerte tr\u00e1gica, pero prometi\u00f3 que nunca nos dejar\u00eda ni nos abandonar\u00eda\u201d<\/p>\n\n\n\n<figure class=\"wp-block-embed-youtube wp-block-embed is-type-video is-provider-youtube wp-embed-aspect-4-3 wp-has-aspect-ratio\"><div class=\"wp-block-embed__wrapper\">\n<div class=\"youtube-embed\" data-video_id=\"wd9pXGTv1qM\"><iframe loading=\"lazy\" title=\"21 Years\" width=\"696\" height=\"522\" src=\"https:\/\/www.youtube.com\/embed\/wd9pXGTv1qM?feature=oembed&#038;enablejsapi=1&#038;enablejsapi=1\" frameborder=\"0\" allow=\"accelerometer; autoplay; encrypted-media; gyroscope; picture-in-picture\" allowfullscreen><\/iframe><\/div>\n<\/div><\/figure>\n","protected":false},"excerpt":{"rendered":"<p>El 24 de octubre del a\u00f1o 2019 el reconocido rapero cristiano Toby Mac perdi\u00f3 a su hijo primog\u00e9nito Truett Foster Mckeehan&nbsp; de 21 a\u00f1os, aun no se saben las causas de su muerte, el pasado 9 de enero Toby lanzo su nueva canci\u00f3n en la que habla sobre la muerte de su hijo, del dolor [&hellip;]<\/p>\n","protected":false},"author":3,"featured_media":7639,"comment_status":"open","ping_status":"open","sticky":false,"template":"","format":"standard","meta":[],"categories":[56],"tags":[],"yoast_head":"<!-- This site is optimized with the Yoast SEO plugin v20.8 - https:\/\/yoast.com\/wordpress\/plugins\/seo\/ -->\n<title>Toby Mac lanza canci\u00f3n en memoria de su hijo de 21 a\u00f1os quien falleci\u00f3 - La Prensa Cristiana<\/title>\n<meta name=\"robots\" content=\"index, follow, max-snippet:-1, max-image-preview:large, max-video-preview:-1\" \/>\n<link rel=\"canonical\" href=\"https:\/\/laprensacristiana.com\/?p=7638\" \/>\n<meta property=\"og:locale\" content=\"es_ES\" \/>\n<meta property=\"og:type\" content=\"article\" \/>\n<meta property=\"og:title\" content=\"Toby Mac lanza canci\u00f3n en memoria de su hijo de 21 a\u00f1os quien falleci\u00f3 - La Prensa Cristiana\" \/>\n<meta property=\"og:description\" content=\"El 24 de octubre del a\u00f1o 2019 el reconocido rapero cristiano Toby Mac perdi\u00f3 a su hijo primog\u00e9nito Truett Foster Mckeehan&nbsp; de 21 a\u00f1os, aun no se saben las causas de su muerte, el pasado 9 de enero Toby lanzo su nueva canci\u00f3n en la que habla sobre la muerte de su hijo, del dolor [&hellip;]\" \/>\n<meta property=\"og:url\" content=\"https:\/\/laprensacristiana.com\/?p=7638\" \/>\n<meta property=\"og:site_name\" content=\"La Prensa Cristiana\" \/>\n<meta property=\"article:published_time\" content=\"2020-01-10T18:04:24+00:00\" \/>\n<meta property=\"article:modified_time\" content=\"2020-01-10T19:28:10+00:00\" \/>\n<meta property=\"og:image\" content=\"https:\/\/laprensacristiana.com\/wp-content\/uploads\/2020\/01\/WhatsApp-Image-2020-01-10-at-11.26.21.jpeg\" \/>\n\t<meta property=\"og:image:width\" content=\"720\" \/>\n\t<meta property=\"og:image:height\" content=\"721\" \/>\n\t<meta property=\"og:image:type\" content=\"image\/jpeg\" \/>\n<meta name=\"author\" content=\"EDITOR\" \/>\n<meta name=\"twitter:card\" content=\"summary_large_image\" \/>\n<meta name=\"twitter:label1\" content=\"Escrito por\" \/>\n\t<meta name=\"twitter:data1\" content=\"EDITOR\" \/>\n\t<meta name=\"twitter:label2\" content=\"Tiempo de lectura\" \/>\n\t<meta name=\"twitter:data2\" content=\"1 minuto\" \/>\n<script type=\"application\/ld+json\" class=\"yoast-schema-graph\">{\"@context\":\"https:\/\/schema.org\",\"@graph\":[{\"@type\":\"WebPage\",\"@id\":\"https:\/\/laprensacristiana.com\/?p=7638\",\"url\":\"https:\/\/laprensacristiana.com\/?p=7638\",\"name\":\"Toby Mac lanza canci\u00f3n en memoria de su hijo de 21 a\u00f1os quien falleci\u00f3 - La Prensa Cristiana\",\"isPartOf\":{\"@id\":\"https:\/\/laprensacristiana.com\/#website\"},\"datePublished\":\"2020-01-10T18:04:24+00:00\",\"dateModified\":\"2020-01-10T19:28:10+00:00\",\"author\":{\"@id\":\"https:\/\/laprensacristiana.com\/#\/schema\/person\/3e7d82c6bfd6b1fa67010f8f7cd5256e\"},\"breadcrumb\":{\"@id\":\"https:\/\/laprensacristiana.com\/?p=7638#breadcrumb\"},\"inLanguage\":\"es\",\"potentialAction\":[{\"@type\":\"ReadAction\",\"target\":[\"https:\/\/laprensacristiana.com\/?p=7638\"]}]},{\"@type\":\"BreadcrumbList\",\"@id\":\"https:\/\/laprensacristiana.com\/?p=7638#breadcrumb\",\"itemListElement\":[{\"@type\":\"ListItem\",\"position\":1,\"name\":\"Portada\",\"item\":\"https:\/\/laprensacristiana.com\/\"},{\"@type\":\"ListItem\",\"position\":2,\"name\":\"Toby Mac lanza canci\u00f3n en memoria de su hijo de 21 a\u00f1os quien falleci\u00f3\"}]},{\"@type\":\"WebSite\",\"@id\":\"https:\/\/laprensacristiana.com\/#website\",\"url\":\"https:\/\/laprensacristiana.com\/\",\"name\":\"La Prensa Cristiana\",\"description\":\"Anunciando Las Buenas Nuevas\",\"potentialAction\":[{\"@type\":\"SearchAction\",\"target\":{\"@type\":\"EntryPoint\",\"urlTemplate\":\"https:\/\/laprensacristiana.com\/?s={search_term_string}\"},\"query-input\":\"required name=search_term_string\"}],\"inLanguage\":\"es\"},{\"@type\":\"Person\",\"@id\":\"https:\/\/laprensacristiana.com\/#\/schema\/person\/3e7d82c6bfd6b1fa67010f8f7cd5256e\",\"name\":\"EDITOR\",\"image\":{\"@type\":\"ImageObject\",\"inLanguage\":\"es\",\"@id\":\"https:\/\/laprensacristiana.com\/#\/schema\/person\/image\/\",\"url\":\"https:\/\/secure.gravatar.com\/avatar\/72069dfb6c13772d9e8381e3638666d2?s=96&d=mm&r=g\",\"contentUrl\":\"https:\/\/secure.gravatar.com\/avatar\/72069dfb6c13772d9e8381e3638666d2?s=96&d=mm&r=g\",\"caption\":\"EDITOR\"},\"url\":\"https:\/\/laprensacristiana.com\/?author=3\"}]}<\/script>\n<!-- \/ Yoast SEO plugin. -->","yoast_head_json":{"title":"Toby Mac lanza canci\u00f3n en memoria de su hijo de 21 a\u00f1os quien falleci\u00f3 - La Prensa Cristiana","robots":{"index":"index","follow":"follow","max-snippet":"max-snippet:-1","max-image-preview":"max-image-preview:large","max-video-preview":"max-video-preview:-1"},"canonical":"https:\/\/laprensacristiana.com\/?p=7638","og_locale":"es_ES","og_type":"article","og_title":"Toby Mac lanza canci\u00f3n en memoria de su hijo de 21 a\u00f1os quien falleci\u00f3 - La Prensa Cristiana","og_description":"El 24 de octubre del a\u00f1o 2019 el reconocido rapero cristiano Toby Mac perdi\u00f3 a su hijo primog\u00e9nito Truett Foster Mckeehan&nbsp; de 21 a\u00f1os, aun no se saben las causas de su muerte, el pasado 9 de enero Toby lanzo su nueva canci\u00f3n en la que habla sobre la muerte de su hijo, del dolor [&hellip;]","og_url":"https:\/\/laprensacristiana.com\/?p=7638","og_site_name":"La Prensa Cristiana","article_published_time":"2020-01-10T18:04:24+00:00","article_modified_time":"2020-01-10T19:28:10+00:00","og_image":[{"width":720,"height":721,"url":"https:\/\/laprensacristiana.com\/wp-content\/uploads\/2020\/01\/WhatsApp-Image-2020-01-10-at-11.26.21.jpeg","type":"image\/jpeg"}],"author":"EDITOR","twitter_card":"summary_large_image","twitter_misc":{"Escrito por":"EDITOR","Tiempo de lectura":"1 minuto"},"schema":{"@context":"https:\/\/schema.org","@graph":[{"@type":"WebPage","@id":"https:\/\/laprensacristiana.com\/?p=7638","url":"https:\/\/laprensacristiana.com\/?p=7638","name":"Toby Mac lanza canci\u00f3n en memoria de su hijo de 21 a\u00f1os quien falleci\u00f3 - La Prensa Cristiana","isPartOf":{"@id":"https:\/\/laprensacristiana.com\/#website"},"datePublished":"2020-01-10T18:04:24+00:00","dateModified":"2020-01-10T19:28:10+00:00","author":{"@id":"https:\/\/laprensacristiana.com\/#\/schema\/person\/3e7d82c6bfd6b1fa67010f8f7cd5256e"},"breadcrumb":{"@id":"https:\/\/laprensacristiana.com\/?p=7638#breadcrumb"},"inLanguage":"es","potentialAction":[{"@type":"ReadAction","target":["https:\/\/laprensacristiana.com\/?p=7638"]}]},{"@type":"BreadcrumbList","@id":"https:\/\/laprensacristiana.com\/?p=7638#breadcrumb","itemListElement":[{"@type":"ListItem","position":1,"name":"Portada","item":"https:\/\/laprensacristiana.com\/"},{"@type":"ListItem","position":2,"name":"Toby Mac lanza canci\u00f3n en memoria de su hijo de 21 a\u00f1os quien falleci\u00f3"}]},{"@type":"WebSite","@id":"https:\/\/laprensacristiana.com\/#website","url":"https:\/\/laprensacristiana.com\/","name":"La Prensa Cristiana","description":"Anunciando Las Buenas Nuevas","potentialAction":[{"@type":"SearchAction","target":{"@type":"EntryPoint","urlTemplate":"https:\/\/laprensacristiana.com\/?s={search_term_string}"},"query-input":"required name=search_term_string"}],"inLanguage":"es"},{"@type":"Person","@id":"https:\/\/laprensacristiana.com\/#\/schema\/person\/3e7d82c6bfd6b1fa67010f8f7cd5256e","name":"EDITOR","image":{"@type":"ImageObject","inLanguage":"es","@id":"https:\/\/laprensacristiana.com\/#\/schema\/person\/image\/","url":"https:\/\/secure.gravatar.com\/avatar\/72069dfb6c13772d9e8381e3638666d2?s=96&d=mm&r=g","contentUrl":"https:\/\/secure.gravatar.com\/avatar\/72069dfb6c13772d9e8381e3638666d2?s=96&d=mm&r=g","caption":"EDITOR"},"url":"https:\/\/laprensacristiana.com\/?author=3"}]}},"_links":{"self":[{"href":"https:\/\/laprensacristiana.com\/index.php?rest_route=\/wp\/v2\/posts\/7638"}],"collection":[{"href":"https:\/\/laprensacristiana.com\/index.php?rest_route=\/wp\/v2\/posts"}],"about":[{"href":"https:\/\/laprensacristiana.com\/index.php?rest_route=\/wp\/v2\/types\/post"}],"author":[{"embeddable":true,"href":"https:\/\/laprensacristiana.com\/index.php?rest_route=\/wp\/v2\/users\/3"}],"replies":[{"embeddable":true,"href":"https:\/\/laprensacristiana.com\/index.php?rest_route=%2Fwp%2Fv2%2Fcomments&post=7638"}],"version-history":[{"count":2,"href":"https:\/\/laprensacristiana.com\/index.php?rest_route=\/wp\/v2\/posts\/7638\/revisions"}],"predecessor-version":[{"id":7641,"href":"https:\/\/laprensacristiana.com\/index.php?rest_route=\/wp\/v2\/posts\/7638\/revisions\/7641"}],"wp:featuredmedia":[{"embeddable":true,"href":"https:\/\/laprensacristiana.com\/index.php?rest_route=\/wp\/v2\/media\/7639"}],"wp:attachment":[{"href":"https:\/\/laprensacristiana.com\/index.php?rest_route=%2Fwp%2Fv2%2Fmedia&parent=7638"}],"wp:term":[{"taxonomy":"category","embeddable":true,"href":"https:\/\/laprensacristiana.com\/index.php?rest_route=%2Fwp%2Fv2%2Fcategories&post=7638"},{"taxonomy":"post_tag","embeddable":true,"href":"https:\/\/laprensacristiana.com\/index.php?rest_route=%2Fwp%2Fv2%2Ftags&post=7638"}],"curies":[{"name":"wp","href":"https:\/\/api.w.org\/{rel}","templated":true}]}}