{"id":7642,"date":"2020-01-10T20:40:07","date_gmt":"2020-01-10T20:40:07","guid":{"rendered":"https:\/\/laprensacristiana.com\/?p=7642"},"modified":"2020-01-10T20:40:10","modified_gmt":"2020-01-10T20:40:10","slug":"por-segunda-ocasion-se-impartira-el-diplomado-la-accion-pastoral-frente-a-la-violencia-feminicida-y-los-embarazos-en-ninas-y-adolescentes","status":"publish","type":"post","link":"https:\/\/laprensacristiana.com\/?p=7642","title":{"rendered":"Por segunda ocasi\u00f3n se impartir\u00e1 el diplomado \u201cLa acci\u00f3n pastoral frente a la violencia feminicida y los embarazos en ni\u00f1as y adolescentes\u201d"},"content":{"rendered":"\n<p>La Universidad Evang\u00e9lica de El Salvador en conjunto con el\nFondo de Poblaci\u00f3n de las Naciones Unidas (UNFPA) en el marco de su programa\nSpotlight que es la iniciativa centrada en eliminar toda clase de violencia\ncontra las mujeres y las ni\u00f1as, crearon el primer diplomado en \u201cacci\u00f3n pastoral\nfrente&nbsp; a la violencia feminicida y los\nembarazos en ni\u00f1as y adolescentes\u201d y por segunda ocasi\u00f3n se abre el espacio\npara los que est\u00e9n interesados en accionar a favor de esta problem\u00e1tica de\npa\u00eds. <\/p>\n\n\n\n<p>En el diplomado se pretende analizar el contexto salvadore\u00f1o\nrespecto a la violencia feminicida con el fin de establecer las bases\nb\u00edblico-teol\u00f3gicas que permitan un abordaje pastoral para la prevenci\u00f3n,\ndetecci\u00f3n, atenci\u00f3n y restituci\u00f3n de derechos ante casos de violencia\nfeminicida y embarazos en ni\u00f1as y adolescentes.<\/p>\n\n\n\n<p>Est\u00e1 dirigido a la comunidad acad\u00e9mica, pastores, liderazgo\nde comunidades y organizaciones basadas en la fe interesadas en una perspectiva\nb\u00edblica y de derechos humanos para desempe\u00f1ar con responsabilidad \u00e9tica-moral\nel ministerio pastoral y el liderazgo cristiano en la iglesia o comunidades de\nfe.<\/p>\n\n\n\n<p>Se busca lograr que la acci\u00f3n pastoral contribuya a la\nprevenci\u00f3n, protecci\u00f3n, atenci\u00f3n y restituci\u00f3n de los derechos de las v\u00edctimas\nde violencia feminicida y embarazos en ni\u00f1as y adolescentes identificadas en\nsus \u00e1mbitos de acci\u00f3n en el ejercicio de su liderazgo y a la construcci\u00f3n de\nmasculinidades no violentas que reconozcan la igualdad de derechos de las\nmujeres en todas las esferas de la vida.<\/p>\n\n\n\n<p>.El diplomado tiene una duraci\u00f3n de 5 meses con una\nmodalidad semipresencial, esto permitir\u00e1 a los grupos asistir a 3 m\u00f3dulos\npresenciales y 2 m\u00f3dulos virtuales, ser\u00e1 impartido los d\u00edas s\u00e1bados de 7:00 am\na 12:00 m, iniciando el 08 de febrero del presente a\u00f1o. Contar\u00e1 con 2 sedes,\nSan Salvador: Campus Universidad Evang\u00e9lica de El Salvador,&nbsp; San Miguel: Misi\u00f3n Cristiana Elim, el\nLicenciado Gabriel Gir\u00f3n es la persona encargada y puede contactarse a trav\u00e9s\ndel Tel\u00e9fono 2275-4008. o al correo gabriel.giron@uees.edu.sv<\/p>\n","protected":false},"excerpt":{"rendered":"<p>La Universidad Evang\u00e9lica de El Salvador en conjunto con el Fondo de Poblaci\u00f3n de las Naciones Unidas (UNFPA) en el marco de su programa Spotlight que es la iniciativa centrada en eliminar toda clase de violencia contra las mujeres y las ni\u00f1as, crearon el primer diplomado en \u201cacci\u00f3n pastoral frente&nbsp; a la violencia feminicida y [&hellip;]<\/p>\n","protected":false},"author":3,"featured_media":7643,"comment_status":"open","ping_status":"open","sticky":false,"template":"","format":"standard","meta":[],"categories":[56],"tags":[],"yoast_head":"<!-- This site is optimized with the Yoast SEO plugin v20.8 - https:\/\/yoast.com\/wordpress\/plugins\/seo\/ -->\n<title>Por segunda ocasi\u00f3n se impartir\u00e1 el diplomado \u201cLa acci\u00f3n pastoral frente a la violencia feminicida y los embarazos en ni\u00f1as y adolescentes\u201d - La Prensa Cristiana<\/title>\n<meta name=\"robots\" content=\"index, follow, max-snippet:-1, max-image-preview:large, max-video-preview:-1\" \/>\n<link rel=\"canonical\" href=\"https:\/\/laprensacristiana.com\/?p=7642\" \/>\n<meta property=\"og:locale\" content=\"es_ES\" \/>\n<meta property=\"og:type\" content=\"article\" \/>\n<meta property=\"og:title\" content=\"Por segunda ocasi\u00f3n se impartir\u00e1 el diplomado \u201cLa acci\u00f3n pastoral frente a la violencia feminicida y los embarazos en ni\u00f1as y adolescentes\u201d - La Prensa Cristiana\" \/>\n<meta property=\"og:description\" content=\"La Universidad Evang\u00e9lica de El Salvador en conjunto con el Fondo de Poblaci\u00f3n de las Naciones Unidas (UNFPA) en el marco de su programa Spotlight que es la iniciativa centrada en eliminar toda clase de violencia contra las mujeres y las ni\u00f1as, crearon el primer diplomado en \u201cacci\u00f3n pastoral frente&nbsp; a la violencia feminicida y [&hellip;]\" \/>\n<meta property=\"og:url\" content=\"https:\/\/laprensacristiana.com\/?p=7642\" \/>\n<meta property=\"og:site_name\" content=\"La Prensa Cristiana\" \/>\n<meta property=\"article:published_time\" content=\"2020-01-10T20:40:07+00:00\" \/>\n<meta property=\"article:modified_time\" content=\"2020-01-10T20:40:10+00:00\" \/>\n<meta property=\"og:image\" content=\"https:\/\/laprensacristiana.com\/wp-content\/uploads\/2020\/01\/FOTO-DE-PORTADA-696x521.jpeg\" \/>\n\t<meta property=\"og:image:width\" content=\"696\" \/>\n\t<meta property=\"og:image:height\" content=\"521\" \/>\n\t<meta property=\"og:image:type\" content=\"image\/jpeg\" \/>\n<meta name=\"author\" content=\"EDITOR\" \/>\n<meta name=\"twitter:card\" content=\"summary_large_image\" \/>\n<meta name=\"twitter:label1\" content=\"Escrito por\" \/>\n\t<meta name=\"twitter:data1\" content=\"EDITOR\" \/>\n\t<meta name=\"twitter:label2\" content=\"Tiempo de lectura\" \/>\n\t<meta name=\"twitter:data2\" content=\"2 minutos\" \/>\n<script type=\"application\/ld+json\" class=\"yoast-schema-graph\">{\"@context\":\"https:\/\/schema.org\",\"@graph\":[{\"@type\":\"WebPage\",\"@id\":\"https:\/\/laprensacristiana.com\/?p=7642\",\"url\":\"https:\/\/laprensacristiana.com\/?p=7642\",\"name\":\"Por segunda ocasi\u00f3n se impartir\u00e1 el diplomado \u201cLa acci\u00f3n pastoral frente a la violencia feminicida y los embarazos en ni\u00f1as y adolescentes\u201d - La Prensa Cristiana\",\"isPartOf\":{\"@id\":\"https:\/\/laprensacristiana.com\/#website\"},\"datePublished\":\"2020-01-10T20:40:07+00:00\",\"dateModified\":\"2020-01-10T20:40:10+00:00\",\"author\":{\"@id\":\"https:\/\/laprensacristiana.com\/#\/schema\/person\/3e7d82c6bfd6b1fa67010f8f7cd5256e\"},\"breadcrumb\":{\"@id\":\"https:\/\/laprensacristiana.com\/?p=7642#breadcrumb\"},\"inLanguage\":\"es\",\"potentialAction\":[{\"@type\":\"ReadAction\",\"target\":[\"https:\/\/laprensacristiana.com\/?p=7642\"]}]},{\"@type\":\"BreadcrumbList\",\"@id\":\"https:\/\/laprensacristiana.com\/?p=7642#breadcrumb\",\"itemListElement\":[{\"@type\":\"ListItem\",\"position\":1,\"name\":\"Portada\",\"item\":\"https:\/\/laprensacristiana.com\/\"},{\"@type\":\"ListItem\",\"position\":2,\"name\":\"Por segunda ocasi\u00f3n se impartir\u00e1 el diplomado \u201cLa acci\u00f3n pastoral frente a la violencia feminicida y los embarazos en ni\u00f1as y adolescentes\u201d\"}]},{\"@type\":\"WebSite\",\"@id\":\"https:\/\/laprensacristiana.com\/#website\",\"url\":\"https:\/\/laprensacristiana.com\/\",\"name\":\"La Prensa Cristiana\",\"description\":\"Anunciando Las Buenas Nuevas\",\"potentialAction\":[{\"@type\":\"SearchAction\",\"target\":{\"@type\":\"EntryPoint\",\"urlTemplate\":\"https:\/\/laprensacristiana.com\/?s={search_term_string}\"},\"query-input\":\"required name=search_term_string\"}],\"inLanguage\":\"es\"},{\"@type\":\"Person\",\"@id\":\"https:\/\/laprensacristiana.com\/#\/schema\/person\/3e7d82c6bfd6b1fa67010f8f7cd5256e\",\"name\":\"EDITOR\",\"image\":{\"@type\":\"ImageObject\",\"inLanguage\":\"es\",\"@id\":\"https:\/\/laprensacristiana.com\/#\/schema\/person\/image\/\",\"url\":\"https:\/\/secure.gravatar.com\/avatar\/72069dfb6c13772d9e8381e3638666d2?s=96&d=mm&r=g\",\"contentUrl\":\"https:\/\/secure.gravatar.com\/avatar\/72069dfb6c13772d9e8381e3638666d2?s=96&d=mm&r=g\",\"caption\":\"EDITOR\"},\"url\":\"https:\/\/laprensacristiana.com\/?author=3\"}]}<\/script>\n<!-- \/ Yoast SEO plugin. -->","yoast_head_json":{"title":"Por segunda ocasi\u00f3n se impartir\u00e1 el diplomado \u201cLa acci\u00f3n pastoral frente a la violencia feminicida y los embarazos en ni\u00f1as y adolescentes\u201d - La Prensa Cristiana","robots":{"index":"index","follow":"follow","max-snippet":"max-snippet:-1","max-image-preview":"max-image-preview:large","max-video-preview":"max-video-preview:-1"},"canonical":"https:\/\/laprensacristiana.com\/?p=7642","og_locale":"es_ES","og_type":"article","og_title":"Por segunda ocasi\u00f3n se impartir\u00e1 el diplomado \u201cLa acci\u00f3n pastoral frente a la violencia feminicida y los embarazos en ni\u00f1as y adolescentes\u201d - La Prensa Cristiana","og_description":"La Universidad Evang\u00e9lica de El Salvador en conjunto con el Fondo de Poblaci\u00f3n de las Naciones Unidas (UNFPA) en el marco de su programa Spotlight que es la iniciativa centrada en eliminar toda clase de violencia contra las mujeres y las ni\u00f1as, crearon el primer diplomado en \u201cacci\u00f3n pastoral frente&nbsp; a la violencia feminicida y [&hellip;]","og_url":"https:\/\/laprensacristiana.com\/?p=7642","og_site_name":"La Prensa Cristiana","article_published_time":"2020-01-10T20:40:07+00:00","article_modified_time":"2020-01-10T20:40:10+00:00","og_image":[{"width":696,"height":521,"url":"https:\/\/laprensacristiana.com\/wp-content\/uploads\/2020\/01\/FOTO-DE-PORTADA-696x521.jpeg","type":"image\/jpeg"}],"author":"EDITOR","twitter_card":"summary_large_image","twitter_misc":{"Escrito por":"EDITOR","Tiempo de lectura":"2 minutos"},"schema":{"@context":"https:\/\/schema.org","@graph":[{"@type":"WebPage","@id":"https:\/\/laprensacristiana.com\/?p=7642","url":"https:\/\/laprensacristiana.com\/?p=7642","name":"Por segunda ocasi\u00f3n se impartir\u00e1 el diplomado \u201cLa acci\u00f3n pastoral frente a la violencia feminicida y los embarazos en ni\u00f1as y adolescentes\u201d - La Prensa Cristiana","isPartOf":{"@id":"https:\/\/laprensacristiana.com\/#website"},"datePublished":"2020-01-10T20:40:07+00:00","dateModified":"2020-01-10T20:40:10+00:00","author":{"@id":"https:\/\/laprensacristiana.com\/#\/schema\/person\/3e7d82c6bfd6b1fa67010f8f7cd5256e"},"breadcrumb":{"@id":"https:\/\/laprensacristiana.com\/?p=7642#breadcrumb"},"inLanguage":"es","potentialAction":[{"@type":"ReadAction","target":["https:\/\/laprensacristiana.com\/?p=7642"]}]},{"@type":"BreadcrumbList","@id":"https:\/\/laprensacristiana.com\/?p=7642#breadcrumb","itemListElement":[{"@type":"ListItem","position":1,"name":"Portada","item":"https:\/\/laprensacristiana.com\/"},{"@type":"ListItem","position":2,"name":"Por segunda ocasi\u00f3n se impartir\u00e1 el diplomado \u201cLa acci\u00f3n pastoral frente a la violencia feminicida y los embarazos en ni\u00f1as y adolescentes\u201d"}]},{"@type":"WebSite","@id":"https:\/\/laprensacristiana.com\/#website","url":"https:\/\/laprensacristiana.com\/","name":"La Prensa Cristiana","description":"Anunciando Las Buenas Nuevas","potentialAction":[{"@type":"SearchAction","target":{"@type":"EntryPoint","urlTemplate":"https:\/\/laprensacristiana.com\/?s={search_term_string}"},"query-input":"required name=search_term_string"}],"inLanguage":"es"},{"@type":"Person","@id":"https:\/\/laprensacristiana.com\/#\/schema\/person\/3e7d82c6bfd6b1fa67010f8f7cd5256e","name":"EDITOR","image":{"@type":"ImageObject","inLanguage":"es","@id":"https:\/\/laprensacristiana.com\/#\/schema\/person\/image\/","url":"https:\/\/secure.gravatar.com\/avatar\/72069dfb6c13772d9e8381e3638666d2?s=96&d=mm&r=g","contentUrl":"https:\/\/secure.gravatar.com\/avatar\/72069dfb6c13772d9e8381e3638666d2?s=96&d=mm&r=g","caption":"EDITOR"},"url":"https:\/\/laprensacristiana.com\/?author=3"}]}},"_links":{"self":[{"href":"https:\/\/laprensacristiana.com\/index.php?rest_route=\/wp\/v2\/posts\/7642"}],"collection":[{"href":"https:\/\/laprensacristiana.com\/index.php?rest_route=\/wp\/v2\/posts"}],"about":[{"href":"https:\/\/laprensacristiana.com\/index.php?rest_route=\/wp\/v2\/types\/post"}],"author":[{"embeddable":true,"href":"https:\/\/laprensacristiana.com\/index.php?rest_route=\/wp\/v2\/users\/3"}],"replies":[{"embeddable":true,"href":"https:\/\/laprensacristiana.com\/index.php?rest_route=%2Fwp%2Fv2%2Fcomments&post=7642"}],"version-history":[{"count":1,"href":"https:\/\/laprensacristiana.com\/index.php?rest_route=\/wp\/v2\/posts\/7642\/revisions"}],"predecessor-version":[{"id":7644,"href":"https:\/\/laprensacristiana.com\/index.php?rest_route=\/wp\/v2\/posts\/7642\/revisions\/7644"}],"wp:featuredmedia":[{"embeddable":true,"href":"https:\/\/laprensacristiana.com\/index.php?rest_route=\/wp\/v2\/media\/7643"}],"wp:attachment":[{"href":"https:\/\/laprensacristiana.com\/index.php?rest_route=%2Fwp%2Fv2%2Fmedia&parent=7642"}],"wp:term":[{"taxonomy":"category","embeddable":true,"href":"https:\/\/laprensacristiana.com\/index.php?rest_route=%2Fwp%2Fv2%2Fcategories&post=7642"},{"taxonomy":"post_tag","embeddable":true,"href":"https:\/\/laprensacristiana.com\/index.php?rest_route=%2Fwp%2Fv2%2Ftags&post=7642"}],"curies":[{"name":"wp","href":"https:\/\/api.w.org\/{rel}","templated":true}]}}