{"id":7648,"date":"2020-01-10T23:40:50","date_gmt":"2020-01-10T23:40:50","guid":{"rendered":"https:\/\/laprensacristiana.com\/?p=7648"},"modified":"2020-01-11T00:16:53","modified_gmt":"2020-01-11T00:16:53","slug":"especialidades-juveniles-pide-oracion-por-los-cristianos-y-misioneros-del-medio-oriente","status":"publish","type":"post","link":"https:\/\/laprensacristiana.com\/?p=7648","title":{"rendered":"Especialidades625  pide oraci\u00f3n por los cristianos y misioneros del Medio Oriente"},"content":{"rendered":"\n<p>Especialidades Juveniles considera que cada vez que en el Medio Oriente hay conflictos con occidente, aumenta el rechazo y la persecuci\u00f3n de cristianos en esos pa\u00edses y por eso solicitan orar por ellos, haciendo \u00e9nfasis en los misioneros que se encuentran en esos pa\u00edses y a los que se les dificulta a\u00fan m\u00e1s hacer su tarea.<br>  <br> Seg\u00fan el ministerio Puertas Abiertas de un total de 50 pa\u00edses en los que los cristianos sufren mayor persecuci\u00f3n los pa\u00edses de Medio Oriente se encuentran entre los primeros 20, m\u00e1s de 245 millones de cristianos sufren persecuci\u00f3n en el mundo.<\/p>\n","protected":false},"excerpt":{"rendered":"<p>Especialidades Juveniles considera que cada vez que en el Medio Oriente hay conflictos con occidente, aumenta el rechazo y la persecuci\u00f3n de cristianos en esos pa\u00edses y por eso solicitan orar por ellos, haciendo \u00e9nfasis en los misioneros que se encuentran en esos pa\u00edses y a los que se les dificulta a\u00fan m\u00e1s hacer su [&hellip;]<\/p>\n","protected":false},"author":3,"featured_media":7650,"comment_status":"open","ping_status":"open","sticky":false,"template":"","format":"standard","meta":[],"categories":[56],"tags":[],"yoast_head":"<!-- This site is optimized with the Yoast SEO plugin v20.8 - https:\/\/yoast.com\/wordpress\/plugins\/seo\/ -->\n<title>Especialidades625 pide oraci\u00f3n por los cristianos y misioneros del Medio Oriente - La Prensa Cristiana<\/title>\n<meta name=\"robots\" content=\"index, follow, max-snippet:-1, max-image-preview:large, max-video-preview:-1\" \/>\n<link rel=\"canonical\" href=\"https:\/\/laprensacristiana.com\/?p=7648\" \/>\n<meta property=\"og:locale\" content=\"es_ES\" \/>\n<meta property=\"og:type\" content=\"article\" \/>\n<meta property=\"og:title\" content=\"Especialidades625 pide oraci\u00f3n por los cristianos y misioneros del Medio Oriente - La Prensa Cristiana\" \/>\n<meta property=\"og:description\" content=\"Especialidades Juveniles considera que cada vez que en el Medio Oriente hay conflictos con occidente, aumenta el rechazo y la persecuci\u00f3n de cristianos en esos pa\u00edses y por eso solicitan orar por ellos, haciendo \u00e9nfasis en los misioneros que se encuentran en esos pa\u00edses y a los que se les dificulta a\u00fan m\u00e1s hacer su [&hellip;]\" \/>\n<meta property=\"og:url\" content=\"https:\/\/laprensacristiana.com\/?p=7648\" \/>\n<meta property=\"og:site_name\" content=\"La Prensa Cristiana\" \/>\n<meta property=\"article:published_time\" content=\"2020-01-10T23:40:50+00:00\" \/>\n<meta property=\"article:modified_time\" content=\"2020-01-11T00:16:53+00:00\" \/>\n<meta property=\"og:image\" content=\"https:\/\/laprensacristiana.com\/wp-content\/uploads\/2020\/01\/IMG_20200110_150052.jpg\" \/>\n\t<meta property=\"og:image:width\" content=\"2048\" \/>\n\t<meta property=\"og:image:height\" content=\"2048\" \/>\n\t<meta property=\"og:image:type\" content=\"image\/jpeg\" \/>\n<meta name=\"author\" content=\"EDITOR\" \/>\n<meta name=\"twitter:card\" content=\"summary_large_image\" \/>\n<meta name=\"twitter:label1\" content=\"Escrito por\" \/>\n\t<meta name=\"twitter:data1\" content=\"EDITOR\" \/>\n\t<meta name=\"twitter:label2\" content=\"Tiempo de lectura\" \/>\n\t<meta name=\"twitter:data2\" content=\"1 minuto\" \/>\n<script type=\"application\/ld+json\" class=\"yoast-schema-graph\">{\"@context\":\"https:\/\/schema.org\",\"@graph\":[{\"@type\":\"WebPage\",\"@id\":\"https:\/\/laprensacristiana.com\/?p=7648\",\"url\":\"https:\/\/laprensacristiana.com\/?p=7648\",\"name\":\"Especialidades625 pide oraci\u00f3n por los cristianos y misioneros del Medio Oriente - La Prensa Cristiana\",\"isPartOf\":{\"@id\":\"https:\/\/laprensacristiana.com\/#website\"},\"datePublished\":\"2020-01-10T23:40:50+00:00\",\"dateModified\":\"2020-01-11T00:16:53+00:00\",\"author\":{\"@id\":\"https:\/\/laprensacristiana.com\/#\/schema\/person\/3e7d82c6bfd6b1fa67010f8f7cd5256e\"},\"breadcrumb\":{\"@id\":\"https:\/\/laprensacristiana.com\/?p=7648#breadcrumb\"},\"inLanguage\":\"es\",\"potentialAction\":[{\"@type\":\"ReadAction\",\"target\":[\"https:\/\/laprensacristiana.com\/?p=7648\"]}]},{\"@type\":\"BreadcrumbList\",\"@id\":\"https:\/\/laprensacristiana.com\/?p=7648#breadcrumb\",\"itemListElement\":[{\"@type\":\"ListItem\",\"position\":1,\"name\":\"Portada\",\"item\":\"https:\/\/laprensacristiana.com\/\"},{\"@type\":\"ListItem\",\"position\":2,\"name\":\"Especialidades625 pide oraci\u00f3n por los cristianos y misioneros del Medio Oriente\"}]},{\"@type\":\"WebSite\",\"@id\":\"https:\/\/laprensacristiana.com\/#website\",\"url\":\"https:\/\/laprensacristiana.com\/\",\"name\":\"La Prensa Cristiana\",\"description\":\"Anunciando Las Buenas Nuevas\",\"potentialAction\":[{\"@type\":\"SearchAction\",\"target\":{\"@type\":\"EntryPoint\",\"urlTemplate\":\"https:\/\/laprensacristiana.com\/?s={search_term_string}\"},\"query-input\":\"required name=search_term_string\"}],\"inLanguage\":\"es\"},{\"@type\":\"Person\",\"@id\":\"https:\/\/laprensacristiana.com\/#\/schema\/person\/3e7d82c6bfd6b1fa67010f8f7cd5256e\",\"name\":\"EDITOR\",\"image\":{\"@type\":\"ImageObject\",\"inLanguage\":\"es\",\"@id\":\"https:\/\/laprensacristiana.com\/#\/schema\/person\/image\/\",\"url\":\"https:\/\/secure.gravatar.com\/avatar\/72069dfb6c13772d9e8381e3638666d2?s=96&d=mm&r=g\",\"contentUrl\":\"https:\/\/secure.gravatar.com\/avatar\/72069dfb6c13772d9e8381e3638666d2?s=96&d=mm&r=g\",\"caption\":\"EDITOR\"},\"url\":\"https:\/\/laprensacristiana.com\/?author=3\"}]}<\/script>\n<!-- \/ Yoast SEO plugin. -->","yoast_head_json":{"title":"Especialidades625 pide oraci\u00f3n por los cristianos y misioneros del Medio Oriente - La Prensa Cristiana","robots":{"index":"index","follow":"follow","max-snippet":"max-snippet:-1","max-image-preview":"max-image-preview:large","max-video-preview":"max-video-preview:-1"},"canonical":"https:\/\/laprensacristiana.com\/?p=7648","og_locale":"es_ES","og_type":"article","og_title":"Especialidades625 pide oraci\u00f3n por los cristianos y misioneros del Medio Oriente - La Prensa Cristiana","og_description":"Especialidades Juveniles considera que cada vez que en el Medio Oriente hay conflictos con occidente, aumenta el rechazo y la persecuci\u00f3n de cristianos en esos pa\u00edses y por eso solicitan orar por ellos, haciendo \u00e9nfasis en los misioneros que se encuentran en esos pa\u00edses y a los que se les dificulta a\u00fan m\u00e1s hacer su [&hellip;]","og_url":"https:\/\/laprensacristiana.com\/?p=7648","og_site_name":"La Prensa Cristiana","article_published_time":"2020-01-10T23:40:50+00:00","article_modified_time":"2020-01-11T00:16:53+00:00","og_image":[{"width":2048,"height":2048,"url":"https:\/\/laprensacristiana.com\/wp-content\/uploads\/2020\/01\/IMG_20200110_150052.jpg","type":"image\/jpeg"}],"author":"EDITOR","twitter_card":"summary_large_image","twitter_misc":{"Escrito por":"EDITOR","Tiempo de lectura":"1 minuto"},"schema":{"@context":"https:\/\/schema.org","@graph":[{"@type":"WebPage","@id":"https:\/\/laprensacristiana.com\/?p=7648","url":"https:\/\/laprensacristiana.com\/?p=7648","name":"Especialidades625 pide oraci\u00f3n por los cristianos y misioneros del Medio Oriente - La Prensa Cristiana","isPartOf":{"@id":"https:\/\/laprensacristiana.com\/#website"},"datePublished":"2020-01-10T23:40:50+00:00","dateModified":"2020-01-11T00:16:53+00:00","author":{"@id":"https:\/\/laprensacristiana.com\/#\/schema\/person\/3e7d82c6bfd6b1fa67010f8f7cd5256e"},"breadcrumb":{"@id":"https:\/\/laprensacristiana.com\/?p=7648#breadcrumb"},"inLanguage":"es","potentialAction":[{"@type":"ReadAction","target":["https:\/\/laprensacristiana.com\/?p=7648"]}]},{"@type":"BreadcrumbList","@id":"https:\/\/laprensacristiana.com\/?p=7648#breadcrumb","itemListElement":[{"@type":"ListItem","position":1,"name":"Portada","item":"https:\/\/laprensacristiana.com\/"},{"@type":"ListItem","position":2,"name":"Especialidades625 pide oraci\u00f3n por los cristianos y misioneros del Medio Oriente"}]},{"@type":"WebSite","@id":"https:\/\/laprensacristiana.com\/#website","url":"https:\/\/laprensacristiana.com\/","name":"La Prensa Cristiana","description":"Anunciando Las Buenas Nuevas","potentialAction":[{"@type":"SearchAction","target":{"@type":"EntryPoint","urlTemplate":"https:\/\/laprensacristiana.com\/?s={search_term_string}"},"query-input":"required name=search_term_string"}],"inLanguage":"es"},{"@type":"Person","@id":"https:\/\/laprensacristiana.com\/#\/schema\/person\/3e7d82c6bfd6b1fa67010f8f7cd5256e","name":"EDITOR","image":{"@type":"ImageObject","inLanguage":"es","@id":"https:\/\/laprensacristiana.com\/#\/schema\/person\/image\/","url":"https:\/\/secure.gravatar.com\/avatar\/72069dfb6c13772d9e8381e3638666d2?s=96&d=mm&r=g","contentUrl":"https:\/\/secure.gravatar.com\/avatar\/72069dfb6c13772d9e8381e3638666d2?s=96&d=mm&r=g","caption":"EDITOR"},"url":"https:\/\/laprensacristiana.com\/?author=3"}]}},"_links":{"self":[{"href":"https:\/\/laprensacristiana.com\/index.php?rest_route=\/wp\/v2\/posts\/7648"}],"collection":[{"href":"https:\/\/laprensacristiana.com\/index.php?rest_route=\/wp\/v2\/posts"}],"about":[{"href":"https:\/\/laprensacristiana.com\/index.php?rest_route=\/wp\/v2\/types\/post"}],"author":[{"embeddable":true,"href":"https:\/\/laprensacristiana.com\/index.php?rest_route=\/wp\/v2\/users\/3"}],"replies":[{"embeddable":true,"href":"https:\/\/laprensacristiana.com\/index.php?rest_route=%2Fwp%2Fv2%2Fcomments&post=7648"}],"version-history":[{"count":3,"href":"https:\/\/laprensacristiana.com\/index.php?rest_route=\/wp\/v2\/posts\/7648\/revisions"}],"predecessor-version":[{"id":7656,"href":"https:\/\/laprensacristiana.com\/index.php?rest_route=\/wp\/v2\/posts\/7648\/revisions\/7656"}],"wp:featuredmedia":[{"embeddable":true,"href":"https:\/\/laprensacristiana.com\/index.php?rest_route=\/wp\/v2\/media\/7650"}],"wp:attachment":[{"href":"https:\/\/laprensacristiana.com\/index.php?rest_route=%2Fwp%2Fv2%2Fmedia&parent=7648"}],"wp:term":[{"taxonomy":"category","embeddable":true,"href":"https:\/\/laprensacristiana.com\/index.php?rest_route=%2Fwp%2Fv2%2Fcategories&post=7648"},{"taxonomy":"post_tag","embeddable":true,"href":"https:\/\/laprensacristiana.com\/index.php?rest_route=%2Fwp%2Fv2%2Ftags&post=7648"}],"curies":[{"name":"wp","href":"https:\/\/api.w.org\/{rel}","templated":true}]}}