{"id":7657,"date":"2020-01-11T15:43:41","date_gmt":"2020-01-11T15:43:41","guid":{"rendered":"https:\/\/laprensacristiana.com\/?p=7657"},"modified":"2020-01-11T15:43:45","modified_gmt":"2020-01-11T15:43:45","slug":"christian-fest-live-anuncia-su-proxima-fecha-en-el-salvador","status":"publish","type":"post","link":"https:\/\/laprensacristiana.com\/?p=7657","title":{"rendered":"Christian Fest Live anuncia su pr\u00f3xima fecha en El Salvador"},"content":{"rendered":"\n<p>Christian Fest Live es un espacio dirigido a la juventud\npara compartir un tiempo especial y adorar al Se\u00f1or. Es Cristoc\u00e9ntrico pero\nest\u00e1 dise\u00f1ado para que las personas que no conocen el mensaje del evangelio\npuedan acercar su vida a Jes\u00fas. No solo es m\u00fasica, Christian Fest Live abre un\nespacio para que la palabra de Dios sea difundida y sobre todo hacer un llamado\npara todo aquel que aun no ha recibido a Jesucristo como su salvador. <\/p>\n\n\n\n<p>Es un ministerio que no pertenece a ninguna denominaci\u00f3n\nreligiosa, su misi\u00f3n es extender el evangelio a toda criatura y as\u00ed cumplir con\nla gran comisi\u00f3n, reforzar la conexi\u00f3n entre Dios y los j\u00f3venes, motiv\u00e1ndolos a\nque ocupen sus dones para ganar almas para Cristo.&nbsp; El evento es totalmente gratuito. <\/p>\n\n\n\n<p>El a\u00f1o pasado se llevo a cabo en el Centro de Ferias y\nConvenciones CIFCO, con lleno total, los organizadores lamentaron mucho que\ncientos de personas no lograran entrar al lugar, Por lo que este a\u00f1o ser\u00e1 en el\nestadio \u201cJorge M\u00e1gico Gonzalez\u201d el d\u00eda 14 de marzo. <\/p>\n\n\n\n<p>&nbsp;Danny Berrios, Marco\nBarrientos, el grupo Rojo y Funky fueron los cantantes invitados para esa\nocasi\u00f3n, este a\u00f1o aun no se ha dado a conocer el n\u00famero de cantantes que vienen\nal pa\u00eds, m\u00e1s sin embargo por el fondo utilizado en sus videos de expectativa&nbsp; se presume que Redimidos es uno de los\nconfirmados. <\/p>\n\n\n\n<p>Christian Fest&nbsp; Live\nestar\u00e1 anunciado a trav\u00e9s de sus redes sociales lo cantantes a participar.<\/p>\n","protected":false},"excerpt":{"rendered":"<p>Christian Fest Live es un espacio dirigido a la juventud para compartir un tiempo especial y adorar al Se\u00f1or. Es Cristoc\u00e9ntrico pero est\u00e1 dise\u00f1ado para que las personas que no conocen el mensaje del evangelio puedan acercar su vida a Jes\u00fas. No solo es m\u00fasica, Christian Fest Live abre un espacio para que la palabra [&hellip;]<\/p>\n","protected":false},"author":3,"featured_media":7658,"comment_status":"open","ping_status":"open","sticky":false,"template":"","format":"standard","meta":[],"categories":[56],"tags":[],"yoast_head":"<!-- This site is optimized with the Yoast SEO plugin v20.8 - https:\/\/yoast.com\/wordpress\/plugins\/seo\/ -->\n<title>Christian Fest Live anuncia su pr\u00f3xima fecha en El Salvador - La Prensa Cristiana<\/title>\n<meta name=\"robots\" content=\"index, follow, max-snippet:-1, max-image-preview:large, max-video-preview:-1\" \/>\n<link rel=\"canonical\" href=\"https:\/\/laprensacristiana.com\/?p=7657\" \/>\n<meta property=\"og:locale\" content=\"es_ES\" \/>\n<meta property=\"og:type\" content=\"article\" \/>\n<meta property=\"og:title\" content=\"Christian Fest Live anuncia su pr\u00f3xima fecha en El Salvador - La Prensa Cristiana\" \/>\n<meta property=\"og:description\" content=\"Christian Fest Live es un espacio dirigido a la juventud para compartir un tiempo especial y adorar al Se\u00f1or. Es Cristoc\u00e9ntrico pero est\u00e1 dise\u00f1ado para que las personas que no conocen el mensaje del evangelio puedan acercar su vida a Jes\u00fas. No solo es m\u00fasica, Christian Fest Live abre un espacio para que la palabra [&hellip;]\" \/>\n<meta property=\"og:url\" content=\"https:\/\/laprensacristiana.com\/?p=7657\" \/>\n<meta property=\"og:site_name\" content=\"La Prensa Cristiana\" \/>\n<meta property=\"article:published_time\" content=\"2020-01-11T15:43:41+00:00\" \/>\n<meta property=\"article:modified_time\" content=\"2020-01-11T15:43:45+00:00\" \/>\n<meta property=\"og:image\" content=\"https:\/\/laprensacristiana.com\/wp-content\/uploads\/2020\/01\/WhatsApp-Image-2020-01-11-at-09.40.55.jpeg\" \/>\n\t<meta property=\"og:image:width\" content=\"720\" \/>\n\t<meta property=\"og:image:height\" content=\"544\" \/>\n\t<meta property=\"og:image:type\" content=\"image\/jpeg\" \/>\n<meta name=\"author\" content=\"EDITOR\" \/>\n<meta name=\"twitter:card\" content=\"summary_large_image\" \/>\n<meta name=\"twitter:label1\" content=\"Escrito por\" \/>\n\t<meta name=\"twitter:data1\" content=\"EDITOR\" \/>\n\t<meta name=\"twitter:label2\" content=\"Tiempo de lectura\" \/>\n\t<meta name=\"twitter:data2\" content=\"1 minuto\" \/>\n<script type=\"application\/ld+json\" class=\"yoast-schema-graph\">{\"@context\":\"https:\/\/schema.org\",\"@graph\":[{\"@type\":\"WebPage\",\"@id\":\"https:\/\/laprensacristiana.com\/?p=7657\",\"url\":\"https:\/\/laprensacristiana.com\/?p=7657\",\"name\":\"Christian Fest Live anuncia su pr\u00f3xima fecha en El Salvador - La Prensa Cristiana\",\"isPartOf\":{\"@id\":\"https:\/\/laprensacristiana.com\/#website\"},\"datePublished\":\"2020-01-11T15:43:41+00:00\",\"dateModified\":\"2020-01-11T15:43:45+00:00\",\"author\":{\"@id\":\"https:\/\/laprensacristiana.com\/#\/schema\/person\/3e7d82c6bfd6b1fa67010f8f7cd5256e\"},\"breadcrumb\":{\"@id\":\"https:\/\/laprensacristiana.com\/?p=7657#breadcrumb\"},\"inLanguage\":\"es\",\"potentialAction\":[{\"@type\":\"ReadAction\",\"target\":[\"https:\/\/laprensacristiana.com\/?p=7657\"]}]},{\"@type\":\"BreadcrumbList\",\"@id\":\"https:\/\/laprensacristiana.com\/?p=7657#breadcrumb\",\"itemListElement\":[{\"@type\":\"ListItem\",\"position\":1,\"name\":\"Portada\",\"item\":\"https:\/\/laprensacristiana.com\/\"},{\"@type\":\"ListItem\",\"position\":2,\"name\":\"Christian Fest Live anuncia su pr\u00f3xima fecha en El Salvador\"}]},{\"@type\":\"WebSite\",\"@id\":\"https:\/\/laprensacristiana.com\/#website\",\"url\":\"https:\/\/laprensacristiana.com\/\",\"name\":\"La Prensa Cristiana\",\"description\":\"Anunciando Las Buenas Nuevas\",\"potentialAction\":[{\"@type\":\"SearchAction\",\"target\":{\"@type\":\"EntryPoint\",\"urlTemplate\":\"https:\/\/laprensacristiana.com\/?s={search_term_string}\"},\"query-input\":\"required name=search_term_string\"}],\"inLanguage\":\"es\"},{\"@type\":\"Person\",\"@id\":\"https:\/\/laprensacristiana.com\/#\/schema\/person\/3e7d82c6bfd6b1fa67010f8f7cd5256e\",\"name\":\"EDITOR\",\"image\":{\"@type\":\"ImageObject\",\"inLanguage\":\"es\",\"@id\":\"https:\/\/laprensacristiana.com\/#\/schema\/person\/image\/\",\"url\":\"https:\/\/secure.gravatar.com\/avatar\/72069dfb6c13772d9e8381e3638666d2?s=96&d=mm&r=g\",\"contentUrl\":\"https:\/\/secure.gravatar.com\/avatar\/72069dfb6c13772d9e8381e3638666d2?s=96&d=mm&r=g\",\"caption\":\"EDITOR\"},\"url\":\"https:\/\/laprensacristiana.com\/?author=3\"}]}<\/script>\n<!-- \/ Yoast SEO plugin. -->","yoast_head_json":{"title":"Christian Fest Live anuncia su pr\u00f3xima fecha en El Salvador - La Prensa Cristiana","robots":{"index":"index","follow":"follow","max-snippet":"max-snippet:-1","max-image-preview":"max-image-preview:large","max-video-preview":"max-video-preview:-1"},"canonical":"https:\/\/laprensacristiana.com\/?p=7657","og_locale":"es_ES","og_type":"article","og_title":"Christian Fest Live anuncia su pr\u00f3xima fecha en El Salvador - La Prensa Cristiana","og_description":"Christian Fest Live es un espacio dirigido a la juventud para compartir un tiempo especial y adorar al Se\u00f1or. Es Cristoc\u00e9ntrico pero est\u00e1 dise\u00f1ado para que las personas que no conocen el mensaje del evangelio puedan acercar su vida a Jes\u00fas. No solo es m\u00fasica, Christian Fest Live abre un espacio para que la palabra [&hellip;]","og_url":"https:\/\/laprensacristiana.com\/?p=7657","og_site_name":"La Prensa Cristiana","article_published_time":"2020-01-11T15:43:41+00:00","article_modified_time":"2020-01-11T15:43:45+00:00","og_image":[{"width":720,"height":544,"url":"https:\/\/laprensacristiana.com\/wp-content\/uploads\/2020\/01\/WhatsApp-Image-2020-01-11-at-09.40.55.jpeg","type":"image\/jpeg"}],"author":"EDITOR","twitter_card":"summary_large_image","twitter_misc":{"Escrito por":"EDITOR","Tiempo de lectura":"1 minuto"},"schema":{"@context":"https:\/\/schema.org","@graph":[{"@type":"WebPage","@id":"https:\/\/laprensacristiana.com\/?p=7657","url":"https:\/\/laprensacristiana.com\/?p=7657","name":"Christian Fest Live anuncia su pr\u00f3xima fecha en El Salvador - La Prensa Cristiana","isPartOf":{"@id":"https:\/\/laprensacristiana.com\/#website"},"datePublished":"2020-01-11T15:43:41+00:00","dateModified":"2020-01-11T15:43:45+00:00","author":{"@id":"https:\/\/laprensacristiana.com\/#\/schema\/person\/3e7d82c6bfd6b1fa67010f8f7cd5256e"},"breadcrumb":{"@id":"https:\/\/laprensacristiana.com\/?p=7657#breadcrumb"},"inLanguage":"es","potentialAction":[{"@type":"ReadAction","target":["https:\/\/laprensacristiana.com\/?p=7657"]}]},{"@type":"BreadcrumbList","@id":"https:\/\/laprensacristiana.com\/?p=7657#breadcrumb","itemListElement":[{"@type":"ListItem","position":1,"name":"Portada","item":"https:\/\/laprensacristiana.com\/"},{"@type":"ListItem","position":2,"name":"Christian Fest Live anuncia su pr\u00f3xima fecha en El Salvador"}]},{"@type":"WebSite","@id":"https:\/\/laprensacristiana.com\/#website","url":"https:\/\/laprensacristiana.com\/","name":"La Prensa Cristiana","description":"Anunciando Las Buenas Nuevas","potentialAction":[{"@type":"SearchAction","target":{"@type":"EntryPoint","urlTemplate":"https:\/\/laprensacristiana.com\/?s={search_term_string}"},"query-input":"required name=search_term_string"}],"inLanguage":"es"},{"@type":"Person","@id":"https:\/\/laprensacristiana.com\/#\/schema\/person\/3e7d82c6bfd6b1fa67010f8f7cd5256e","name":"EDITOR","image":{"@type":"ImageObject","inLanguage":"es","@id":"https:\/\/laprensacristiana.com\/#\/schema\/person\/image\/","url":"https:\/\/secure.gravatar.com\/avatar\/72069dfb6c13772d9e8381e3638666d2?s=96&d=mm&r=g","contentUrl":"https:\/\/secure.gravatar.com\/avatar\/72069dfb6c13772d9e8381e3638666d2?s=96&d=mm&r=g","caption":"EDITOR"},"url":"https:\/\/laprensacristiana.com\/?author=3"}]}},"_links":{"self":[{"href":"https:\/\/laprensacristiana.com\/index.php?rest_route=\/wp\/v2\/posts\/7657"}],"collection":[{"href":"https:\/\/laprensacristiana.com\/index.php?rest_route=\/wp\/v2\/posts"}],"about":[{"href":"https:\/\/laprensacristiana.com\/index.php?rest_route=\/wp\/v2\/types\/post"}],"author":[{"embeddable":true,"href":"https:\/\/laprensacristiana.com\/index.php?rest_route=\/wp\/v2\/users\/3"}],"replies":[{"embeddable":true,"href":"https:\/\/laprensacristiana.com\/index.php?rest_route=%2Fwp%2Fv2%2Fcomments&post=7657"}],"version-history":[{"count":2,"href":"https:\/\/laprensacristiana.com\/index.php?rest_route=\/wp\/v2\/posts\/7657\/revisions"}],"predecessor-version":[{"id":8144,"href":"https:\/\/laprensacristiana.com\/index.php?rest_route=\/wp\/v2\/posts\/7657\/revisions\/8144"}],"wp:featuredmedia":[{"embeddable":true,"href":"https:\/\/laprensacristiana.com\/index.php?rest_route=\/wp\/v2\/media\/7658"}],"wp:attachment":[{"href":"https:\/\/laprensacristiana.com\/index.php?rest_route=%2Fwp%2Fv2%2Fmedia&parent=7657"}],"wp:term":[{"taxonomy":"category","embeddable":true,"href":"https:\/\/laprensacristiana.com\/index.php?rest_route=%2Fwp%2Fv2%2Fcategories&post=7657"},{"taxonomy":"post_tag","embeddable":true,"href":"https:\/\/laprensacristiana.com\/index.php?rest_route=%2Fwp%2Fv2%2Ftags&post=7657"}],"curies":[{"name":"wp","href":"https:\/\/api.w.org\/{rel}","templated":true}]}}