{"id":7750,"date":"2020-01-15T22:22:56","date_gmt":"2020-01-15T22:22:56","guid":{"rendered":"https:\/\/laprensacristiana.com\/?p=7750"},"modified":"2020-01-15T22:22:59","modified_gmt":"2020-01-15T22:22:59","slug":"lista-mundial-de-la-persecucion-de-cristianos-2020","status":"publish","type":"post","link":"https:\/\/laprensacristiana.com\/?p=7750","title":{"rendered":"Lista Mundial de la persecuci\u00f3n de cristianos 2020"},"content":{"rendered":"\n<p>Vivimos en un tiempo en\nel que se defiende la libertad y los derechos humanos, pero qu\u00e9 sucede con las\npersonas que sin cometer cr\u00edmenes est\u00e1n encarcelados, oprimidos y amenazados\nsolo por el hecho de seguir a Jes\u00fas, esta realidad es la que 260 millones de\ncristianos est\u00e1n viviendo.<\/p>\n\n\n\n<p>Puertas abiertas acaba de\ndar un informe sobre la persecuci\u00f3n de cristianos para el a\u00f1o 2020, este\nministerio trabaja hace m\u00e1s de 60 a\u00f1os para monitorear y analizar la\npersecuci\u00f3n a nivel mundial, actualmente son 50 pa\u00edses en los que m\u00e1s existe la\npersecuci\u00f3n de los cristianos, seg\u00fan sus informes uno de cada ocho seguidores\nde Jes\u00fas sufre persecuci\u00f3n. <\/p>\n\n\n\n<p>Desde sus inicios la\niglesia de Cristo ha sido atacada aunque la metodolog\u00eda no es la misma pero\npersiguen el mismo objetivo, erradicar con los seguidores de Jes\u00fas. <\/p>\n\n\n\n<p>Muchas de las medidas son\nabanderadas desde los gobiernos autoritarios y de sus propias familias. El\nextremismo Isl\u00e1mico es presentado como uno de los principales agentes de\npersecuci\u00f3n que m\u00e1s domina en regiones como en Oriente Medio. <\/p>\n\n\n\n<p>En \u00c1frica los cristianos\nsoportan los ataques m\u00e1s violentos, Corea Del Norte es catalogado como el pa\u00eds\nm\u00e1s peligroso para ser un cristiano. En India se ha fomentado la quema de\nbiblias y el maltrato hacia aquel que siga a Jes\u00fas. En Latinom\u00e9rica tambi\u00e9n se\nregistra persecuci\u00f3n es m\u00e1s com\u00fan en zonas rurales e ind\u00edgenas.<\/p>\n","protected":false},"excerpt":{"rendered":"<p>Vivimos en un tiempo en el que se defiende la libertad y los derechos humanos, pero qu\u00e9 sucede con las personas que sin cometer cr\u00edmenes est\u00e1n encarcelados, oprimidos y amenazados solo por el hecho de seguir a Jes\u00fas, esta realidad es la que 260 millones de cristianos est\u00e1n viviendo. Puertas abiertas acaba de dar un [&hellip;]<\/p>\n","protected":false},"author":3,"featured_media":7751,"comment_status":"open","ping_status":"open","sticky":false,"template":"","format":"standard","meta":[],"categories":[56],"tags":[],"yoast_head":"<!-- This site is optimized with the Yoast SEO plugin v20.8 - https:\/\/yoast.com\/wordpress\/plugins\/seo\/ -->\n<title>Lista Mundial de la persecuci\u00f3n de cristianos 2020 - La Prensa Cristiana<\/title>\n<meta name=\"robots\" content=\"index, follow, max-snippet:-1, max-image-preview:large, max-video-preview:-1\" \/>\n<link rel=\"canonical\" href=\"https:\/\/laprensacristiana.com\/?p=7750\" \/>\n<meta property=\"og:locale\" content=\"es_ES\" \/>\n<meta property=\"og:type\" content=\"article\" \/>\n<meta property=\"og:title\" content=\"Lista Mundial de la persecuci\u00f3n de cristianos 2020 - La Prensa Cristiana\" \/>\n<meta property=\"og:description\" content=\"Vivimos en un tiempo en el que se defiende la libertad y los derechos humanos, pero qu\u00e9 sucede con las personas que sin cometer cr\u00edmenes est\u00e1n encarcelados, oprimidos y amenazados solo por el hecho de seguir a Jes\u00fas, esta realidad es la que 260 millones de cristianos est\u00e1n viviendo. Puertas abiertas acaba de dar un [&hellip;]\" \/>\n<meta property=\"og:url\" content=\"https:\/\/laprensacristiana.com\/?p=7750\" \/>\n<meta property=\"og:site_name\" content=\"La Prensa Cristiana\" \/>\n<meta property=\"article:published_time\" content=\"2020-01-15T22:22:56+00:00\" \/>\n<meta property=\"article:modified_time\" content=\"2020-01-15T22:22:59+00:00\" \/>\n<meta property=\"og:image\" content=\"https:\/\/laprensacristiana.com\/wp-content\/uploads\/2020\/01\/Mapa_LMP2020_Traducido_Watch10_A3-1024x728.jpg\" \/>\n\t<meta property=\"og:image:width\" content=\"1024\" \/>\n\t<meta property=\"og:image:height\" content=\"728\" \/>\n\t<meta property=\"og:image:type\" content=\"image\/jpeg\" \/>\n<meta name=\"author\" content=\"EDITOR\" \/>\n<meta name=\"twitter:card\" content=\"summary_large_image\" \/>\n<meta name=\"twitter:label1\" content=\"Escrito por\" \/>\n\t<meta name=\"twitter:data1\" content=\"EDITOR\" \/>\n\t<meta name=\"twitter:label2\" content=\"Tiempo de lectura\" \/>\n\t<meta name=\"twitter:data2\" content=\"1 minuto\" \/>\n<script type=\"application\/ld+json\" class=\"yoast-schema-graph\">{\"@context\":\"https:\/\/schema.org\",\"@graph\":[{\"@type\":\"WebPage\",\"@id\":\"https:\/\/laprensacristiana.com\/?p=7750\",\"url\":\"https:\/\/laprensacristiana.com\/?p=7750\",\"name\":\"Lista Mundial de la persecuci\u00f3n de cristianos 2020 - La Prensa Cristiana\",\"isPartOf\":{\"@id\":\"https:\/\/laprensacristiana.com\/#website\"},\"datePublished\":\"2020-01-15T22:22:56+00:00\",\"dateModified\":\"2020-01-15T22:22:59+00:00\",\"author\":{\"@id\":\"https:\/\/laprensacristiana.com\/#\/schema\/person\/3e7d82c6bfd6b1fa67010f8f7cd5256e\"},\"breadcrumb\":{\"@id\":\"https:\/\/laprensacristiana.com\/?p=7750#breadcrumb\"},\"inLanguage\":\"es\",\"potentialAction\":[{\"@type\":\"ReadAction\",\"target\":[\"https:\/\/laprensacristiana.com\/?p=7750\"]}]},{\"@type\":\"BreadcrumbList\",\"@id\":\"https:\/\/laprensacristiana.com\/?p=7750#breadcrumb\",\"itemListElement\":[{\"@type\":\"ListItem\",\"position\":1,\"name\":\"Portada\",\"item\":\"https:\/\/laprensacristiana.com\/\"},{\"@type\":\"ListItem\",\"position\":2,\"name\":\"Lista Mundial de la persecuci\u00f3n de cristianos 2020\"}]},{\"@type\":\"WebSite\",\"@id\":\"https:\/\/laprensacristiana.com\/#website\",\"url\":\"https:\/\/laprensacristiana.com\/\",\"name\":\"La Prensa Cristiana\",\"description\":\"Anunciando Las Buenas Nuevas\",\"potentialAction\":[{\"@type\":\"SearchAction\",\"target\":{\"@type\":\"EntryPoint\",\"urlTemplate\":\"https:\/\/laprensacristiana.com\/?s={search_term_string}\"},\"query-input\":\"required name=search_term_string\"}],\"inLanguage\":\"es\"},{\"@type\":\"Person\",\"@id\":\"https:\/\/laprensacristiana.com\/#\/schema\/person\/3e7d82c6bfd6b1fa67010f8f7cd5256e\",\"name\":\"EDITOR\",\"image\":{\"@type\":\"ImageObject\",\"inLanguage\":\"es\",\"@id\":\"https:\/\/laprensacristiana.com\/#\/schema\/person\/image\/\",\"url\":\"https:\/\/secure.gravatar.com\/avatar\/72069dfb6c13772d9e8381e3638666d2?s=96&d=mm&r=g\",\"contentUrl\":\"https:\/\/secure.gravatar.com\/avatar\/72069dfb6c13772d9e8381e3638666d2?s=96&d=mm&r=g\",\"caption\":\"EDITOR\"},\"url\":\"https:\/\/laprensacristiana.com\/?author=3\"}]}<\/script>\n<!-- \/ Yoast SEO plugin. -->","yoast_head_json":{"title":"Lista Mundial de la persecuci\u00f3n de cristianos 2020 - La Prensa Cristiana","robots":{"index":"index","follow":"follow","max-snippet":"max-snippet:-1","max-image-preview":"max-image-preview:large","max-video-preview":"max-video-preview:-1"},"canonical":"https:\/\/laprensacristiana.com\/?p=7750","og_locale":"es_ES","og_type":"article","og_title":"Lista Mundial de la persecuci\u00f3n de cristianos 2020 - La Prensa Cristiana","og_description":"Vivimos en un tiempo en el que se defiende la libertad y los derechos humanos, pero qu\u00e9 sucede con las personas que sin cometer cr\u00edmenes est\u00e1n encarcelados, oprimidos y amenazados solo por el hecho de seguir a Jes\u00fas, esta realidad es la que 260 millones de cristianos est\u00e1n viviendo. Puertas abiertas acaba de dar un [&hellip;]","og_url":"https:\/\/laprensacristiana.com\/?p=7750","og_site_name":"La Prensa Cristiana","article_published_time":"2020-01-15T22:22:56+00:00","article_modified_time":"2020-01-15T22:22:59+00:00","og_image":[{"width":1024,"height":728,"url":"https:\/\/laprensacristiana.com\/wp-content\/uploads\/2020\/01\/Mapa_LMP2020_Traducido_Watch10_A3-1024x728.jpg","type":"image\/jpeg"}],"author":"EDITOR","twitter_card":"summary_large_image","twitter_misc":{"Escrito por":"EDITOR","Tiempo de lectura":"1 minuto"},"schema":{"@context":"https:\/\/schema.org","@graph":[{"@type":"WebPage","@id":"https:\/\/laprensacristiana.com\/?p=7750","url":"https:\/\/laprensacristiana.com\/?p=7750","name":"Lista Mundial de la persecuci\u00f3n de cristianos 2020 - La Prensa Cristiana","isPartOf":{"@id":"https:\/\/laprensacristiana.com\/#website"},"datePublished":"2020-01-15T22:22:56+00:00","dateModified":"2020-01-15T22:22:59+00:00","author":{"@id":"https:\/\/laprensacristiana.com\/#\/schema\/person\/3e7d82c6bfd6b1fa67010f8f7cd5256e"},"breadcrumb":{"@id":"https:\/\/laprensacristiana.com\/?p=7750#breadcrumb"},"inLanguage":"es","potentialAction":[{"@type":"ReadAction","target":["https:\/\/laprensacristiana.com\/?p=7750"]}]},{"@type":"BreadcrumbList","@id":"https:\/\/laprensacristiana.com\/?p=7750#breadcrumb","itemListElement":[{"@type":"ListItem","position":1,"name":"Portada","item":"https:\/\/laprensacristiana.com\/"},{"@type":"ListItem","position":2,"name":"Lista Mundial de la persecuci\u00f3n de cristianos 2020"}]},{"@type":"WebSite","@id":"https:\/\/laprensacristiana.com\/#website","url":"https:\/\/laprensacristiana.com\/","name":"La Prensa Cristiana","description":"Anunciando Las Buenas Nuevas","potentialAction":[{"@type":"SearchAction","target":{"@type":"EntryPoint","urlTemplate":"https:\/\/laprensacristiana.com\/?s={search_term_string}"},"query-input":"required name=search_term_string"}],"inLanguage":"es"},{"@type":"Person","@id":"https:\/\/laprensacristiana.com\/#\/schema\/person\/3e7d82c6bfd6b1fa67010f8f7cd5256e","name":"EDITOR","image":{"@type":"ImageObject","inLanguage":"es","@id":"https:\/\/laprensacristiana.com\/#\/schema\/person\/image\/","url":"https:\/\/secure.gravatar.com\/avatar\/72069dfb6c13772d9e8381e3638666d2?s=96&d=mm&r=g","contentUrl":"https:\/\/secure.gravatar.com\/avatar\/72069dfb6c13772d9e8381e3638666d2?s=96&d=mm&r=g","caption":"EDITOR"},"url":"https:\/\/laprensacristiana.com\/?author=3"}]}},"_links":{"self":[{"href":"https:\/\/laprensacristiana.com\/index.php?rest_route=\/wp\/v2\/posts\/7750"}],"collection":[{"href":"https:\/\/laprensacristiana.com\/index.php?rest_route=\/wp\/v2\/posts"}],"about":[{"href":"https:\/\/laprensacristiana.com\/index.php?rest_route=\/wp\/v2\/types\/post"}],"author":[{"embeddable":true,"href":"https:\/\/laprensacristiana.com\/index.php?rest_route=\/wp\/v2\/users\/3"}],"replies":[{"embeddable":true,"href":"https:\/\/laprensacristiana.com\/index.php?rest_route=%2Fwp%2Fv2%2Fcomments&post=7750"}],"version-history":[{"count":1,"href":"https:\/\/laprensacristiana.com\/index.php?rest_route=\/wp\/v2\/posts\/7750\/revisions"}],"predecessor-version":[{"id":7752,"href":"https:\/\/laprensacristiana.com\/index.php?rest_route=\/wp\/v2\/posts\/7750\/revisions\/7752"}],"wp:featuredmedia":[{"embeddable":true,"href":"https:\/\/laprensacristiana.com\/index.php?rest_route=\/wp\/v2\/media\/7751"}],"wp:attachment":[{"href":"https:\/\/laprensacristiana.com\/index.php?rest_route=%2Fwp%2Fv2%2Fmedia&parent=7750"}],"wp:term":[{"taxonomy":"category","embeddable":true,"href":"https:\/\/laprensacristiana.com\/index.php?rest_route=%2Fwp%2Fv2%2Fcategories&post=7750"},{"taxonomy":"post_tag","embeddable":true,"href":"https:\/\/laprensacristiana.com\/index.php?rest_route=%2Fwp%2Fv2%2Ftags&post=7750"}],"curies":[{"name":"wp","href":"https:\/\/api.w.org\/{rel}","templated":true}]}}