{"id":7775,"date":"2020-01-16T20:47:38","date_gmt":"2020-01-16T20:47:38","guid":{"rendered":"https:\/\/laprensacristiana.com\/?p=7775"},"modified":"2020-01-16T20:47:42","modified_gmt":"2020-01-16T20:47:42","slug":"estado-unidos-celebra-el-dia-de-la-libertad-religiosa","status":"publish","type":"post","link":"https:\/\/laprensacristiana.com\/?p=7775","title":{"rendered":"Estado Unidos celebra el D\u00eda de la Libertad Religiosa"},"content":{"rendered":"\n<p>Hace m\u00e1s de 230 a\u00f1os, la Asamblea General de Virginia aprob\u00f3\nel Estatuto para la libertad religiosa, que fue escrito y definido por Thomas\nJefferson.&nbsp; Jefferson expres\u00f3 que \u201cTodos\nlos hombres ser\u00e1n libres de profesar, y argumentar para mantener sus opiniones\nen asuntos de religi\u00f3n, y que de ninguna manera disminuir\u00e1n, ampliaran o\nafectaran sus capacidades civiles\u201d.<\/p>\n\n\n\n<p>Este estatuto presentado por Thomas sirvi\u00f3 como catalizador\npara la primera enmienda que consagra la ley para evitar la interferencia del\ngobierno estadounidense en la religi\u00f3n. 200 a\u00f1os despu\u00e9s EEUU es una de las\nnaciones con mayor diversidad religiosa en el mundo.<\/p>\n\n\n\n<p>Cada 16 de enero se conmemora&nbsp; el D\u00eda de La Libertad Religiosa\nrecordando&nbsp; de la primera enmienda de la\nconstituci\u00f3n de los Estados Unidos que proh\u00edbe la creaci\u00f3n de una ley que\natente contra la pr\u00e1ctica libre de una religi\u00f3n y vulnere la libertad de\nexpresi\u00f3n. <\/p>\n\n\n\n<p>El presidente Trump a trav\u00e9s de&nbsp; un comunicado de la Casa Blanca dejo saber\nque dentro de su administraci\u00f3n no tolerar\u00e1 la violaci\u00f3n a la capacidad de\nning\u00fan estadounidense a adorar abiertamente y libremente como le ordene su fe.\nEl presidente ha firmado varias \u00f3rdenes que apoyan a pastores, instituciones\ncristianas para promover la libertad religiosa.<\/p>\n","protected":false},"excerpt":{"rendered":"<p>Hace m\u00e1s de 230 a\u00f1os, la Asamblea General de Virginia aprob\u00f3 el Estatuto para la libertad religiosa, que fue escrito y definido por Thomas Jefferson.&nbsp; Jefferson expres\u00f3 que \u201cTodos los hombres ser\u00e1n libres de profesar, y argumentar para mantener sus opiniones en asuntos de religi\u00f3n, y que de ninguna manera disminuir\u00e1n, ampliaran o afectaran sus [&hellip;]<\/p>\n","protected":false},"author":3,"featured_media":7776,"comment_status":"open","ping_status":"open","sticky":false,"template":"","format":"standard","meta":[],"categories":[56],"tags":[],"yoast_head":"<!-- This site is optimized with the Yoast SEO plugin v20.8 - https:\/\/yoast.com\/wordpress\/plugins\/seo\/ -->\n<title>Estado Unidos celebra el D\u00eda de la Libertad Religiosa - La Prensa Cristiana<\/title>\n<meta name=\"robots\" content=\"index, follow, max-snippet:-1, max-image-preview:large, max-video-preview:-1\" \/>\n<link rel=\"canonical\" href=\"https:\/\/laprensacristiana.com\/?p=7775\" \/>\n<meta property=\"og:locale\" content=\"es_ES\" \/>\n<meta property=\"og:type\" content=\"article\" \/>\n<meta property=\"og:title\" content=\"Estado Unidos celebra el D\u00eda de la Libertad Religiosa - La Prensa Cristiana\" \/>\n<meta property=\"og:description\" content=\"Hace m\u00e1s de 230 a\u00f1os, la Asamblea General de Virginia aprob\u00f3 el Estatuto para la libertad religiosa, que fue escrito y definido por Thomas Jefferson.&nbsp; Jefferson expres\u00f3 que \u201cTodos los hombres ser\u00e1n libres de profesar, y argumentar para mantener sus opiniones en asuntos de religi\u00f3n, y que de ninguna manera disminuir\u00e1n, ampliaran o afectaran sus [&hellip;]\" \/>\n<meta property=\"og:url\" content=\"https:\/\/laprensacristiana.com\/?p=7775\" \/>\n<meta property=\"og:site_name\" content=\"La Prensa Cristiana\" \/>\n<meta property=\"article:published_time\" content=\"2020-01-16T20:47:38+00:00\" \/>\n<meta property=\"article:modified_time\" content=\"2020-01-16T20:47:42+00:00\" \/>\n<meta property=\"og:image\" content=\"https:\/\/laprensacristiana.com\/wp-content\/uploads\/2020\/01\/WhatsApp-Image-2020-01-16-at-14.45.57.jpeg\" \/>\n\t<meta property=\"og:image:width\" content=\"1200\" \/>\n\t<meta property=\"og:image:height\" content=\"675\" \/>\n\t<meta property=\"og:image:type\" content=\"image\/jpeg\" \/>\n<meta name=\"author\" content=\"EDITOR\" \/>\n<meta name=\"twitter:card\" content=\"summary_large_image\" \/>\n<meta name=\"twitter:label1\" content=\"Escrito por\" \/>\n\t<meta name=\"twitter:data1\" content=\"EDITOR\" \/>\n\t<meta name=\"twitter:label2\" content=\"Tiempo de lectura\" \/>\n\t<meta name=\"twitter:data2\" content=\"1 minuto\" \/>\n<script type=\"application\/ld+json\" class=\"yoast-schema-graph\">{\"@context\":\"https:\/\/schema.org\",\"@graph\":[{\"@type\":\"WebPage\",\"@id\":\"https:\/\/laprensacristiana.com\/?p=7775\",\"url\":\"https:\/\/laprensacristiana.com\/?p=7775\",\"name\":\"Estado Unidos celebra el D\u00eda de la Libertad Religiosa - La Prensa Cristiana\",\"isPartOf\":{\"@id\":\"https:\/\/laprensacristiana.com\/#website\"},\"datePublished\":\"2020-01-16T20:47:38+00:00\",\"dateModified\":\"2020-01-16T20:47:42+00:00\",\"author\":{\"@id\":\"https:\/\/laprensacristiana.com\/#\/schema\/person\/3e7d82c6bfd6b1fa67010f8f7cd5256e\"},\"breadcrumb\":{\"@id\":\"https:\/\/laprensacristiana.com\/?p=7775#breadcrumb\"},\"inLanguage\":\"es\",\"potentialAction\":[{\"@type\":\"ReadAction\",\"target\":[\"https:\/\/laprensacristiana.com\/?p=7775\"]}]},{\"@type\":\"BreadcrumbList\",\"@id\":\"https:\/\/laprensacristiana.com\/?p=7775#breadcrumb\",\"itemListElement\":[{\"@type\":\"ListItem\",\"position\":1,\"name\":\"Portada\",\"item\":\"https:\/\/laprensacristiana.com\/\"},{\"@type\":\"ListItem\",\"position\":2,\"name\":\"Estado Unidos celebra el D\u00eda de la Libertad Religiosa\"}]},{\"@type\":\"WebSite\",\"@id\":\"https:\/\/laprensacristiana.com\/#website\",\"url\":\"https:\/\/laprensacristiana.com\/\",\"name\":\"La Prensa Cristiana\",\"description\":\"Anunciando Las Buenas Nuevas\",\"potentialAction\":[{\"@type\":\"SearchAction\",\"target\":{\"@type\":\"EntryPoint\",\"urlTemplate\":\"https:\/\/laprensacristiana.com\/?s={search_term_string}\"},\"query-input\":\"required name=search_term_string\"}],\"inLanguage\":\"es\"},{\"@type\":\"Person\",\"@id\":\"https:\/\/laprensacristiana.com\/#\/schema\/person\/3e7d82c6bfd6b1fa67010f8f7cd5256e\",\"name\":\"EDITOR\",\"image\":{\"@type\":\"ImageObject\",\"inLanguage\":\"es\",\"@id\":\"https:\/\/laprensacristiana.com\/#\/schema\/person\/image\/\",\"url\":\"https:\/\/secure.gravatar.com\/avatar\/72069dfb6c13772d9e8381e3638666d2?s=96&d=mm&r=g\",\"contentUrl\":\"https:\/\/secure.gravatar.com\/avatar\/72069dfb6c13772d9e8381e3638666d2?s=96&d=mm&r=g\",\"caption\":\"EDITOR\"},\"url\":\"https:\/\/laprensacristiana.com\/?author=3\"}]}<\/script>\n<!-- \/ Yoast SEO plugin. -->","yoast_head_json":{"title":"Estado Unidos celebra el D\u00eda de la Libertad Religiosa - La Prensa Cristiana","robots":{"index":"index","follow":"follow","max-snippet":"max-snippet:-1","max-image-preview":"max-image-preview:large","max-video-preview":"max-video-preview:-1"},"canonical":"https:\/\/laprensacristiana.com\/?p=7775","og_locale":"es_ES","og_type":"article","og_title":"Estado Unidos celebra el D\u00eda de la Libertad Religiosa - La Prensa Cristiana","og_description":"Hace m\u00e1s de 230 a\u00f1os, la Asamblea General de Virginia aprob\u00f3 el Estatuto para la libertad religiosa, que fue escrito y definido por Thomas Jefferson.&nbsp; Jefferson expres\u00f3 que \u201cTodos los hombres ser\u00e1n libres de profesar, y argumentar para mantener sus opiniones en asuntos de religi\u00f3n, y que de ninguna manera disminuir\u00e1n, ampliaran o afectaran sus [&hellip;]","og_url":"https:\/\/laprensacristiana.com\/?p=7775","og_site_name":"La Prensa Cristiana","article_published_time":"2020-01-16T20:47:38+00:00","article_modified_time":"2020-01-16T20:47:42+00:00","og_image":[{"width":1200,"height":675,"url":"https:\/\/laprensacristiana.com\/wp-content\/uploads\/2020\/01\/WhatsApp-Image-2020-01-16-at-14.45.57.jpeg","type":"image\/jpeg"}],"author":"EDITOR","twitter_card":"summary_large_image","twitter_misc":{"Escrito por":"EDITOR","Tiempo de lectura":"1 minuto"},"schema":{"@context":"https:\/\/schema.org","@graph":[{"@type":"WebPage","@id":"https:\/\/laprensacristiana.com\/?p=7775","url":"https:\/\/laprensacristiana.com\/?p=7775","name":"Estado Unidos celebra el D\u00eda de la Libertad Religiosa - La Prensa Cristiana","isPartOf":{"@id":"https:\/\/laprensacristiana.com\/#website"},"datePublished":"2020-01-16T20:47:38+00:00","dateModified":"2020-01-16T20:47:42+00:00","author":{"@id":"https:\/\/laprensacristiana.com\/#\/schema\/person\/3e7d82c6bfd6b1fa67010f8f7cd5256e"},"breadcrumb":{"@id":"https:\/\/laprensacristiana.com\/?p=7775#breadcrumb"},"inLanguage":"es","potentialAction":[{"@type":"ReadAction","target":["https:\/\/laprensacristiana.com\/?p=7775"]}]},{"@type":"BreadcrumbList","@id":"https:\/\/laprensacristiana.com\/?p=7775#breadcrumb","itemListElement":[{"@type":"ListItem","position":1,"name":"Portada","item":"https:\/\/laprensacristiana.com\/"},{"@type":"ListItem","position":2,"name":"Estado Unidos celebra el D\u00eda de la Libertad Religiosa"}]},{"@type":"WebSite","@id":"https:\/\/laprensacristiana.com\/#website","url":"https:\/\/laprensacristiana.com\/","name":"La Prensa Cristiana","description":"Anunciando Las Buenas Nuevas","potentialAction":[{"@type":"SearchAction","target":{"@type":"EntryPoint","urlTemplate":"https:\/\/laprensacristiana.com\/?s={search_term_string}"},"query-input":"required name=search_term_string"}],"inLanguage":"es"},{"@type":"Person","@id":"https:\/\/laprensacristiana.com\/#\/schema\/person\/3e7d82c6bfd6b1fa67010f8f7cd5256e","name":"EDITOR","image":{"@type":"ImageObject","inLanguage":"es","@id":"https:\/\/laprensacristiana.com\/#\/schema\/person\/image\/","url":"https:\/\/secure.gravatar.com\/avatar\/72069dfb6c13772d9e8381e3638666d2?s=96&d=mm&r=g","contentUrl":"https:\/\/secure.gravatar.com\/avatar\/72069dfb6c13772d9e8381e3638666d2?s=96&d=mm&r=g","caption":"EDITOR"},"url":"https:\/\/laprensacristiana.com\/?author=3"}]}},"_links":{"self":[{"href":"https:\/\/laprensacristiana.com\/index.php?rest_route=\/wp\/v2\/posts\/7775"}],"collection":[{"href":"https:\/\/laprensacristiana.com\/index.php?rest_route=\/wp\/v2\/posts"}],"about":[{"href":"https:\/\/laprensacristiana.com\/index.php?rest_route=\/wp\/v2\/types\/post"}],"author":[{"embeddable":true,"href":"https:\/\/laprensacristiana.com\/index.php?rest_route=\/wp\/v2\/users\/3"}],"replies":[{"embeddable":true,"href":"https:\/\/laprensacristiana.com\/index.php?rest_route=%2Fwp%2Fv2%2Fcomments&post=7775"}],"version-history":[{"count":1,"href":"https:\/\/laprensacristiana.com\/index.php?rest_route=\/wp\/v2\/posts\/7775\/revisions"}],"predecessor-version":[{"id":7777,"href":"https:\/\/laprensacristiana.com\/index.php?rest_route=\/wp\/v2\/posts\/7775\/revisions\/7777"}],"wp:featuredmedia":[{"embeddable":true,"href":"https:\/\/laprensacristiana.com\/index.php?rest_route=\/wp\/v2\/media\/7776"}],"wp:attachment":[{"href":"https:\/\/laprensacristiana.com\/index.php?rest_route=%2Fwp%2Fv2%2Fmedia&parent=7775"}],"wp:term":[{"taxonomy":"category","embeddable":true,"href":"https:\/\/laprensacristiana.com\/index.php?rest_route=%2Fwp%2Fv2%2Fcategories&post=7775"},{"taxonomy":"post_tag","embeddable":true,"href":"https:\/\/laprensacristiana.com\/index.php?rest_route=%2Fwp%2Fv2%2Ftags&post=7775"}],"curies":[{"name":"wp","href":"https:\/\/api.w.org\/{rel}","templated":true}]}}