{"id":7778,"date":"2020-01-16T21:43:48","date_gmt":"2020-01-16T21:43:48","guid":{"rendered":"https:\/\/laprensacristiana.com\/?p=7778"},"modified":"2020-01-16T21:43:51","modified_gmt":"2020-01-16T21:43:51","slug":"mas-de-4500-pastores-se-reunen-en-la-ciudad-de-mexico-en-congreso-somos-uno","status":"publish","type":"post","link":"https:\/\/laprensacristiana.com\/?p=7778","title":{"rendered":"M\u00e1s de 4,500 pastores se re\u00fanen en la ciudad de M\u00e9xico en congreso &#8216;Somos Uno\u00bb"},"content":{"rendered":"\n<p>As\u00ed lo dio a conocer el pastor y evangelista Alberto\nMottesi, quien fue el encargado de ministrar en el congreso para pastores\n\u201cSomos Uno\u201d que se llev\u00f3 acabo en la ciudad de M\u00e9xico organizado por el\nmisionero Wayne Myers que trabaja hace 72 a\u00f1os en M\u00e9xico, quien a sus 97 a\u00f1os\nsigue predicando la palabra de Dios&nbsp; <\/p>\n\n\n\n<p>\u201cSomos Uno\u201d es un conferencia&nbsp; anual dise\u00f1ada para Pastores y Lideres con el\nfin de fortalecer, equipar a cada uno con estrategias y herramientas para\ncumplir el llamado de Dios. El evento es libre de costos. La edici\u00f3n 2020\ncomenz\u00f3 el 14 de enero y finalizara este d\u00eda, tres d\u00edas de b\u00fasqueda y\nadoraci\u00f3n, con diferentes conferencistas internacionales.<\/p>\n\n\n\n<p>Wayne y su esposa Martha Myers son los fundadores y directores fieles de la Asociaci\u00f3n La Gran Comisi\u00f3n Evangel\u00edstica. Han servido como misioneros y mentores para muchos l\u00edderes en el mundo. Residen en M\u00e9xico por m\u00e1s de 70 a\u00f1os.<\/p>\n\n\n\n<figure class=\"wp-block-image\"><img decoding=\"async\" loading=\"lazy\" width=\"720\" height=\"480\" src=\"https:\/\/laprensacristiana.com\/wp-content\/uploads\/2020\/01\/WhatsApp-Image-2020-01-16-at-15.26.04.jpeg\" alt=\"\" class=\"wp-image-7780\" srcset=\"https:\/\/laprensacristiana.com\/wp-content\/uploads\/2020\/01\/WhatsApp-Image-2020-01-16-at-15.26.04.jpeg 720w, https:\/\/laprensacristiana.com\/wp-content\/uploads\/2020\/01\/WhatsApp-Image-2020-01-16-at-15.26.04-300x200.jpeg 300w, https:\/\/laprensacristiana.com\/wp-content\/uploads\/2020\/01\/WhatsApp-Image-2020-01-16-at-15.26.04-696x464.jpeg 696w, https:\/\/laprensacristiana.com\/wp-content\/uploads\/2020\/01\/WhatsApp-Image-2020-01-16-at-15.26.04-630x420.jpeg 630w, https:\/\/laprensacristiana.com\/wp-content\/uploads\/2020\/01\/WhatsApp-Image-2020-01-16-at-15.26.04-600x400.jpeg 600w\" sizes=\"(max-width: 720px) 100vw, 720px\" \/><figcaption>Foto cortes\u00eda Wayne Myers<\/figcaption><\/figure>\n","protected":false},"excerpt":{"rendered":"<p>As\u00ed lo dio a conocer el pastor y evangelista Alberto Mottesi, quien fue el encargado de ministrar en el congreso para pastores \u201cSomos Uno\u201d que se llev\u00f3 acabo en la ciudad de M\u00e9xico organizado por el misionero Wayne Myers que trabaja hace 72 a\u00f1os en M\u00e9xico, quien a sus 97 a\u00f1os sigue predicando la palabra [&hellip;]<\/p>\n","protected":false},"author":3,"featured_media":7779,"comment_status":"open","ping_status":"open","sticky":false,"template":"","format":"standard","meta":[],"categories":[56],"tags":[],"yoast_head":"<!-- This site is optimized with the Yoast SEO plugin v20.8 - https:\/\/yoast.com\/wordpress\/plugins\/seo\/ -->\n<title>M\u00e1s de 4,500 pastores se re\u00fanen en la ciudad de M\u00e9xico en congreso &#039;Somos Uno&quot; - La Prensa Cristiana<\/title>\n<meta name=\"robots\" content=\"index, follow, max-snippet:-1, max-image-preview:large, max-video-preview:-1\" \/>\n<link rel=\"canonical\" href=\"https:\/\/laprensacristiana.com\/?p=7778\" \/>\n<meta property=\"og:locale\" content=\"es_ES\" \/>\n<meta property=\"og:type\" content=\"article\" \/>\n<meta property=\"og:title\" content=\"M\u00e1s de 4,500 pastores se re\u00fanen en la ciudad de M\u00e9xico en congreso &#039;Somos Uno&quot; - La Prensa Cristiana\" \/>\n<meta property=\"og:description\" content=\"As\u00ed lo dio a conocer el pastor y evangelista Alberto Mottesi, quien fue el encargado de ministrar en el congreso para pastores \u201cSomos Uno\u201d que se llev\u00f3 acabo en la ciudad de M\u00e9xico organizado por el misionero Wayne Myers que trabaja hace 72 a\u00f1os en M\u00e9xico, quien a sus 97 a\u00f1os sigue predicando la palabra [&hellip;]\" \/>\n<meta property=\"og:url\" content=\"https:\/\/laprensacristiana.com\/?p=7778\" \/>\n<meta property=\"og:site_name\" content=\"La Prensa Cristiana\" \/>\n<meta property=\"article:published_time\" content=\"2020-01-16T21:43:48+00:00\" \/>\n<meta property=\"article:modified_time\" content=\"2020-01-16T21:43:51+00:00\" \/>\n<meta property=\"og:image\" content=\"https:\/\/laprensacristiana.com\/wp-content\/uploads\/2020\/01\/WhatsApp-Image-2020-01-16-at-15.41.18.jpeg\" \/>\n\t<meta property=\"og:image:width\" content=\"720\" \/>\n\t<meta property=\"og:image:height\" content=\"480\" \/>\n\t<meta property=\"og:image:type\" content=\"image\/jpeg\" \/>\n<meta name=\"author\" content=\"EDITOR\" \/>\n<meta name=\"twitter:card\" content=\"summary_large_image\" \/>\n<meta name=\"twitter:label1\" content=\"Escrito por\" \/>\n\t<meta name=\"twitter:data1\" content=\"EDITOR\" \/>\n\t<meta name=\"twitter:label2\" content=\"Tiempo de lectura\" \/>\n\t<meta name=\"twitter:data2\" content=\"1 minuto\" \/>\n<script type=\"application\/ld+json\" class=\"yoast-schema-graph\">{\"@context\":\"https:\/\/schema.org\",\"@graph\":[{\"@type\":\"WebPage\",\"@id\":\"https:\/\/laprensacristiana.com\/?p=7778\",\"url\":\"https:\/\/laprensacristiana.com\/?p=7778\",\"name\":\"M\u00e1s de 4,500 pastores se re\u00fanen en la ciudad de M\u00e9xico en congreso 'Somos Uno\\\" - La Prensa Cristiana\",\"isPartOf\":{\"@id\":\"https:\/\/laprensacristiana.com\/#website\"},\"datePublished\":\"2020-01-16T21:43:48+00:00\",\"dateModified\":\"2020-01-16T21:43:51+00:00\",\"author\":{\"@id\":\"https:\/\/laprensacristiana.com\/#\/schema\/person\/3e7d82c6bfd6b1fa67010f8f7cd5256e\"},\"breadcrumb\":{\"@id\":\"https:\/\/laprensacristiana.com\/?p=7778#breadcrumb\"},\"inLanguage\":\"es\",\"potentialAction\":[{\"@type\":\"ReadAction\",\"target\":[\"https:\/\/laprensacristiana.com\/?p=7778\"]}]},{\"@type\":\"BreadcrumbList\",\"@id\":\"https:\/\/laprensacristiana.com\/?p=7778#breadcrumb\",\"itemListElement\":[{\"@type\":\"ListItem\",\"position\":1,\"name\":\"Portada\",\"item\":\"https:\/\/laprensacristiana.com\/\"},{\"@type\":\"ListItem\",\"position\":2,\"name\":\"M\u00e1s de 4,500 pastores se re\u00fanen en la ciudad de M\u00e9xico en congreso &#8216;Somos Uno\u00bb\"}]},{\"@type\":\"WebSite\",\"@id\":\"https:\/\/laprensacristiana.com\/#website\",\"url\":\"https:\/\/laprensacristiana.com\/\",\"name\":\"La Prensa Cristiana\",\"description\":\"Anunciando Las Buenas Nuevas\",\"potentialAction\":[{\"@type\":\"SearchAction\",\"target\":{\"@type\":\"EntryPoint\",\"urlTemplate\":\"https:\/\/laprensacristiana.com\/?s={search_term_string}\"},\"query-input\":\"required name=search_term_string\"}],\"inLanguage\":\"es\"},{\"@type\":\"Person\",\"@id\":\"https:\/\/laprensacristiana.com\/#\/schema\/person\/3e7d82c6bfd6b1fa67010f8f7cd5256e\",\"name\":\"EDITOR\",\"image\":{\"@type\":\"ImageObject\",\"inLanguage\":\"es\",\"@id\":\"https:\/\/laprensacristiana.com\/#\/schema\/person\/image\/\",\"url\":\"https:\/\/secure.gravatar.com\/avatar\/72069dfb6c13772d9e8381e3638666d2?s=96&d=mm&r=g\",\"contentUrl\":\"https:\/\/secure.gravatar.com\/avatar\/72069dfb6c13772d9e8381e3638666d2?s=96&d=mm&r=g\",\"caption\":\"EDITOR\"},\"url\":\"https:\/\/laprensacristiana.com\/?author=3\"}]}<\/script>\n<!-- \/ Yoast SEO plugin. -->","yoast_head_json":{"title":"M\u00e1s de 4,500 pastores se re\u00fanen en la ciudad de M\u00e9xico en congreso 'Somos Uno\" - La Prensa Cristiana","robots":{"index":"index","follow":"follow","max-snippet":"max-snippet:-1","max-image-preview":"max-image-preview:large","max-video-preview":"max-video-preview:-1"},"canonical":"https:\/\/laprensacristiana.com\/?p=7778","og_locale":"es_ES","og_type":"article","og_title":"M\u00e1s de 4,500 pastores se re\u00fanen en la ciudad de M\u00e9xico en congreso 'Somos Uno\" - La Prensa Cristiana","og_description":"As\u00ed lo dio a conocer el pastor y evangelista Alberto Mottesi, quien fue el encargado de ministrar en el congreso para pastores \u201cSomos Uno\u201d que se llev\u00f3 acabo en la ciudad de M\u00e9xico organizado por el misionero Wayne Myers que trabaja hace 72 a\u00f1os en M\u00e9xico, quien a sus 97 a\u00f1os sigue predicando la palabra [&hellip;]","og_url":"https:\/\/laprensacristiana.com\/?p=7778","og_site_name":"La Prensa Cristiana","article_published_time":"2020-01-16T21:43:48+00:00","article_modified_time":"2020-01-16T21:43:51+00:00","og_image":[{"width":720,"height":480,"url":"https:\/\/laprensacristiana.com\/wp-content\/uploads\/2020\/01\/WhatsApp-Image-2020-01-16-at-15.41.18.jpeg","type":"image\/jpeg"}],"author":"EDITOR","twitter_card":"summary_large_image","twitter_misc":{"Escrito por":"EDITOR","Tiempo de lectura":"1 minuto"},"schema":{"@context":"https:\/\/schema.org","@graph":[{"@type":"WebPage","@id":"https:\/\/laprensacristiana.com\/?p=7778","url":"https:\/\/laprensacristiana.com\/?p=7778","name":"M\u00e1s de 4,500 pastores se re\u00fanen en la ciudad de M\u00e9xico en congreso 'Somos Uno\" - La Prensa Cristiana","isPartOf":{"@id":"https:\/\/laprensacristiana.com\/#website"},"datePublished":"2020-01-16T21:43:48+00:00","dateModified":"2020-01-16T21:43:51+00:00","author":{"@id":"https:\/\/laprensacristiana.com\/#\/schema\/person\/3e7d82c6bfd6b1fa67010f8f7cd5256e"},"breadcrumb":{"@id":"https:\/\/laprensacristiana.com\/?p=7778#breadcrumb"},"inLanguage":"es","potentialAction":[{"@type":"ReadAction","target":["https:\/\/laprensacristiana.com\/?p=7778"]}]},{"@type":"BreadcrumbList","@id":"https:\/\/laprensacristiana.com\/?p=7778#breadcrumb","itemListElement":[{"@type":"ListItem","position":1,"name":"Portada","item":"https:\/\/laprensacristiana.com\/"},{"@type":"ListItem","position":2,"name":"M\u00e1s de 4,500 pastores se re\u00fanen en la ciudad de M\u00e9xico en congreso &#8216;Somos Uno\u00bb"}]},{"@type":"WebSite","@id":"https:\/\/laprensacristiana.com\/#website","url":"https:\/\/laprensacristiana.com\/","name":"La Prensa Cristiana","description":"Anunciando Las Buenas Nuevas","potentialAction":[{"@type":"SearchAction","target":{"@type":"EntryPoint","urlTemplate":"https:\/\/laprensacristiana.com\/?s={search_term_string}"},"query-input":"required name=search_term_string"}],"inLanguage":"es"},{"@type":"Person","@id":"https:\/\/laprensacristiana.com\/#\/schema\/person\/3e7d82c6bfd6b1fa67010f8f7cd5256e","name":"EDITOR","image":{"@type":"ImageObject","inLanguage":"es","@id":"https:\/\/laprensacristiana.com\/#\/schema\/person\/image\/","url":"https:\/\/secure.gravatar.com\/avatar\/72069dfb6c13772d9e8381e3638666d2?s=96&d=mm&r=g","contentUrl":"https:\/\/secure.gravatar.com\/avatar\/72069dfb6c13772d9e8381e3638666d2?s=96&d=mm&r=g","caption":"EDITOR"},"url":"https:\/\/laprensacristiana.com\/?author=3"}]}},"_links":{"self":[{"href":"https:\/\/laprensacristiana.com\/index.php?rest_route=\/wp\/v2\/posts\/7778"}],"collection":[{"href":"https:\/\/laprensacristiana.com\/index.php?rest_route=\/wp\/v2\/posts"}],"about":[{"href":"https:\/\/laprensacristiana.com\/index.php?rest_route=\/wp\/v2\/types\/post"}],"author":[{"embeddable":true,"href":"https:\/\/laprensacristiana.com\/index.php?rest_route=\/wp\/v2\/users\/3"}],"replies":[{"embeddable":true,"href":"https:\/\/laprensacristiana.com\/index.php?rest_route=%2Fwp%2Fv2%2Fcomments&post=7778"}],"version-history":[{"count":1,"href":"https:\/\/laprensacristiana.com\/index.php?rest_route=\/wp\/v2\/posts\/7778\/revisions"}],"predecessor-version":[{"id":7781,"href":"https:\/\/laprensacristiana.com\/index.php?rest_route=\/wp\/v2\/posts\/7778\/revisions\/7781"}],"wp:featuredmedia":[{"embeddable":true,"href":"https:\/\/laprensacristiana.com\/index.php?rest_route=\/wp\/v2\/media\/7779"}],"wp:attachment":[{"href":"https:\/\/laprensacristiana.com\/index.php?rest_route=%2Fwp%2Fv2%2Fmedia&parent=7778"}],"wp:term":[{"taxonomy":"category","embeddable":true,"href":"https:\/\/laprensacristiana.com\/index.php?rest_route=%2Fwp%2Fv2%2Fcategories&post=7778"},{"taxonomy":"post_tag","embeddable":true,"href":"https:\/\/laprensacristiana.com\/index.php?rest_route=%2Fwp%2Fv2%2Ftags&post=7778"}],"curies":[{"name":"wp","href":"https:\/\/api.w.org\/{rel}","templated":true}]}}