{"id":7792,"date":"2020-01-17T16:45:51","date_gmt":"2020-01-17T16:45:51","guid":{"rendered":"https:\/\/laprensacristiana.com\/?p=7792"},"modified":"2020-01-17T16:45:54","modified_gmt":"2020-01-17T16:45:54","slug":"eeuu-protege-el-derecho-constitucional-a-orar-en-las-escuelas-publicas","status":"publish","type":"post","link":"https:\/\/laprensacristiana.com\/?p=7792","title":{"rendered":"EEUU protege el derecho constitucional a orar en las escuelas p\u00fablicas"},"content":{"rendered":"\n<p>Marily Rhames quien era periodista decidi\u00f3 cambiar su profesi\u00f3n a maestra, en el a\u00f1o 2011 fund\u00f3 Teachers Who Pray una organizaci\u00f3n nacional en EEUU que apoya las necesidades espirituales y profesionales de los educadores a trav\u00e9s de retiros, conferencias y planes de estudio. Se present\u00f3 el d\u00eda de ayer en marco de la conmemoraci\u00f3n del D\u00eda Nacional de la libertad Religiosa en La Casa Blanca, para hablar sobre la importancia de la oraci\u00f3n en la vida de los profesores\u00a0 y\u00a0 las escuelas p\u00fablicas.\u00a0 Marily ve a las escuelas como el campo misionero m\u00e1s grande. <\/p>\n\n\n\n<figure class=\"wp-block-image\"><img decoding=\"async\" loading=\"lazy\" width=\"720\" height=\"407\" src=\"https:\/\/laprensacristiana.com\/wp-content\/uploads\/2020\/01\/WhatsApp-Image-2020-01-17-at-10.43.13.jpeg\" alt=\"\" class=\"wp-image-7794\" srcset=\"https:\/\/laprensacristiana.com\/wp-content\/uploads\/2020\/01\/WhatsApp-Image-2020-01-17-at-10.43.13.jpeg 720w, https:\/\/laprensacristiana.com\/wp-content\/uploads\/2020\/01\/WhatsApp-Image-2020-01-17-at-10.43.13-300x170.jpeg 300w, https:\/\/laprensacristiana.com\/wp-content\/uploads\/2020\/01\/WhatsApp-Image-2020-01-17-at-10.43.13-696x393.jpeg 696w, https:\/\/laprensacristiana.com\/wp-content\/uploads\/2020\/01\/WhatsApp-Image-2020-01-17-at-10.43.13-600x339.jpeg 600w\" sizes=\"(max-width: 720px) 100vw, 720px\" \/><\/figure>\n\n\n\n<p>El presidente de EEUU dio una conferencia de prensa el d\u00eda\nde ayer en la que anunci\u00f3 pasos hist\u00f3ricos para la protecci\u00f3n del derecho\nconstitucional a orar en las escuelas p\u00fablicas.<\/p>\n\n\n\n<p>\u201cEl gobierno no debe interponerse entre el pueblo y Dios\u201d\nexpres\u00f3 el presidente de Estados Unidos Donald Trump<\/p>\n\n\n\n<p>\u201cEnse\u00f1\u00e9 en las escuelas p\u00fablicas de Chicago durante 14 a\u00f1os,\nperd\u00edamos estudiantes cada a\u00f1o por la violencia\u201d expres\u00f3 Marily en su discurso\nen la Casa Blanca.<\/p>\n","protected":false},"excerpt":{"rendered":"<p>Marily Rhames quien era periodista decidi\u00f3 cambiar su profesi\u00f3n a maestra, en el a\u00f1o 2011 fund\u00f3 Teachers Who Pray una organizaci\u00f3n nacional en EEUU que apoya las necesidades espirituales y profesionales de los educadores a trav\u00e9s de retiros, conferencias y planes de estudio. Se present\u00f3 el d\u00eda de ayer en marco de la conmemoraci\u00f3n del [&hellip;]<\/p>\n","protected":false},"author":3,"featured_media":7793,"comment_status":"open","ping_status":"open","sticky":false,"template":"","format":"standard","meta":[],"categories":[56],"tags":[],"yoast_head":"<!-- This site is optimized with the Yoast SEO plugin v20.8 - https:\/\/yoast.com\/wordpress\/plugins\/seo\/ -->\n<title>EEUU protege el derecho constitucional a orar en las escuelas p\u00fablicas - La Prensa Cristiana<\/title>\n<meta name=\"robots\" content=\"index, follow, max-snippet:-1, max-image-preview:large, max-video-preview:-1\" \/>\n<link rel=\"canonical\" href=\"https:\/\/laprensacristiana.com\/?p=7792\" \/>\n<meta property=\"og:locale\" content=\"es_ES\" \/>\n<meta property=\"og:type\" content=\"article\" \/>\n<meta property=\"og:title\" content=\"EEUU protege el derecho constitucional a orar en las escuelas p\u00fablicas - La Prensa Cristiana\" \/>\n<meta property=\"og:description\" content=\"Marily Rhames quien era periodista decidi\u00f3 cambiar su profesi\u00f3n a maestra, en el a\u00f1o 2011 fund\u00f3 Teachers Who Pray una organizaci\u00f3n nacional en EEUU que apoya las necesidades espirituales y profesionales de los educadores a trav\u00e9s de retiros, conferencias y planes de estudio. Se present\u00f3 el d\u00eda de ayer en marco de la conmemoraci\u00f3n del [&hellip;]\" \/>\n<meta property=\"og:url\" content=\"https:\/\/laprensacristiana.com\/?p=7792\" \/>\n<meta property=\"og:site_name\" content=\"La Prensa Cristiana\" \/>\n<meta property=\"article:published_time\" content=\"2020-01-17T16:45:51+00:00\" \/>\n<meta property=\"article:modified_time\" content=\"2020-01-17T16:45:54+00:00\" \/>\n<meta property=\"og:image\" content=\"https:\/\/laprensacristiana.com\/wp-content\/uploads\/2020\/01\/WhatsApp-Image-2020-01-17-at-10.43.02.jpeg\" \/>\n\t<meta property=\"og:image:width\" content=\"720\" \/>\n\t<meta property=\"og:image:height\" content=\"407\" \/>\n\t<meta property=\"og:image:type\" content=\"image\/jpeg\" \/>\n<meta name=\"author\" content=\"EDITOR\" \/>\n<meta name=\"twitter:card\" content=\"summary_large_image\" \/>\n<meta name=\"twitter:label1\" content=\"Escrito por\" \/>\n\t<meta name=\"twitter:data1\" content=\"EDITOR\" \/>\n\t<meta name=\"twitter:label2\" content=\"Tiempo de lectura\" \/>\n\t<meta name=\"twitter:data2\" content=\"1 minuto\" \/>\n<script type=\"application\/ld+json\" class=\"yoast-schema-graph\">{\"@context\":\"https:\/\/schema.org\",\"@graph\":[{\"@type\":\"WebPage\",\"@id\":\"https:\/\/laprensacristiana.com\/?p=7792\",\"url\":\"https:\/\/laprensacristiana.com\/?p=7792\",\"name\":\"EEUU protege el derecho constitucional a orar en las escuelas p\u00fablicas - La Prensa Cristiana\",\"isPartOf\":{\"@id\":\"https:\/\/laprensacristiana.com\/#website\"},\"datePublished\":\"2020-01-17T16:45:51+00:00\",\"dateModified\":\"2020-01-17T16:45:54+00:00\",\"author\":{\"@id\":\"https:\/\/laprensacristiana.com\/#\/schema\/person\/3e7d82c6bfd6b1fa67010f8f7cd5256e\"},\"breadcrumb\":{\"@id\":\"https:\/\/laprensacristiana.com\/?p=7792#breadcrumb\"},\"inLanguage\":\"es\",\"potentialAction\":[{\"@type\":\"ReadAction\",\"target\":[\"https:\/\/laprensacristiana.com\/?p=7792\"]}]},{\"@type\":\"BreadcrumbList\",\"@id\":\"https:\/\/laprensacristiana.com\/?p=7792#breadcrumb\",\"itemListElement\":[{\"@type\":\"ListItem\",\"position\":1,\"name\":\"Portada\",\"item\":\"https:\/\/laprensacristiana.com\/\"},{\"@type\":\"ListItem\",\"position\":2,\"name\":\"EEUU protege el derecho constitucional a orar en las escuelas p\u00fablicas\"}]},{\"@type\":\"WebSite\",\"@id\":\"https:\/\/laprensacristiana.com\/#website\",\"url\":\"https:\/\/laprensacristiana.com\/\",\"name\":\"La Prensa Cristiana\",\"description\":\"Anunciando Las Buenas Nuevas\",\"potentialAction\":[{\"@type\":\"SearchAction\",\"target\":{\"@type\":\"EntryPoint\",\"urlTemplate\":\"https:\/\/laprensacristiana.com\/?s={search_term_string}\"},\"query-input\":\"required name=search_term_string\"}],\"inLanguage\":\"es\"},{\"@type\":\"Person\",\"@id\":\"https:\/\/laprensacristiana.com\/#\/schema\/person\/3e7d82c6bfd6b1fa67010f8f7cd5256e\",\"name\":\"EDITOR\",\"image\":{\"@type\":\"ImageObject\",\"inLanguage\":\"es\",\"@id\":\"https:\/\/laprensacristiana.com\/#\/schema\/person\/image\/\",\"url\":\"https:\/\/secure.gravatar.com\/avatar\/72069dfb6c13772d9e8381e3638666d2?s=96&d=mm&r=g\",\"contentUrl\":\"https:\/\/secure.gravatar.com\/avatar\/72069dfb6c13772d9e8381e3638666d2?s=96&d=mm&r=g\",\"caption\":\"EDITOR\"},\"url\":\"https:\/\/laprensacristiana.com\/?author=3\"}]}<\/script>\n<!-- \/ Yoast SEO plugin. -->","yoast_head_json":{"title":"EEUU protege el derecho constitucional a orar en las escuelas p\u00fablicas - La Prensa Cristiana","robots":{"index":"index","follow":"follow","max-snippet":"max-snippet:-1","max-image-preview":"max-image-preview:large","max-video-preview":"max-video-preview:-1"},"canonical":"https:\/\/laprensacristiana.com\/?p=7792","og_locale":"es_ES","og_type":"article","og_title":"EEUU protege el derecho constitucional a orar en las escuelas p\u00fablicas - La Prensa Cristiana","og_description":"Marily Rhames quien era periodista decidi\u00f3 cambiar su profesi\u00f3n a maestra, en el a\u00f1o 2011 fund\u00f3 Teachers Who Pray una organizaci\u00f3n nacional en EEUU que apoya las necesidades espirituales y profesionales de los educadores a trav\u00e9s de retiros, conferencias y planes de estudio. Se present\u00f3 el d\u00eda de ayer en marco de la conmemoraci\u00f3n del [&hellip;]","og_url":"https:\/\/laprensacristiana.com\/?p=7792","og_site_name":"La Prensa Cristiana","article_published_time":"2020-01-17T16:45:51+00:00","article_modified_time":"2020-01-17T16:45:54+00:00","og_image":[{"width":720,"height":407,"url":"https:\/\/laprensacristiana.com\/wp-content\/uploads\/2020\/01\/WhatsApp-Image-2020-01-17-at-10.43.02.jpeg","type":"image\/jpeg"}],"author":"EDITOR","twitter_card":"summary_large_image","twitter_misc":{"Escrito por":"EDITOR","Tiempo de lectura":"1 minuto"},"schema":{"@context":"https:\/\/schema.org","@graph":[{"@type":"WebPage","@id":"https:\/\/laprensacristiana.com\/?p=7792","url":"https:\/\/laprensacristiana.com\/?p=7792","name":"EEUU protege el derecho constitucional a orar en las escuelas p\u00fablicas - La Prensa Cristiana","isPartOf":{"@id":"https:\/\/laprensacristiana.com\/#website"},"datePublished":"2020-01-17T16:45:51+00:00","dateModified":"2020-01-17T16:45:54+00:00","author":{"@id":"https:\/\/laprensacristiana.com\/#\/schema\/person\/3e7d82c6bfd6b1fa67010f8f7cd5256e"},"breadcrumb":{"@id":"https:\/\/laprensacristiana.com\/?p=7792#breadcrumb"},"inLanguage":"es","potentialAction":[{"@type":"ReadAction","target":["https:\/\/laprensacristiana.com\/?p=7792"]}]},{"@type":"BreadcrumbList","@id":"https:\/\/laprensacristiana.com\/?p=7792#breadcrumb","itemListElement":[{"@type":"ListItem","position":1,"name":"Portada","item":"https:\/\/laprensacristiana.com\/"},{"@type":"ListItem","position":2,"name":"EEUU protege el derecho constitucional a orar en las escuelas p\u00fablicas"}]},{"@type":"WebSite","@id":"https:\/\/laprensacristiana.com\/#website","url":"https:\/\/laprensacristiana.com\/","name":"La Prensa Cristiana","description":"Anunciando Las Buenas Nuevas","potentialAction":[{"@type":"SearchAction","target":{"@type":"EntryPoint","urlTemplate":"https:\/\/laprensacristiana.com\/?s={search_term_string}"},"query-input":"required name=search_term_string"}],"inLanguage":"es"},{"@type":"Person","@id":"https:\/\/laprensacristiana.com\/#\/schema\/person\/3e7d82c6bfd6b1fa67010f8f7cd5256e","name":"EDITOR","image":{"@type":"ImageObject","inLanguage":"es","@id":"https:\/\/laprensacristiana.com\/#\/schema\/person\/image\/","url":"https:\/\/secure.gravatar.com\/avatar\/72069dfb6c13772d9e8381e3638666d2?s=96&d=mm&r=g","contentUrl":"https:\/\/secure.gravatar.com\/avatar\/72069dfb6c13772d9e8381e3638666d2?s=96&d=mm&r=g","caption":"EDITOR"},"url":"https:\/\/laprensacristiana.com\/?author=3"}]}},"_links":{"self":[{"href":"https:\/\/laprensacristiana.com\/index.php?rest_route=\/wp\/v2\/posts\/7792"}],"collection":[{"href":"https:\/\/laprensacristiana.com\/index.php?rest_route=\/wp\/v2\/posts"}],"about":[{"href":"https:\/\/laprensacristiana.com\/index.php?rest_route=\/wp\/v2\/types\/post"}],"author":[{"embeddable":true,"href":"https:\/\/laprensacristiana.com\/index.php?rest_route=\/wp\/v2\/users\/3"}],"replies":[{"embeddable":true,"href":"https:\/\/laprensacristiana.com\/index.php?rest_route=%2Fwp%2Fv2%2Fcomments&post=7792"}],"version-history":[{"count":1,"href":"https:\/\/laprensacristiana.com\/index.php?rest_route=\/wp\/v2\/posts\/7792\/revisions"}],"predecessor-version":[{"id":7795,"href":"https:\/\/laprensacristiana.com\/index.php?rest_route=\/wp\/v2\/posts\/7792\/revisions\/7795"}],"wp:featuredmedia":[{"embeddable":true,"href":"https:\/\/laprensacristiana.com\/index.php?rest_route=\/wp\/v2\/media\/7793"}],"wp:attachment":[{"href":"https:\/\/laprensacristiana.com\/index.php?rest_route=%2Fwp%2Fv2%2Fmedia&parent=7792"}],"wp:term":[{"taxonomy":"category","embeddable":true,"href":"https:\/\/laprensacristiana.com\/index.php?rest_route=%2Fwp%2Fv2%2Fcategories&post=7792"},{"taxonomy":"post_tag","embeddable":true,"href":"https:\/\/laprensacristiana.com\/index.php?rest_route=%2Fwp%2Fv2%2Ftags&post=7792"}],"curies":[{"name":"wp","href":"https:\/\/api.w.org\/{rel}","templated":true}]}}