{"id":7801,"date":"2020-01-17T21:23:51","date_gmt":"2020-01-17T21:23:51","guid":{"rendered":"https:\/\/laprensacristiana.com\/?p=7801"},"modified":"2020-01-17T21:23:54","modified_gmt":"2020-01-17T21:23:54","slug":"iglesia-de-dios-cumple-78-anos-en-el-salvador","status":"publish","type":"post","link":"https:\/\/laprensacristiana.com\/?p=7801","title":{"rendered":"Iglesia de Dios cumple 78 a\u00f1os en El Salvador"},"content":{"rendered":"\n<p>La iglesia de Dios en El Salvador celebr\u00f3 su primera sesi\u00f3n oficial un 17 de noviembre de 1941 en el cant\u00f3n Calzontes Arriba, Santa Ana, anterior a esto, en 1939, el Misionero H. Syverson ya hab\u00eda organizado las iglesia independientes de Federico Mebius, como iglesias de Dios. Seg\u00fan este registro la iglesia de Dios naci\u00f3 en el \u00e1rea rural, y se expandi\u00f3 por todo el pa\u00eds como un movimiento pentecostal en el cual las personas se sent\u00edan identificadas. <\/p>\n\n\n\n<figure class=\"wp-block-image\"><img decoding=\"async\" loading=\"lazy\" width=\"787\" height=\"1024\" src=\"https:\/\/laprensacristiana.com\/wp-content\/uploads\/2020\/01\/WhatsApp-Image-2019-12-11-at-1.19.36-PM-3-787x1024.jpeg\" alt=\"\" class=\"wp-image-7804\" srcset=\"https:\/\/laprensacristiana.com\/wp-content\/uploads\/2020\/01\/WhatsApp-Image-2019-12-11-at-1.19.36-PM-3-787x1024.jpeg 787w, https:\/\/laprensacristiana.com\/wp-content\/uploads\/2020\/01\/WhatsApp-Image-2019-12-11-at-1.19.36-PM-3-231x300.jpeg 231w, https:\/\/laprensacristiana.com\/wp-content\/uploads\/2020\/01\/WhatsApp-Image-2019-12-11-at-1.19.36-PM-3-768x999.jpeg 768w, https:\/\/laprensacristiana.com\/wp-content\/uploads\/2020\/01\/WhatsApp-Image-2019-12-11-at-1.19.36-PM-3-696x905.jpeg 696w, https:\/\/laprensacristiana.com\/wp-content\/uploads\/2020\/01\/WhatsApp-Image-2019-12-11-at-1.19.36-PM-3-323x420.jpeg 323w, https:\/\/laprensacristiana.com\/wp-content\/uploads\/2020\/01\/WhatsApp-Image-2019-12-11-at-1.19.36-PM-3-600x780.jpeg 600w, https:\/\/laprensacristiana.com\/wp-content\/uploads\/2020\/01\/WhatsApp-Image-2019-12-11-at-1.19.36-PM-3.jpeg 984w\" sizes=\"(max-width: 787px) 100vw, 787px\" \/><\/figure>\n\n\n\n<p>La iglesia de Dios en El Salvador, tiene como VISI\u00d3N: Ser una iglesia pentecostal celular \u2013 misionera con incidencia social, formadora de l\u00edderes, plantadora de iglesias y con ministerios enfocados en la pastoral pertinente. Su MISI\u00d3N es: Expandir el reino de Dios a trav\u00e9s del modelo celular \u2013 misionero y ministerios pertinentes. <\/p>\n\n\n\n<figure class=\"wp-block-image\"><img decoding=\"async\" loading=\"lazy\" width=\"1024\" height=\"852\" src=\"https:\/\/laprensacristiana.com\/wp-content\/uploads\/2020\/01\/WhatsApp-Image-2019-12-11-at-1.19.36-PM-1-1024x852.jpeg\" alt=\"\" class=\"wp-image-7803\" srcset=\"https:\/\/laprensacristiana.com\/wp-content\/uploads\/2020\/01\/WhatsApp-Image-2019-12-11-at-1.19.36-PM-1-1024x852.jpeg 1024w, https:\/\/laprensacristiana.com\/wp-content\/uploads\/2020\/01\/WhatsApp-Image-2019-12-11-at-1.19.36-PM-1-300x250.jpeg 300w, https:\/\/laprensacristiana.com\/wp-content\/uploads\/2020\/01\/WhatsApp-Image-2019-12-11-at-1.19.36-PM-1-768x639.jpeg 768w, https:\/\/laprensacristiana.com\/wp-content\/uploads\/2020\/01\/WhatsApp-Image-2019-12-11-at-1.19.36-PM-1-696x579.jpeg 696w, https:\/\/laprensacristiana.com\/wp-content\/uploads\/2020\/01\/WhatsApp-Image-2019-12-11-at-1.19.36-PM-1-1068x889.jpeg 1068w, https:\/\/laprensacristiana.com\/wp-content\/uploads\/2020\/01\/WhatsApp-Image-2019-12-11-at-1.19.36-PM-1-505x420.jpeg 505w, https:\/\/laprensacristiana.com\/wp-content\/uploads\/2020\/01\/WhatsApp-Image-2019-12-11-at-1.19.36-PM-1-600x499.jpeg 600w, https:\/\/laprensacristiana.com\/wp-content\/uploads\/2020\/01\/WhatsApp-Image-2019-12-11-at-1.19.36-PM-1.jpeg 1280w\" sizes=\"(max-width: 1024px) 100vw, 1024px\" \/><\/figure>\n\n\n\n<p>&nbsp;La iglesia de Dios aspira ser un\nmovimiento pertinente en nuestro pa\u00eds, que use la Palabra de Dios como el\ncriterio fundamental para organizar sus ministerios y definir sus estrategias\nde trabajo. Los retos que demanda el presente y el futuro son desaf\u00edos grandes\npara los cuales la iglesia debe estar preparada, dispuesta a descubrir las\noportunidades que tienen para impactar este pa\u00eds y las naciones. <\/p>\n\n\n\n<p>&nbsp;Como iglesia creen en el\nsacerdocio de todos los creyentes, es decir, que Dios escoge, llama, unge y\ncomisiona a los seres humanos para su servicio, su voluntad es que ardan con\npasi\u00f3n espiritual, amor por el perdido en una entrega total y actitud servicial\ny de compromiso a Dios y su iglesia. En la medida que todos se involucren en el\ncumplimiento de su misi\u00f3n, la iglesia de Dios en El Salvador, lograr\u00e1\nestablecer un crecimiento integral. <\/p>\n\n\n\n<figure class=\"wp-block-image\"><img decoding=\"async\" loading=\"lazy\" width=\"1024\" height=\"809\" src=\"https:\/\/laprensacristiana.com\/wp-content\/uploads\/2020\/01\/WhatsApp-Image-2019-12-11-at-1.19.36-PM-2-1024x809.jpeg\" alt=\"\" class=\"wp-image-7805\" srcset=\"https:\/\/laprensacristiana.com\/wp-content\/uploads\/2020\/01\/WhatsApp-Image-2019-12-11-at-1.19.36-PM-2-1024x809.jpeg 1024w, https:\/\/laprensacristiana.com\/wp-content\/uploads\/2020\/01\/WhatsApp-Image-2019-12-11-at-1.19.36-PM-2-300x237.jpeg 300w, https:\/\/laprensacristiana.com\/wp-content\/uploads\/2020\/01\/WhatsApp-Image-2019-12-11-at-1.19.36-PM-2-768x607.jpeg 768w, https:\/\/laprensacristiana.com\/wp-content\/uploads\/2020\/01\/WhatsApp-Image-2019-12-11-at-1.19.36-PM-2-696x550.jpeg 696w, https:\/\/laprensacristiana.com\/wp-content\/uploads\/2020\/01\/WhatsApp-Image-2019-12-11-at-1.19.36-PM-2-1068x844.jpeg 1068w, https:\/\/laprensacristiana.com\/wp-content\/uploads\/2020\/01\/WhatsApp-Image-2019-12-11-at-1.19.36-PM-2-532x420.jpeg 532w, https:\/\/laprensacristiana.com\/wp-content\/uploads\/2020\/01\/WhatsApp-Image-2019-12-11-at-1.19.36-PM-2-600x474.jpeg 600w, https:\/\/laprensacristiana.com\/wp-content\/uploads\/2020\/01\/WhatsApp-Image-2019-12-11-at-1.19.36-PM-2.jpeg 1280w\" sizes=\"(max-width: 1024px) 100vw, 1024px\" \/><\/figure>\n\n\n\n<p>Durante los \u00faltimos a\u00f1os &nbsp;han\nrealizado un significativo esfuerzo por lograr expandir el reino de Dios en\nnuestro pa\u00eds, han tomado como principal estrategia de crecimiento el modelo\ncelular la cual es acompa\u00f1ada del ciclo de evangelismo o de la cosecha y el\nciclo de seguimiento a los reci\u00e9n convertidos. &nbsp;<\/p>\n\n\n\n<p>Est\u00e1n trabajando en la formaci\u00f3n de sus pastores y l\u00edderes a trav\u00e9s de\nprogramas de estudios que responden a la necesidad de la pastoral, se realizan\nesfuerzos grandes para la plantaci\u00f3n de nuevas iglesias en todo el pa\u00eds. Se\nest\u00e1 ofreciendo un programa de estudio en capellan\u00eda internacional con el fin\nde incidir en las diferentes esferas de la sociedad. Se est\u00e1 haciendo un\n\u00e9nfasis especial al trabajo con la ni\u00f1ez, los adolescentes y j\u00f3venes, para ello\nse ofrecen diplomados especializados a quinees lideran estos ministerios en las\niglesias locales. <\/p>\n\n\n\n<figure class=\"wp-block-image\"><img decoding=\"async\" loading=\"lazy\" width=\"1024\" height=\"778\" src=\"https:\/\/laprensacristiana.com\/wp-content\/uploads\/2020\/01\/WhatsApp-Image-2019-12-11-at-1.19.36-PM-4-1024x778.jpeg\" alt=\"\" class=\"wp-image-7806\" srcset=\"https:\/\/laprensacristiana.com\/wp-content\/uploads\/2020\/01\/WhatsApp-Image-2019-12-11-at-1.19.36-PM-4-1024x778.jpeg 1024w, https:\/\/laprensacristiana.com\/wp-content\/uploads\/2020\/01\/WhatsApp-Image-2019-12-11-at-1.19.36-PM-4-300x228.jpeg 300w, https:\/\/laprensacristiana.com\/wp-content\/uploads\/2020\/01\/WhatsApp-Image-2019-12-11-at-1.19.36-PM-4-768x583.jpeg 768w, https:\/\/laprensacristiana.com\/wp-content\/uploads\/2020\/01\/WhatsApp-Image-2019-12-11-at-1.19.36-PM-4-80x60.jpeg 80w, https:\/\/laprensacristiana.com\/wp-content\/uploads\/2020\/01\/WhatsApp-Image-2019-12-11-at-1.19.36-PM-4-696x529.jpeg 696w, https:\/\/laprensacristiana.com\/wp-content\/uploads\/2020\/01\/WhatsApp-Image-2019-12-11-at-1.19.36-PM-4-1068x811.jpeg 1068w, https:\/\/laprensacristiana.com\/wp-content\/uploads\/2020\/01\/WhatsApp-Image-2019-12-11-at-1.19.36-PM-4-553x420.jpeg 553w, https:\/\/laprensacristiana.com\/wp-content\/uploads\/2020\/01\/WhatsApp-Image-2019-12-11-at-1.19.36-PM-4-600x456.jpeg 600w, https:\/\/laprensacristiana.com\/wp-content\/uploads\/2020\/01\/WhatsApp-Image-2019-12-11-at-1.19.36-PM-4.jpeg 1280w\" sizes=\"(max-width: 1024px) 100vw, 1024px\" \/><\/figure>\n\n\n\n<p>La iglesia de Dios tiene su sede central en la ciudad de Santa Tecla, pero debido al crecimiento que ha tenido en el territorio salvadore\u00f1o se ha visto en la necesidad de organizarse en tres Territorios: Occidente, Centro y Oriente, cada uno administrado por un supervisor territorial. Hasta la fecha la iglesia cuenta con cuatrocientas siete iglesias y una membres\u00eda de cuarenta un mil miembros, aproximadamente. Actualmente la Iglesia de Dios es supervisada por el Pastor Miguel \u00c1ngel Perdomo.<\/p>\n\n\n\n<figure class=\"wp-block-image\"><img decoding=\"async\" loading=\"lazy\" width=\"1024\" height=\"825\" src=\"https:\/\/laprensacristiana.com\/wp-content\/uploads\/2020\/01\/WhatsApp-Image-2019-12-11-at-1.19.36-PM-5-1024x825.jpeg\" alt=\"\" class=\"wp-image-7807\" srcset=\"https:\/\/laprensacristiana.com\/wp-content\/uploads\/2020\/01\/WhatsApp-Image-2019-12-11-at-1.19.36-PM-5-1024x825.jpeg 1024w, https:\/\/laprensacristiana.com\/wp-content\/uploads\/2020\/01\/WhatsApp-Image-2019-12-11-at-1.19.36-PM-5-300x242.jpeg 300w, https:\/\/laprensacristiana.com\/wp-content\/uploads\/2020\/01\/WhatsApp-Image-2019-12-11-at-1.19.36-PM-5-768x619.jpeg 768w, https:\/\/laprensacristiana.com\/wp-content\/uploads\/2020\/01\/WhatsApp-Image-2019-12-11-at-1.19.36-PM-5-696x561.jpeg 696w, https:\/\/laprensacristiana.com\/wp-content\/uploads\/2020\/01\/WhatsApp-Image-2019-12-11-at-1.19.36-PM-5-1068x860.jpeg 1068w, https:\/\/laprensacristiana.com\/wp-content\/uploads\/2020\/01\/WhatsApp-Image-2019-12-11-at-1.19.36-PM-5-521x420.jpeg 521w, https:\/\/laprensacristiana.com\/wp-content\/uploads\/2020\/01\/WhatsApp-Image-2019-12-11-at-1.19.36-PM-5-600x483.jpeg 600w, https:\/\/laprensacristiana.com\/wp-content\/uploads\/2020\/01\/WhatsApp-Image-2019-12-11-at-1.19.36-PM-5.jpeg 1280w\" sizes=\"(max-width: 1024px) 100vw, 1024px\" \/><\/figure>\n\n\n\n<p> <\/p>\n","protected":false},"excerpt":{"rendered":"<p>La iglesia de Dios en El Salvador celebr\u00f3 su primera sesi\u00f3n oficial un 17 de noviembre de 1941 en el cant\u00f3n Calzontes Arriba, Santa Ana, anterior a esto, en 1939, el Misionero H. Syverson ya hab\u00eda organizado las iglesia independientes de Federico Mebius, como iglesias de Dios. Seg\u00fan este registro la iglesia de Dios naci\u00f3 [&hellip;]<\/p>\n","protected":false},"author":3,"featured_media":7802,"comment_status":"open","ping_status":"open","sticky":false,"template":"","format":"standard","meta":[],"categories":[69],"tags":[],"yoast_head":"<!-- This site is optimized with the Yoast SEO plugin v20.8 - https:\/\/yoast.com\/wordpress\/plugins\/seo\/ -->\n<title>Iglesia de Dios cumple 78 a\u00f1os en El Salvador - La Prensa Cristiana<\/title>\n<meta name=\"robots\" content=\"index, follow, max-snippet:-1, max-image-preview:large, max-video-preview:-1\" \/>\n<link rel=\"canonical\" href=\"https:\/\/laprensacristiana.com\/?p=7801\" \/>\n<meta property=\"og:locale\" content=\"es_ES\" \/>\n<meta property=\"og:type\" content=\"article\" \/>\n<meta property=\"og:title\" content=\"Iglesia de Dios cumple 78 a\u00f1os en El Salvador - La Prensa Cristiana\" \/>\n<meta property=\"og:description\" content=\"La iglesia de Dios en El Salvador celebr\u00f3 su primera sesi\u00f3n oficial un 17 de noviembre de 1941 en el cant\u00f3n Calzontes Arriba, Santa Ana, anterior a esto, en 1939, el Misionero H. Syverson ya hab\u00eda organizado las iglesia independientes de Federico Mebius, como iglesias de Dios. Seg\u00fan este registro la iglesia de Dios naci\u00f3 [&hellip;]\" \/>\n<meta property=\"og:url\" content=\"https:\/\/laprensacristiana.com\/?p=7801\" \/>\n<meta property=\"og:site_name\" content=\"La Prensa Cristiana\" \/>\n<meta property=\"article:published_time\" content=\"2020-01-17T21:23:51+00:00\" \/>\n<meta property=\"article:modified_time\" content=\"2020-01-17T21:23:54+00:00\" \/>\n<meta property=\"og:image\" content=\"https:\/\/laprensacristiana.com\/wp-content\/uploads\/2020\/01\/WhatsApp-Image-2019-12-11-at-1.19.36-PM.jpeg\" \/>\n\t<meta property=\"og:image:width\" content=\"960\" \/>\n\t<meta property=\"og:image:height\" content=\"720\" \/>\n\t<meta property=\"og:image:type\" content=\"image\/jpeg\" \/>\n<meta name=\"author\" content=\"EDITOR\" \/>\n<meta name=\"twitter:card\" content=\"summary_large_image\" \/>\n<meta name=\"twitter:label1\" content=\"Escrito por\" \/>\n\t<meta name=\"twitter:data1\" content=\"EDITOR\" \/>\n\t<meta name=\"twitter:label2\" content=\"Tiempo de lectura\" \/>\n\t<meta name=\"twitter:data2\" content=\"3 minutos\" \/>\n<script type=\"application\/ld+json\" class=\"yoast-schema-graph\">{\"@context\":\"https:\/\/schema.org\",\"@graph\":[{\"@type\":\"WebPage\",\"@id\":\"https:\/\/laprensacristiana.com\/?p=7801\",\"url\":\"https:\/\/laprensacristiana.com\/?p=7801\",\"name\":\"Iglesia de Dios cumple 78 a\u00f1os en El Salvador - La Prensa Cristiana\",\"isPartOf\":{\"@id\":\"https:\/\/laprensacristiana.com\/#website\"},\"datePublished\":\"2020-01-17T21:23:51+00:00\",\"dateModified\":\"2020-01-17T21:23:54+00:00\",\"author\":{\"@id\":\"https:\/\/laprensacristiana.com\/#\/schema\/person\/3e7d82c6bfd6b1fa67010f8f7cd5256e\"},\"breadcrumb\":{\"@id\":\"https:\/\/laprensacristiana.com\/?p=7801#breadcrumb\"},\"inLanguage\":\"es\",\"potentialAction\":[{\"@type\":\"ReadAction\",\"target\":[\"https:\/\/laprensacristiana.com\/?p=7801\"]}]},{\"@type\":\"BreadcrumbList\",\"@id\":\"https:\/\/laprensacristiana.com\/?p=7801#breadcrumb\",\"itemListElement\":[{\"@type\":\"ListItem\",\"position\":1,\"name\":\"Portada\",\"item\":\"https:\/\/laprensacristiana.com\/\"},{\"@type\":\"ListItem\",\"position\":2,\"name\":\"Iglesia de Dios cumple 78 a\u00f1os en El Salvador\"}]},{\"@type\":\"WebSite\",\"@id\":\"https:\/\/laprensacristiana.com\/#website\",\"url\":\"https:\/\/laprensacristiana.com\/\",\"name\":\"La Prensa Cristiana\",\"description\":\"Anunciando Las Buenas Nuevas\",\"potentialAction\":[{\"@type\":\"SearchAction\",\"target\":{\"@type\":\"EntryPoint\",\"urlTemplate\":\"https:\/\/laprensacristiana.com\/?s={search_term_string}\"},\"query-input\":\"required name=search_term_string\"}],\"inLanguage\":\"es\"},{\"@type\":\"Person\",\"@id\":\"https:\/\/laprensacristiana.com\/#\/schema\/person\/3e7d82c6bfd6b1fa67010f8f7cd5256e\",\"name\":\"EDITOR\",\"image\":{\"@type\":\"ImageObject\",\"inLanguage\":\"es\",\"@id\":\"https:\/\/laprensacristiana.com\/#\/schema\/person\/image\/\",\"url\":\"https:\/\/secure.gravatar.com\/avatar\/72069dfb6c13772d9e8381e3638666d2?s=96&d=mm&r=g\",\"contentUrl\":\"https:\/\/secure.gravatar.com\/avatar\/72069dfb6c13772d9e8381e3638666d2?s=96&d=mm&r=g\",\"caption\":\"EDITOR\"},\"url\":\"https:\/\/laprensacristiana.com\/?author=3\"}]}<\/script>\n<!-- \/ Yoast SEO plugin. -->","yoast_head_json":{"title":"Iglesia de Dios cumple 78 a\u00f1os en El Salvador - La Prensa Cristiana","robots":{"index":"index","follow":"follow","max-snippet":"max-snippet:-1","max-image-preview":"max-image-preview:large","max-video-preview":"max-video-preview:-1"},"canonical":"https:\/\/laprensacristiana.com\/?p=7801","og_locale":"es_ES","og_type":"article","og_title":"Iglesia de Dios cumple 78 a\u00f1os en El Salvador - La Prensa Cristiana","og_description":"La iglesia de Dios en El Salvador celebr\u00f3 su primera sesi\u00f3n oficial un 17 de noviembre de 1941 en el cant\u00f3n Calzontes Arriba, Santa Ana, anterior a esto, en 1939, el Misionero H. Syverson ya hab\u00eda organizado las iglesia independientes de Federico Mebius, como iglesias de Dios. Seg\u00fan este registro la iglesia de Dios naci\u00f3 [&hellip;]","og_url":"https:\/\/laprensacristiana.com\/?p=7801","og_site_name":"La Prensa Cristiana","article_published_time":"2020-01-17T21:23:51+00:00","article_modified_time":"2020-01-17T21:23:54+00:00","og_image":[{"width":960,"height":720,"url":"https:\/\/laprensacristiana.com\/wp-content\/uploads\/2020\/01\/WhatsApp-Image-2019-12-11-at-1.19.36-PM.jpeg","type":"image\/jpeg"}],"author":"EDITOR","twitter_card":"summary_large_image","twitter_misc":{"Escrito por":"EDITOR","Tiempo de lectura":"3 minutos"},"schema":{"@context":"https:\/\/schema.org","@graph":[{"@type":"WebPage","@id":"https:\/\/laprensacristiana.com\/?p=7801","url":"https:\/\/laprensacristiana.com\/?p=7801","name":"Iglesia de Dios cumple 78 a\u00f1os en El Salvador - La Prensa Cristiana","isPartOf":{"@id":"https:\/\/laprensacristiana.com\/#website"},"datePublished":"2020-01-17T21:23:51+00:00","dateModified":"2020-01-17T21:23:54+00:00","author":{"@id":"https:\/\/laprensacristiana.com\/#\/schema\/person\/3e7d82c6bfd6b1fa67010f8f7cd5256e"},"breadcrumb":{"@id":"https:\/\/laprensacristiana.com\/?p=7801#breadcrumb"},"inLanguage":"es","potentialAction":[{"@type":"ReadAction","target":["https:\/\/laprensacristiana.com\/?p=7801"]}]},{"@type":"BreadcrumbList","@id":"https:\/\/laprensacristiana.com\/?p=7801#breadcrumb","itemListElement":[{"@type":"ListItem","position":1,"name":"Portada","item":"https:\/\/laprensacristiana.com\/"},{"@type":"ListItem","position":2,"name":"Iglesia de Dios cumple 78 a\u00f1os en El Salvador"}]},{"@type":"WebSite","@id":"https:\/\/laprensacristiana.com\/#website","url":"https:\/\/laprensacristiana.com\/","name":"La Prensa Cristiana","description":"Anunciando Las Buenas Nuevas","potentialAction":[{"@type":"SearchAction","target":{"@type":"EntryPoint","urlTemplate":"https:\/\/laprensacristiana.com\/?s={search_term_string}"},"query-input":"required name=search_term_string"}],"inLanguage":"es"},{"@type":"Person","@id":"https:\/\/laprensacristiana.com\/#\/schema\/person\/3e7d82c6bfd6b1fa67010f8f7cd5256e","name":"EDITOR","image":{"@type":"ImageObject","inLanguage":"es","@id":"https:\/\/laprensacristiana.com\/#\/schema\/person\/image\/","url":"https:\/\/secure.gravatar.com\/avatar\/72069dfb6c13772d9e8381e3638666d2?s=96&d=mm&r=g","contentUrl":"https:\/\/secure.gravatar.com\/avatar\/72069dfb6c13772d9e8381e3638666d2?s=96&d=mm&r=g","caption":"EDITOR"},"url":"https:\/\/laprensacristiana.com\/?author=3"}]}},"_links":{"self":[{"href":"https:\/\/laprensacristiana.com\/index.php?rest_route=\/wp\/v2\/posts\/7801"}],"collection":[{"href":"https:\/\/laprensacristiana.com\/index.php?rest_route=\/wp\/v2\/posts"}],"about":[{"href":"https:\/\/laprensacristiana.com\/index.php?rest_route=\/wp\/v2\/types\/post"}],"author":[{"embeddable":true,"href":"https:\/\/laprensacristiana.com\/index.php?rest_route=\/wp\/v2\/users\/3"}],"replies":[{"embeddable":true,"href":"https:\/\/laprensacristiana.com\/index.php?rest_route=%2Fwp%2Fv2%2Fcomments&post=7801"}],"version-history":[{"count":1,"href":"https:\/\/laprensacristiana.com\/index.php?rest_route=\/wp\/v2\/posts\/7801\/revisions"}],"predecessor-version":[{"id":7808,"href":"https:\/\/laprensacristiana.com\/index.php?rest_route=\/wp\/v2\/posts\/7801\/revisions\/7808"}],"wp:featuredmedia":[{"embeddable":true,"href":"https:\/\/laprensacristiana.com\/index.php?rest_route=\/wp\/v2\/media\/7802"}],"wp:attachment":[{"href":"https:\/\/laprensacristiana.com\/index.php?rest_route=%2Fwp%2Fv2%2Fmedia&parent=7801"}],"wp:term":[{"taxonomy":"category","embeddable":true,"href":"https:\/\/laprensacristiana.com\/index.php?rest_route=%2Fwp%2Fv2%2Fcategories&post=7801"},{"taxonomy":"post_tag","embeddable":true,"href":"https:\/\/laprensacristiana.com\/index.php?rest_route=%2Fwp%2Fv2%2Ftags&post=7801"}],"curies":[{"name":"wp","href":"https:\/\/api.w.org\/{rel}","templated":true}]}}