{"id":7819,"date":"2020-01-18T01:47:01","date_gmt":"2020-01-18T01:47:01","guid":{"rendered":"https:\/\/laprensacristiana.com\/?p=7819"},"modified":"2020-01-18T01:47:04","modified_gmt":"2020-01-18T01:47:04","slug":"el-pastor-toby-jr-visita-a-privados-de-libertad","status":"publish","type":"post","link":"https:\/\/laprensacristiana.com\/?p=7819","title":{"rendered":"El Pastor Toby Jr visita a privados de libertad"},"content":{"rendered":"\n<p>El Pastor Edgar L\u00f3pez Bertrand Jr. comparti\u00f3 a trav\u00e9s de sus\nredes un poco de la visita que realiz\u00f3 al centro penitenciario \u201cLa Granja para\nMujeres Izalco\u201d, quien tiene una capacidad para albergar m\u00e1s de 1,500 privadas\nde libertad. <\/p>\n\n\n\n<p>Las mujeres recluidas en \u201cLa Granja\u201d pertenecen al programa\n\u201cYo cambio\u201d que son reos en fase confianza, el objetivo de este programa es que\npuedan servir a la sociedad como parte de la justicia restaurativa.<\/p>\n\n\n\n<p>El pastor de la Iglesia Tabern\u00e1culo B\u00edblico Bautista Amigos\nde Israel, llev\u00f3 no solo la palabra de Dios si no cajas con ayuda para las\nmujeres privadas de libertad.<\/p>\n\n\n\n<p>\u201cEl servicio a los dem\u00e1s es el mejor camino\u201d expres\u00f3 el\npastor mientras compart\u00eda su recorrido en la carretera hacia \u201cLa Granja\u201d,\ntambi\u00e9n comparti\u00f3 un texto b\u00edblico:<\/p>\n\n\n\n<p>\u201cAcordaos de los privados de libertad\u201d Hebreos 13:3<\/p>\n\n\n\n<figure class=\"wp-block-image\"><img decoding=\"async\" loading=\"lazy\" width=\"1024\" height=\"1024\" src=\"https:\/\/laprensacristiana.com\/wp-content\/uploads\/2020\/01\/WhatsApp-Image-2020-01-17-at-19.35.46-1024x1024.jpeg\" alt=\"\" class=\"wp-image-7820\" srcset=\"https:\/\/laprensacristiana.com\/wp-content\/uploads\/2020\/01\/WhatsApp-Image-2020-01-17-at-19.35.46-1024x1024.jpeg 1024w, https:\/\/laprensacristiana.com\/wp-content\/uploads\/2020\/01\/WhatsApp-Image-2020-01-17-at-19.35.46-150x150.jpeg 150w, https:\/\/laprensacristiana.com\/wp-content\/uploads\/2020\/01\/WhatsApp-Image-2020-01-17-at-19.35.46-300x300.jpeg 300w, https:\/\/laprensacristiana.com\/wp-content\/uploads\/2020\/01\/WhatsApp-Image-2020-01-17-at-19.35.46-768x768.jpeg 768w, https:\/\/laprensacristiana.com\/wp-content\/uploads\/2020\/01\/WhatsApp-Image-2020-01-17-at-19.35.46-696x696.jpeg 696w, https:\/\/laprensacristiana.com\/wp-content\/uploads\/2020\/01\/WhatsApp-Image-2020-01-17-at-19.35.46-1068x1068.jpeg 1068w, https:\/\/laprensacristiana.com\/wp-content\/uploads\/2020\/01\/WhatsApp-Image-2020-01-17-at-19.35.46-420x420.jpeg 420w, https:\/\/laprensacristiana.com\/wp-content\/uploads\/2020\/01\/WhatsApp-Image-2020-01-17-at-19.35.46-600x600.jpeg 600w, https:\/\/laprensacristiana.com\/wp-content\/uploads\/2020\/01\/WhatsApp-Image-2020-01-17-at-19.35.46-100x100.jpeg 100w, https:\/\/laprensacristiana.com\/wp-content\/uploads\/2020\/01\/WhatsApp-Image-2020-01-17-at-19.35.46.jpeg 1080w\" sizes=\"(max-width: 1024px) 100vw, 1024px\" \/><\/figure>\n","protected":false},"excerpt":{"rendered":"<p>El Pastor Edgar L\u00f3pez Bertrand Jr. comparti\u00f3 a trav\u00e9s de sus redes un poco de la visita que realiz\u00f3 al centro penitenciario \u201cLa Granja para Mujeres Izalco\u201d, quien tiene una capacidad para albergar m\u00e1s de 1,500 privadas de libertad. Las mujeres recluidas en \u201cLa Granja\u201d pertenecen al programa \u201cYo cambio\u201d que son reos en fase [&hellip;]<\/p>\n","protected":false},"author":3,"featured_media":7821,"comment_status":"open","ping_status":"open","sticky":false,"template":"","format":"standard","meta":[],"categories":[56],"tags":[],"yoast_head":"<!-- This site is optimized with the Yoast SEO plugin v20.8 - https:\/\/yoast.com\/wordpress\/plugins\/seo\/ -->\n<title>El Pastor Toby Jr visita a privados de libertad - La Prensa Cristiana<\/title>\n<meta name=\"robots\" content=\"index, follow, max-snippet:-1, max-image-preview:large, max-video-preview:-1\" \/>\n<link rel=\"canonical\" href=\"https:\/\/laprensacristiana.com\/?p=7819\" \/>\n<meta property=\"og:locale\" content=\"es_ES\" \/>\n<meta property=\"og:type\" content=\"article\" \/>\n<meta property=\"og:title\" content=\"El Pastor Toby Jr visita a privados de libertad - La Prensa Cristiana\" \/>\n<meta property=\"og:description\" content=\"El Pastor Edgar L\u00f3pez Bertrand Jr. comparti\u00f3 a trav\u00e9s de sus redes un poco de la visita que realiz\u00f3 al centro penitenciario \u201cLa Granja para Mujeres Izalco\u201d, quien tiene una capacidad para albergar m\u00e1s de 1,500 privadas de libertad. Las mujeres recluidas en \u201cLa Granja\u201d pertenecen al programa \u201cYo cambio\u201d que son reos en fase [&hellip;]\" \/>\n<meta property=\"og:url\" content=\"https:\/\/laprensacristiana.com\/?p=7819\" \/>\n<meta property=\"og:site_name\" content=\"La Prensa Cristiana\" \/>\n<meta property=\"article:published_time\" content=\"2020-01-18T01:47:01+00:00\" \/>\n<meta property=\"article:modified_time\" content=\"2020-01-18T01:47:04+00:00\" \/>\n<meta property=\"og:image\" content=\"https:\/\/laprensacristiana.com\/wp-content\/uploads\/2020\/01\/WhatsApp-Image-2020-01-17-at-19.35.43.jpeg\" \/>\n\t<meta property=\"og:image:width\" content=\"1080\" \/>\n\t<meta property=\"og:image:height\" content=\"1080\" \/>\n\t<meta property=\"og:image:type\" content=\"image\/jpeg\" \/>\n<meta name=\"author\" content=\"EDITOR\" \/>\n<meta name=\"twitter:card\" content=\"summary_large_image\" \/>\n<meta name=\"twitter:label1\" content=\"Escrito por\" \/>\n\t<meta name=\"twitter:data1\" content=\"EDITOR\" \/>\n\t<meta name=\"twitter:label2\" content=\"Tiempo de lectura\" \/>\n\t<meta name=\"twitter:data2\" content=\"1 minuto\" \/>\n<script type=\"application\/ld+json\" class=\"yoast-schema-graph\">{\"@context\":\"https:\/\/schema.org\",\"@graph\":[{\"@type\":\"WebPage\",\"@id\":\"https:\/\/laprensacristiana.com\/?p=7819\",\"url\":\"https:\/\/laprensacristiana.com\/?p=7819\",\"name\":\"El Pastor Toby Jr visita a privados de libertad - La Prensa Cristiana\",\"isPartOf\":{\"@id\":\"https:\/\/laprensacristiana.com\/#website\"},\"datePublished\":\"2020-01-18T01:47:01+00:00\",\"dateModified\":\"2020-01-18T01:47:04+00:00\",\"author\":{\"@id\":\"https:\/\/laprensacristiana.com\/#\/schema\/person\/3e7d82c6bfd6b1fa67010f8f7cd5256e\"},\"breadcrumb\":{\"@id\":\"https:\/\/laprensacristiana.com\/?p=7819#breadcrumb\"},\"inLanguage\":\"es\",\"potentialAction\":[{\"@type\":\"ReadAction\",\"target\":[\"https:\/\/laprensacristiana.com\/?p=7819\"]}]},{\"@type\":\"BreadcrumbList\",\"@id\":\"https:\/\/laprensacristiana.com\/?p=7819#breadcrumb\",\"itemListElement\":[{\"@type\":\"ListItem\",\"position\":1,\"name\":\"Portada\",\"item\":\"https:\/\/laprensacristiana.com\/\"},{\"@type\":\"ListItem\",\"position\":2,\"name\":\"El Pastor Toby Jr visita a privados de libertad\"}]},{\"@type\":\"WebSite\",\"@id\":\"https:\/\/laprensacristiana.com\/#website\",\"url\":\"https:\/\/laprensacristiana.com\/\",\"name\":\"La Prensa Cristiana\",\"description\":\"Anunciando Las Buenas Nuevas\",\"potentialAction\":[{\"@type\":\"SearchAction\",\"target\":{\"@type\":\"EntryPoint\",\"urlTemplate\":\"https:\/\/laprensacristiana.com\/?s={search_term_string}\"},\"query-input\":\"required name=search_term_string\"}],\"inLanguage\":\"es\"},{\"@type\":\"Person\",\"@id\":\"https:\/\/laprensacristiana.com\/#\/schema\/person\/3e7d82c6bfd6b1fa67010f8f7cd5256e\",\"name\":\"EDITOR\",\"image\":{\"@type\":\"ImageObject\",\"inLanguage\":\"es\",\"@id\":\"https:\/\/laprensacristiana.com\/#\/schema\/person\/image\/\",\"url\":\"https:\/\/secure.gravatar.com\/avatar\/72069dfb6c13772d9e8381e3638666d2?s=96&d=mm&r=g\",\"contentUrl\":\"https:\/\/secure.gravatar.com\/avatar\/72069dfb6c13772d9e8381e3638666d2?s=96&d=mm&r=g\",\"caption\":\"EDITOR\"},\"url\":\"https:\/\/laprensacristiana.com\/?author=3\"}]}<\/script>\n<!-- \/ Yoast SEO plugin. -->","yoast_head_json":{"title":"El Pastor Toby Jr visita a privados de libertad - La Prensa Cristiana","robots":{"index":"index","follow":"follow","max-snippet":"max-snippet:-1","max-image-preview":"max-image-preview:large","max-video-preview":"max-video-preview:-1"},"canonical":"https:\/\/laprensacristiana.com\/?p=7819","og_locale":"es_ES","og_type":"article","og_title":"El Pastor Toby Jr visita a privados de libertad - La Prensa Cristiana","og_description":"El Pastor Edgar L\u00f3pez Bertrand Jr. comparti\u00f3 a trav\u00e9s de sus redes un poco de la visita que realiz\u00f3 al centro penitenciario \u201cLa Granja para Mujeres Izalco\u201d, quien tiene una capacidad para albergar m\u00e1s de 1,500 privadas de libertad. Las mujeres recluidas en \u201cLa Granja\u201d pertenecen al programa \u201cYo cambio\u201d que son reos en fase [&hellip;]","og_url":"https:\/\/laprensacristiana.com\/?p=7819","og_site_name":"La Prensa Cristiana","article_published_time":"2020-01-18T01:47:01+00:00","article_modified_time":"2020-01-18T01:47:04+00:00","og_image":[{"width":1080,"height":1080,"url":"https:\/\/laprensacristiana.com\/wp-content\/uploads\/2020\/01\/WhatsApp-Image-2020-01-17-at-19.35.43.jpeg","type":"image\/jpeg"}],"author":"EDITOR","twitter_card":"summary_large_image","twitter_misc":{"Escrito por":"EDITOR","Tiempo de lectura":"1 minuto"},"schema":{"@context":"https:\/\/schema.org","@graph":[{"@type":"WebPage","@id":"https:\/\/laprensacristiana.com\/?p=7819","url":"https:\/\/laprensacristiana.com\/?p=7819","name":"El Pastor Toby Jr visita a privados de libertad - La Prensa Cristiana","isPartOf":{"@id":"https:\/\/laprensacristiana.com\/#website"},"datePublished":"2020-01-18T01:47:01+00:00","dateModified":"2020-01-18T01:47:04+00:00","author":{"@id":"https:\/\/laprensacristiana.com\/#\/schema\/person\/3e7d82c6bfd6b1fa67010f8f7cd5256e"},"breadcrumb":{"@id":"https:\/\/laprensacristiana.com\/?p=7819#breadcrumb"},"inLanguage":"es","potentialAction":[{"@type":"ReadAction","target":["https:\/\/laprensacristiana.com\/?p=7819"]}]},{"@type":"BreadcrumbList","@id":"https:\/\/laprensacristiana.com\/?p=7819#breadcrumb","itemListElement":[{"@type":"ListItem","position":1,"name":"Portada","item":"https:\/\/laprensacristiana.com\/"},{"@type":"ListItem","position":2,"name":"El Pastor Toby Jr visita a privados de libertad"}]},{"@type":"WebSite","@id":"https:\/\/laprensacristiana.com\/#website","url":"https:\/\/laprensacristiana.com\/","name":"La Prensa Cristiana","description":"Anunciando Las Buenas Nuevas","potentialAction":[{"@type":"SearchAction","target":{"@type":"EntryPoint","urlTemplate":"https:\/\/laprensacristiana.com\/?s={search_term_string}"},"query-input":"required name=search_term_string"}],"inLanguage":"es"},{"@type":"Person","@id":"https:\/\/laprensacristiana.com\/#\/schema\/person\/3e7d82c6bfd6b1fa67010f8f7cd5256e","name":"EDITOR","image":{"@type":"ImageObject","inLanguage":"es","@id":"https:\/\/laprensacristiana.com\/#\/schema\/person\/image\/","url":"https:\/\/secure.gravatar.com\/avatar\/72069dfb6c13772d9e8381e3638666d2?s=96&d=mm&r=g","contentUrl":"https:\/\/secure.gravatar.com\/avatar\/72069dfb6c13772d9e8381e3638666d2?s=96&d=mm&r=g","caption":"EDITOR"},"url":"https:\/\/laprensacristiana.com\/?author=3"}]}},"_links":{"self":[{"href":"https:\/\/laprensacristiana.com\/index.php?rest_route=\/wp\/v2\/posts\/7819"}],"collection":[{"href":"https:\/\/laprensacristiana.com\/index.php?rest_route=\/wp\/v2\/posts"}],"about":[{"href":"https:\/\/laprensacristiana.com\/index.php?rest_route=\/wp\/v2\/types\/post"}],"author":[{"embeddable":true,"href":"https:\/\/laprensacristiana.com\/index.php?rest_route=\/wp\/v2\/users\/3"}],"replies":[{"embeddable":true,"href":"https:\/\/laprensacristiana.com\/index.php?rest_route=%2Fwp%2Fv2%2Fcomments&post=7819"}],"version-history":[{"count":1,"href":"https:\/\/laprensacristiana.com\/index.php?rest_route=\/wp\/v2\/posts\/7819\/revisions"}],"predecessor-version":[{"id":7822,"href":"https:\/\/laprensacristiana.com\/index.php?rest_route=\/wp\/v2\/posts\/7819\/revisions\/7822"}],"wp:featuredmedia":[{"embeddable":true,"href":"https:\/\/laprensacristiana.com\/index.php?rest_route=\/wp\/v2\/media\/7821"}],"wp:attachment":[{"href":"https:\/\/laprensacristiana.com\/index.php?rest_route=%2Fwp%2Fv2%2Fmedia&parent=7819"}],"wp:term":[{"taxonomy":"category","embeddable":true,"href":"https:\/\/laprensacristiana.com\/index.php?rest_route=%2Fwp%2Fv2%2Fcategories&post=7819"},{"taxonomy":"post_tag","embeddable":true,"href":"https:\/\/laprensacristiana.com\/index.php?rest_route=%2Fwp%2Fv2%2Ftags&post=7819"}],"curies":[{"name":"wp","href":"https:\/\/api.w.org\/{rel}","templated":true}]}}