{"id":7843,"date":"2020-01-20T14:06:30","date_gmt":"2020-01-20T14:06:30","guid":{"rendered":"https:\/\/laprensacristiana.com\/?p=7843"},"modified":"2020-01-20T14:06:33","modified_gmt":"2020-01-20T14:06:33","slug":"la-orden-de-jesus","status":"publish","type":"post","link":"https:\/\/laprensacristiana.com\/?p=7843","title":{"rendered":"La orden de Jes\u00fas"},"content":{"rendered":"\n<pre class=\"wp-block-code\"><code>                                                 <\/code><\/pre>\n\n\n\n<p>Mateo 28:20 \u201cense\u00f1\u00e1ndoles a guardar todo lo que os he mandado\u201d<br> Juan 2:5 \u201cSu madre dijo* a los que serv\u00edan: Haced todo lo que El os diga\u201d<\/p>\n\n\n\n<p>Indudablemente, a los pastores a\u00fan nos falta mucho para poder ser lo que debemos ser: Mensajeros del Se\u00f1or para el pueblo. No estoy descubriendo el agua azucarada. Es lo que se ve y lo que se hace hoy en d\u00eca en muchas congregaciones en donde se debiera predicar lo que Jesus orden\u00f3 y no lo que creemos nosotros los pastores que debemos ense\u00f1ar.<\/p>\n\n\n\n<p>Si algo ha da\u00f1ado tremendamente a la Iglesia, es el estilo de los mensajeros que no estamos entregando el verdadero mensaje de Jesucristo. Hemos hecho nuestras propias teolog\u00edas y las hemos acomodado al gusto del pueblo que sostiene los edificios con sus ofrendas. Y, con verg\u00fcenza hay que aceptarlo, los gustos del pastor y sus ayudantes.<\/p>\n\n\n\n<p>Fiestas, carnavales, festejos mundanos, desfiles de moda, el super padre, la super mam\u00e1, la super hija y un largo etc\u00e9tera se celebra hoy en la congregaci\u00f3n en donde lo \u00fanico que se debe celebrar es al Se\u00f1or Jesus. Pero eso no atrae a la gente. Hay que modernizarse e incluso, en vez de llamarse predicadores de las Buenas Nuevas, hoy nos hacemos llamar motivadores, \u201cinfluencers\u201d oradores y muchos adjetivos m\u00e0s con tal que los que tienen dinero y poder se congreguen con nosotros. Incluso, si usted nos observa, ver\u00e0 que ya se est\u00e1 perdiendo la \u00e9tica en el vestir. Ya no nos presentamos ante el Se\u00f1or vestidos adecuadamente sino imitando el estilo de los fabricantes de tel\u00e9fonos celulares y gerentes de f\u00e1bricas de veh\u00edculos.<\/p>\n\n\n\n<p>Jesus y sus ense\u00f1anzas ha sido relegado al rinc\u00f3n de los recuerdos.<\/p>\n\n\n\n<p>De la boca de Jesus escuchamos sus \u00f3rdenes claramente: \u201cense\u00f1\u00e1ndoles a guardar todo lo que os he mandado\u201d Pero, \u00bflo estamos haciendo realmente, respetados pastores? \u00bfestamos instruyendo al pueblo del Se\u00f1or (que no son nuestros), a guardar su Palabra, sus \u00f3rdenes, mandamientos y preceptos? Cualquiera con cinco dedos de frente sabe que Jesus no empez\u00f3 a ense\u00f1ar en Mateo sino en G\u00e8nesis. Desde all\u00ed empiezan las ense\u00f1anzas del Maestro para que tanto los hombres, mujeres y ni\u00f1os aprendan a temer a Jehov\u00e0. Sin embargo, poco se predica sobre la santidad, el corte del cabello en los hombres, el trato hacia las mujeres y viceversa. El rol de los hombres como sacerdotes del hogar. El papel de la mujer como ayuda del hombre. <\/p>\n\n\n\n<p>Se ha dejado de lado la ense\u00f1anza hacia la juventud. Hoy los j\u00f3venes se visten como pobres, con pantalones rotos y las ni\u00f1as ya no son ni\u00f1as sino modelos de belleza con sus cuerpos bul\u00ecmicos que cuando les llegue el momento de ser madres no se sabe como ir\u00e1n a hacer para sostener en sus brazos a su beb\u00e9. <\/p>\n\n\n\n<p>La Iglesia ha dejado de aprender cu\u00e1l es el prop\u00f3sito de nuestra salvaci\u00f3n. Ya no somos la luz del mundo. Mucho menos sal. Ya nadie quiere saber nada de los evang\u00e9licos porque sus conductas no est\u00e1n siendo ejemplos de virtud. Las tinieblas del mundo penetraron tanto a las congregaciones que la luz se ha apagado en muchas vidas. Ya no se ense\u00f1a que fuimos \u201csacados de las tinieblas a la Luz para mostrar las virtudes de Aquel que nos llam\u00f3\u201d. Las virtudes -si es que hay alguna- que se est\u00e1n mostrando son las de los futbolistas de moda, los artistas y cantantes cristianos de moda, la ropa y parafernalia del mundo. <\/p>\n\n\n\n<p>Siempre les hago una pregunta a los j\u00f3venes de mi congregaci\u00f3n: \u00bfEn d\u00f3nde est\u00e1n sus amigos y amigas de la universidad? \u00bfPor qu\u00e9 no les est\u00e1n siguiendo a ustedes pero ustedes s\u00ed les siguen a ellos? \u00bfQu\u00e9 est\u00e1n viendo sus compa\u00f1eros de estudios en ustedes para que no les de sed de conocer al Se\u00f1or que ustedes dicen servir? Y nadie se atreve a responder. Y lo saben bien: Sus conductas fuera de la iglesia es igual a la de ellos. El axioma se ha cumplido al rev\u00e9s: \u201cQue ellos se conviertan a ti y no t\u00fa a ellos\u201d. Y toda esta verg\u00fcenza ante los propios ojos del pastor tolerante que no se atreve a ense\u00f1ar lo que Mar\u00eca le dijo a aquellos disc\u00edpulos de Jesus en las bodas de Can\u00e1: \u201cHaced todo lo que \u00c8l os diga\u201d. Por eso hoy no hay vino nuevo en nuestras vidas caballeros, por eso no hay vino nuevo en los matrimonios, en las familias, ni en los j\u00f3venes. Los odres se est\u00e1n quedando vac\u00edos. <\/p>\n","protected":false},"excerpt":{"rendered":"<p>Mateo 28:20 \u201cense\u00f1\u00e1ndoles a guardar todo lo que os he mandado\u201d Juan 2:5 \u201cSu madre dijo* a los que serv\u00edan: Haced todo lo que El os diga\u201d Indudablemente, a los pastores a\u00fan nos falta mucho para poder ser lo que debemos ser: Mensajeros del Se\u00f1or para el pueblo. No estoy descubriendo el agua azucarada. Es [&hellip;]<\/p>\n","protected":false},"author":3,"featured_media":6421,"comment_status":"open","ping_status":"open","sticky":false,"template":"","format":"standard","meta":[],"categories":[36],"tags":[],"yoast_head":"<!-- This site is optimized with the Yoast SEO plugin v20.8 - https:\/\/yoast.com\/wordpress\/plugins\/seo\/ -->\n<title>La orden de Jes\u00fas - La Prensa Cristiana<\/title>\n<meta name=\"robots\" content=\"index, follow, max-snippet:-1, max-image-preview:large, max-video-preview:-1\" \/>\n<link rel=\"canonical\" href=\"https:\/\/laprensacristiana.com\/?p=7843\" \/>\n<meta property=\"og:locale\" content=\"es_ES\" \/>\n<meta property=\"og:type\" content=\"article\" \/>\n<meta property=\"og:title\" content=\"La orden de Jes\u00fas - La Prensa Cristiana\" \/>\n<meta property=\"og:description\" content=\"Mateo 28:20 \u201cense\u00f1\u00e1ndoles a guardar todo lo que os he mandado\u201d Juan 2:5 \u201cSu madre dijo* a los que serv\u00edan: Haced todo lo que El os diga\u201d Indudablemente, a los pastores a\u00fan nos falta mucho para poder ser lo que debemos ser: Mensajeros del Se\u00f1or para el pueblo. No estoy descubriendo el agua azucarada. Es [&hellip;]\" \/>\n<meta property=\"og:url\" content=\"https:\/\/laprensacristiana.com\/?p=7843\" \/>\n<meta property=\"og:site_name\" content=\"La Prensa Cristiana\" \/>\n<meta property=\"article:published_time\" content=\"2020-01-20T14:06:30+00:00\" \/>\n<meta property=\"article:modified_time\" content=\"2020-01-20T14:06:33+00:00\" \/>\n<meta property=\"og:image\" content=\"https:\/\/laprensacristiana.com\/wp-content\/uploads\/2019\/09\/2017-11-23-PHOTO-00003245-1.jpg\" \/>\n\t<meta property=\"og:image:width\" content=\"1280\" \/>\n\t<meta property=\"og:image:height\" content=\"714\" \/>\n\t<meta property=\"og:image:type\" content=\"image\/jpeg\" \/>\n<meta name=\"author\" content=\"EDITOR\" \/>\n<meta name=\"twitter:card\" content=\"summary_large_image\" \/>\n<meta name=\"twitter:label1\" content=\"Escrito por\" \/>\n\t<meta name=\"twitter:data1\" content=\"EDITOR\" \/>\n\t<meta name=\"twitter:label2\" content=\"Tiempo de lectura\" \/>\n\t<meta name=\"twitter:data2\" content=\"4 minutos\" \/>\n<script type=\"application\/ld+json\" class=\"yoast-schema-graph\">{\"@context\":\"https:\/\/schema.org\",\"@graph\":[{\"@type\":\"WebPage\",\"@id\":\"https:\/\/laprensacristiana.com\/?p=7843\",\"url\":\"https:\/\/laprensacristiana.com\/?p=7843\",\"name\":\"La orden de Jes\u00fas - La Prensa Cristiana\",\"isPartOf\":{\"@id\":\"https:\/\/laprensacristiana.com\/#website\"},\"datePublished\":\"2020-01-20T14:06:30+00:00\",\"dateModified\":\"2020-01-20T14:06:33+00:00\",\"author\":{\"@id\":\"https:\/\/laprensacristiana.com\/#\/schema\/person\/3e7d82c6bfd6b1fa67010f8f7cd5256e\"},\"breadcrumb\":{\"@id\":\"https:\/\/laprensacristiana.com\/?p=7843#breadcrumb\"},\"inLanguage\":\"es\",\"potentialAction\":[{\"@type\":\"ReadAction\",\"target\":[\"https:\/\/laprensacristiana.com\/?p=7843\"]}]},{\"@type\":\"BreadcrumbList\",\"@id\":\"https:\/\/laprensacristiana.com\/?p=7843#breadcrumb\",\"itemListElement\":[{\"@type\":\"ListItem\",\"position\":1,\"name\":\"Portada\",\"item\":\"https:\/\/laprensacristiana.com\/\"},{\"@type\":\"ListItem\",\"position\":2,\"name\":\"La orden de Jes\u00fas\"}]},{\"@type\":\"WebSite\",\"@id\":\"https:\/\/laprensacristiana.com\/#website\",\"url\":\"https:\/\/laprensacristiana.com\/\",\"name\":\"La Prensa Cristiana\",\"description\":\"Anunciando Las Buenas Nuevas\",\"potentialAction\":[{\"@type\":\"SearchAction\",\"target\":{\"@type\":\"EntryPoint\",\"urlTemplate\":\"https:\/\/laprensacristiana.com\/?s={search_term_string}\"},\"query-input\":\"required name=search_term_string\"}],\"inLanguage\":\"es\"},{\"@type\":\"Person\",\"@id\":\"https:\/\/laprensacristiana.com\/#\/schema\/person\/3e7d82c6bfd6b1fa67010f8f7cd5256e\",\"name\":\"EDITOR\",\"image\":{\"@type\":\"ImageObject\",\"inLanguage\":\"es\",\"@id\":\"https:\/\/laprensacristiana.com\/#\/schema\/person\/image\/\",\"url\":\"https:\/\/secure.gravatar.com\/avatar\/72069dfb6c13772d9e8381e3638666d2?s=96&d=mm&r=g\",\"contentUrl\":\"https:\/\/secure.gravatar.com\/avatar\/72069dfb6c13772d9e8381e3638666d2?s=96&d=mm&r=g\",\"caption\":\"EDITOR\"},\"url\":\"https:\/\/laprensacristiana.com\/?author=3\"}]}<\/script>\n<!-- \/ Yoast SEO plugin. -->","yoast_head_json":{"title":"La orden de Jes\u00fas - La Prensa Cristiana","robots":{"index":"index","follow":"follow","max-snippet":"max-snippet:-1","max-image-preview":"max-image-preview:large","max-video-preview":"max-video-preview:-1"},"canonical":"https:\/\/laprensacristiana.com\/?p=7843","og_locale":"es_ES","og_type":"article","og_title":"La orden de Jes\u00fas - La Prensa Cristiana","og_description":"Mateo 28:20 \u201cense\u00f1\u00e1ndoles a guardar todo lo que os he mandado\u201d Juan 2:5 \u201cSu madre dijo* a los que serv\u00edan: Haced todo lo que El os diga\u201d Indudablemente, a los pastores a\u00fan nos falta mucho para poder ser lo que debemos ser: Mensajeros del Se\u00f1or para el pueblo. No estoy descubriendo el agua azucarada. Es [&hellip;]","og_url":"https:\/\/laprensacristiana.com\/?p=7843","og_site_name":"La Prensa Cristiana","article_published_time":"2020-01-20T14:06:30+00:00","article_modified_time":"2020-01-20T14:06:33+00:00","og_image":[{"width":1280,"height":714,"url":"https:\/\/laprensacristiana.com\/wp-content\/uploads\/2019\/09\/2017-11-23-PHOTO-00003245-1.jpg","type":"image\/jpeg"}],"author":"EDITOR","twitter_card":"summary_large_image","twitter_misc":{"Escrito por":"EDITOR","Tiempo de lectura":"4 minutos"},"schema":{"@context":"https:\/\/schema.org","@graph":[{"@type":"WebPage","@id":"https:\/\/laprensacristiana.com\/?p=7843","url":"https:\/\/laprensacristiana.com\/?p=7843","name":"La orden de Jes\u00fas - La Prensa Cristiana","isPartOf":{"@id":"https:\/\/laprensacristiana.com\/#website"},"datePublished":"2020-01-20T14:06:30+00:00","dateModified":"2020-01-20T14:06:33+00:00","author":{"@id":"https:\/\/laprensacristiana.com\/#\/schema\/person\/3e7d82c6bfd6b1fa67010f8f7cd5256e"},"breadcrumb":{"@id":"https:\/\/laprensacristiana.com\/?p=7843#breadcrumb"},"inLanguage":"es","potentialAction":[{"@type":"ReadAction","target":["https:\/\/laprensacristiana.com\/?p=7843"]}]},{"@type":"BreadcrumbList","@id":"https:\/\/laprensacristiana.com\/?p=7843#breadcrumb","itemListElement":[{"@type":"ListItem","position":1,"name":"Portada","item":"https:\/\/laprensacristiana.com\/"},{"@type":"ListItem","position":2,"name":"La orden de Jes\u00fas"}]},{"@type":"WebSite","@id":"https:\/\/laprensacristiana.com\/#website","url":"https:\/\/laprensacristiana.com\/","name":"La Prensa Cristiana","description":"Anunciando Las Buenas Nuevas","potentialAction":[{"@type":"SearchAction","target":{"@type":"EntryPoint","urlTemplate":"https:\/\/laprensacristiana.com\/?s={search_term_string}"},"query-input":"required name=search_term_string"}],"inLanguage":"es"},{"@type":"Person","@id":"https:\/\/laprensacristiana.com\/#\/schema\/person\/3e7d82c6bfd6b1fa67010f8f7cd5256e","name":"EDITOR","image":{"@type":"ImageObject","inLanguage":"es","@id":"https:\/\/laprensacristiana.com\/#\/schema\/person\/image\/","url":"https:\/\/secure.gravatar.com\/avatar\/72069dfb6c13772d9e8381e3638666d2?s=96&d=mm&r=g","contentUrl":"https:\/\/secure.gravatar.com\/avatar\/72069dfb6c13772d9e8381e3638666d2?s=96&d=mm&r=g","caption":"EDITOR"},"url":"https:\/\/laprensacristiana.com\/?author=3"}]}},"_links":{"self":[{"href":"https:\/\/laprensacristiana.com\/index.php?rest_route=\/wp\/v2\/posts\/7843"}],"collection":[{"href":"https:\/\/laprensacristiana.com\/index.php?rest_route=\/wp\/v2\/posts"}],"about":[{"href":"https:\/\/laprensacristiana.com\/index.php?rest_route=\/wp\/v2\/types\/post"}],"author":[{"embeddable":true,"href":"https:\/\/laprensacristiana.com\/index.php?rest_route=\/wp\/v2\/users\/3"}],"replies":[{"embeddable":true,"href":"https:\/\/laprensacristiana.com\/index.php?rest_route=%2Fwp%2Fv2%2Fcomments&post=7843"}],"version-history":[{"count":1,"href":"https:\/\/laprensacristiana.com\/index.php?rest_route=\/wp\/v2\/posts\/7843\/revisions"}],"predecessor-version":[{"id":7844,"href":"https:\/\/laprensacristiana.com\/index.php?rest_route=\/wp\/v2\/posts\/7843\/revisions\/7844"}],"wp:featuredmedia":[{"embeddable":true,"href":"https:\/\/laprensacristiana.com\/index.php?rest_route=\/wp\/v2\/media\/6421"}],"wp:attachment":[{"href":"https:\/\/laprensacristiana.com\/index.php?rest_route=%2Fwp%2Fv2%2Fmedia&parent=7843"}],"wp:term":[{"taxonomy":"category","embeddable":true,"href":"https:\/\/laprensacristiana.com\/index.php?rest_route=%2Fwp%2Fv2%2Fcategories&post=7843"},{"taxonomy":"post_tag","embeddable":true,"href":"https:\/\/laprensacristiana.com\/index.php?rest_route=%2Fwp%2Fv2%2Ftags&post=7843"}],"curies":[{"name":"wp","href":"https:\/\/api.w.org\/{rel}","templated":true}]}}