{"id":7845,"date":"2020-01-20T15:44:35","date_gmt":"2020-01-20T15:44:35","guid":{"rendered":"https:\/\/laprensacristiana.com\/?p=7845"},"modified":"2020-01-20T15:44:38","modified_gmt":"2020-01-20T15:44:38","slug":"mas-de-7000-privados-de-libertad-reciben-biblias","status":"publish","type":"post","link":"https:\/\/laprensacristiana.com\/?p=7845","title":{"rendered":"M\u00e1s de 7,000 privados de libertad reciben Biblias"},"content":{"rendered":"\n<p>Gracias a la colaboraci\u00f3n de Sociedad B\u00edblica de El Salvador m\u00e1s de 7,000 privados de libertad se vieron beneficiados con la donaci\u00f3n que esta instituci\u00f3n realiz\u00f3 con una entrega de 7,500 ejemplares de La Biblia, Direcci\u00f3n General de Centros Penales de El Salvador comunic\u00f3 que los ejemplares ser\u00e1n distribuidos en ocho centros penitenciarios del pa\u00eds. <\/p>\n\n\n\n<figure class=\"wp-block-image\"><img decoding=\"async\" loading=\"lazy\" width=\"720\" height=\"480\" src=\"https:\/\/laprensacristiana.com\/wp-content\/uploads\/2020\/01\/WhatsApp-Image-2020-01-20-at-09.25.07.jpeg\" alt=\"\" class=\"wp-image-7846\" srcset=\"https:\/\/laprensacristiana.com\/wp-content\/uploads\/2020\/01\/WhatsApp-Image-2020-01-20-at-09.25.07.jpeg 720w, https:\/\/laprensacristiana.com\/wp-content\/uploads\/2020\/01\/WhatsApp-Image-2020-01-20-at-09.25.07-300x200.jpeg 300w, https:\/\/laprensacristiana.com\/wp-content\/uploads\/2020\/01\/WhatsApp-Image-2020-01-20-at-09.25.07-696x464.jpeg 696w, https:\/\/laprensacristiana.com\/wp-content\/uploads\/2020\/01\/WhatsApp-Image-2020-01-20-at-09.25.07-630x420.jpeg 630w, https:\/\/laprensacristiana.com\/wp-content\/uploads\/2020\/01\/WhatsApp-Image-2020-01-20-at-09.25.07-600x400.jpeg 600w\" sizes=\"(max-width: 720px) 100vw, 720px\" \/><\/figure>\n\n\n\n<p>Sociedad B\u00edblica de El Salvador a trav\u00e9s de sus redes\nexpres\u00f3:<\/p>\n\n\n\n<p>\u201cOremos para que Dios transforme vidas a trav\u00e9s de su\npalabra\u201d.<\/p>\n\n\n\n<p>La misi\u00f3n de esta instituci\u00f3n es que La Biblia est\u00e9 al\nalcance de cada persona en su lenguaje y formato, que puedan entender y as\u00ed\nexperimentar el mensaje que cambia vidas.<\/p>\n","protected":false},"excerpt":{"rendered":"<p>Gracias a la colaboraci\u00f3n de Sociedad B\u00edblica de El Salvador m\u00e1s de 7,000 privados de libertad se vieron beneficiados con la donaci\u00f3n que esta instituci\u00f3n realiz\u00f3 con una entrega de 7,500 ejemplares de La Biblia, Direcci\u00f3n General de Centros Penales de El Salvador comunic\u00f3 que los ejemplares ser\u00e1n distribuidos en ocho centros penitenciarios del pa\u00eds. [&hellip;]<\/p>\n","protected":false},"author":3,"featured_media":7847,"comment_status":"open","ping_status":"open","sticky":false,"template":"","format":"standard","meta":[],"categories":[56],"tags":[],"yoast_head":"<!-- This site is optimized with the Yoast SEO plugin v20.8 - https:\/\/yoast.com\/wordpress\/plugins\/seo\/ -->\n<title>M\u00e1s de 7,000 privados de libertad reciben Biblias - La Prensa Cristiana<\/title>\n<meta name=\"robots\" content=\"index, follow, max-snippet:-1, max-image-preview:large, max-video-preview:-1\" \/>\n<link rel=\"canonical\" href=\"https:\/\/laprensacristiana.com\/?p=7845\" \/>\n<meta property=\"og:locale\" content=\"es_ES\" \/>\n<meta property=\"og:type\" content=\"article\" \/>\n<meta property=\"og:title\" content=\"M\u00e1s de 7,000 privados de libertad reciben Biblias - La Prensa Cristiana\" \/>\n<meta property=\"og:description\" content=\"Gracias a la colaboraci\u00f3n de Sociedad B\u00edblica de El Salvador m\u00e1s de 7,000 privados de libertad se vieron beneficiados con la donaci\u00f3n que esta instituci\u00f3n realiz\u00f3 con una entrega de 7,500 ejemplares de La Biblia, Direcci\u00f3n General de Centros Penales de El Salvador comunic\u00f3 que los ejemplares ser\u00e1n distribuidos en ocho centros penitenciarios del pa\u00eds. [&hellip;]\" \/>\n<meta property=\"og:url\" content=\"https:\/\/laprensacristiana.com\/?p=7845\" \/>\n<meta property=\"og:site_name\" content=\"La Prensa Cristiana\" \/>\n<meta property=\"article:published_time\" content=\"2020-01-20T15:44:35+00:00\" \/>\n<meta property=\"article:modified_time\" content=\"2020-01-20T15:44:38+00:00\" \/>\n<meta property=\"og:image\" content=\"https:\/\/laprensacristiana.com\/wp-content\/uploads\/2020\/01\/WhatsApp-Image-2020-01-20-at-09.25.07-1.jpeg\" \/>\n\t<meta property=\"og:image:width\" content=\"720\" \/>\n\t<meta property=\"og:image:height\" content=\"480\" \/>\n\t<meta property=\"og:image:type\" content=\"image\/jpeg\" \/>\n<meta name=\"author\" content=\"EDITOR\" \/>\n<meta name=\"twitter:card\" content=\"summary_large_image\" \/>\n<meta name=\"twitter:label1\" content=\"Escrito por\" \/>\n\t<meta name=\"twitter:data1\" content=\"EDITOR\" \/>\n\t<meta name=\"twitter:label2\" content=\"Tiempo de lectura\" \/>\n\t<meta name=\"twitter:data2\" content=\"1 minuto\" \/>\n<script type=\"application\/ld+json\" class=\"yoast-schema-graph\">{\"@context\":\"https:\/\/schema.org\",\"@graph\":[{\"@type\":\"WebPage\",\"@id\":\"https:\/\/laprensacristiana.com\/?p=7845\",\"url\":\"https:\/\/laprensacristiana.com\/?p=7845\",\"name\":\"M\u00e1s de 7,000 privados de libertad reciben Biblias - La Prensa Cristiana\",\"isPartOf\":{\"@id\":\"https:\/\/laprensacristiana.com\/#website\"},\"datePublished\":\"2020-01-20T15:44:35+00:00\",\"dateModified\":\"2020-01-20T15:44:38+00:00\",\"author\":{\"@id\":\"https:\/\/laprensacristiana.com\/#\/schema\/person\/3e7d82c6bfd6b1fa67010f8f7cd5256e\"},\"breadcrumb\":{\"@id\":\"https:\/\/laprensacristiana.com\/?p=7845#breadcrumb\"},\"inLanguage\":\"es\",\"potentialAction\":[{\"@type\":\"ReadAction\",\"target\":[\"https:\/\/laprensacristiana.com\/?p=7845\"]}]},{\"@type\":\"BreadcrumbList\",\"@id\":\"https:\/\/laprensacristiana.com\/?p=7845#breadcrumb\",\"itemListElement\":[{\"@type\":\"ListItem\",\"position\":1,\"name\":\"Portada\",\"item\":\"https:\/\/laprensacristiana.com\/\"},{\"@type\":\"ListItem\",\"position\":2,\"name\":\"M\u00e1s de 7,000 privados de libertad reciben Biblias\"}]},{\"@type\":\"WebSite\",\"@id\":\"https:\/\/laprensacristiana.com\/#website\",\"url\":\"https:\/\/laprensacristiana.com\/\",\"name\":\"La Prensa Cristiana\",\"description\":\"Anunciando Las Buenas Nuevas\",\"potentialAction\":[{\"@type\":\"SearchAction\",\"target\":{\"@type\":\"EntryPoint\",\"urlTemplate\":\"https:\/\/laprensacristiana.com\/?s={search_term_string}\"},\"query-input\":\"required name=search_term_string\"}],\"inLanguage\":\"es\"},{\"@type\":\"Person\",\"@id\":\"https:\/\/laprensacristiana.com\/#\/schema\/person\/3e7d82c6bfd6b1fa67010f8f7cd5256e\",\"name\":\"EDITOR\",\"image\":{\"@type\":\"ImageObject\",\"inLanguage\":\"es\",\"@id\":\"https:\/\/laprensacristiana.com\/#\/schema\/person\/image\/\",\"url\":\"https:\/\/secure.gravatar.com\/avatar\/72069dfb6c13772d9e8381e3638666d2?s=96&d=mm&r=g\",\"contentUrl\":\"https:\/\/secure.gravatar.com\/avatar\/72069dfb6c13772d9e8381e3638666d2?s=96&d=mm&r=g\",\"caption\":\"EDITOR\"},\"url\":\"https:\/\/laprensacristiana.com\/?author=3\"}]}<\/script>\n<!-- \/ Yoast SEO plugin. -->","yoast_head_json":{"title":"M\u00e1s de 7,000 privados de libertad reciben Biblias - La Prensa Cristiana","robots":{"index":"index","follow":"follow","max-snippet":"max-snippet:-1","max-image-preview":"max-image-preview:large","max-video-preview":"max-video-preview:-1"},"canonical":"https:\/\/laprensacristiana.com\/?p=7845","og_locale":"es_ES","og_type":"article","og_title":"M\u00e1s de 7,000 privados de libertad reciben Biblias - La Prensa Cristiana","og_description":"Gracias a la colaboraci\u00f3n de Sociedad B\u00edblica de El Salvador m\u00e1s de 7,000 privados de libertad se vieron beneficiados con la donaci\u00f3n que esta instituci\u00f3n realiz\u00f3 con una entrega de 7,500 ejemplares de La Biblia, Direcci\u00f3n General de Centros Penales de El Salvador comunic\u00f3 que los ejemplares ser\u00e1n distribuidos en ocho centros penitenciarios del pa\u00eds. [&hellip;]","og_url":"https:\/\/laprensacristiana.com\/?p=7845","og_site_name":"La Prensa Cristiana","article_published_time":"2020-01-20T15:44:35+00:00","article_modified_time":"2020-01-20T15:44:38+00:00","og_image":[{"width":720,"height":480,"url":"https:\/\/laprensacristiana.com\/wp-content\/uploads\/2020\/01\/WhatsApp-Image-2020-01-20-at-09.25.07-1.jpeg","type":"image\/jpeg"}],"author":"EDITOR","twitter_card":"summary_large_image","twitter_misc":{"Escrito por":"EDITOR","Tiempo de lectura":"1 minuto"},"schema":{"@context":"https:\/\/schema.org","@graph":[{"@type":"WebPage","@id":"https:\/\/laprensacristiana.com\/?p=7845","url":"https:\/\/laprensacristiana.com\/?p=7845","name":"M\u00e1s de 7,000 privados de libertad reciben Biblias - La Prensa Cristiana","isPartOf":{"@id":"https:\/\/laprensacristiana.com\/#website"},"datePublished":"2020-01-20T15:44:35+00:00","dateModified":"2020-01-20T15:44:38+00:00","author":{"@id":"https:\/\/laprensacristiana.com\/#\/schema\/person\/3e7d82c6bfd6b1fa67010f8f7cd5256e"},"breadcrumb":{"@id":"https:\/\/laprensacristiana.com\/?p=7845#breadcrumb"},"inLanguage":"es","potentialAction":[{"@type":"ReadAction","target":["https:\/\/laprensacristiana.com\/?p=7845"]}]},{"@type":"BreadcrumbList","@id":"https:\/\/laprensacristiana.com\/?p=7845#breadcrumb","itemListElement":[{"@type":"ListItem","position":1,"name":"Portada","item":"https:\/\/laprensacristiana.com\/"},{"@type":"ListItem","position":2,"name":"M\u00e1s de 7,000 privados de libertad reciben Biblias"}]},{"@type":"WebSite","@id":"https:\/\/laprensacristiana.com\/#website","url":"https:\/\/laprensacristiana.com\/","name":"La Prensa Cristiana","description":"Anunciando Las Buenas Nuevas","potentialAction":[{"@type":"SearchAction","target":{"@type":"EntryPoint","urlTemplate":"https:\/\/laprensacristiana.com\/?s={search_term_string}"},"query-input":"required name=search_term_string"}],"inLanguage":"es"},{"@type":"Person","@id":"https:\/\/laprensacristiana.com\/#\/schema\/person\/3e7d82c6bfd6b1fa67010f8f7cd5256e","name":"EDITOR","image":{"@type":"ImageObject","inLanguage":"es","@id":"https:\/\/laprensacristiana.com\/#\/schema\/person\/image\/","url":"https:\/\/secure.gravatar.com\/avatar\/72069dfb6c13772d9e8381e3638666d2?s=96&d=mm&r=g","contentUrl":"https:\/\/secure.gravatar.com\/avatar\/72069dfb6c13772d9e8381e3638666d2?s=96&d=mm&r=g","caption":"EDITOR"},"url":"https:\/\/laprensacristiana.com\/?author=3"}]}},"_links":{"self":[{"href":"https:\/\/laprensacristiana.com\/index.php?rest_route=\/wp\/v2\/posts\/7845"}],"collection":[{"href":"https:\/\/laprensacristiana.com\/index.php?rest_route=\/wp\/v2\/posts"}],"about":[{"href":"https:\/\/laprensacristiana.com\/index.php?rest_route=\/wp\/v2\/types\/post"}],"author":[{"embeddable":true,"href":"https:\/\/laprensacristiana.com\/index.php?rest_route=\/wp\/v2\/users\/3"}],"replies":[{"embeddable":true,"href":"https:\/\/laprensacristiana.com\/index.php?rest_route=%2Fwp%2Fv2%2Fcomments&post=7845"}],"version-history":[{"count":1,"href":"https:\/\/laprensacristiana.com\/index.php?rest_route=\/wp\/v2\/posts\/7845\/revisions"}],"predecessor-version":[{"id":7848,"href":"https:\/\/laprensacristiana.com\/index.php?rest_route=\/wp\/v2\/posts\/7845\/revisions\/7848"}],"wp:featuredmedia":[{"embeddable":true,"href":"https:\/\/laprensacristiana.com\/index.php?rest_route=\/wp\/v2\/media\/7847"}],"wp:attachment":[{"href":"https:\/\/laprensacristiana.com\/index.php?rest_route=%2Fwp%2Fv2%2Fmedia&parent=7845"}],"wp:term":[{"taxonomy":"category","embeddable":true,"href":"https:\/\/laprensacristiana.com\/index.php?rest_route=%2Fwp%2Fv2%2Fcategories&post=7845"},{"taxonomy":"post_tag","embeddable":true,"href":"https:\/\/laprensacristiana.com\/index.php?rest_route=%2Fwp%2Fv2%2Ftags&post=7845"}],"curies":[{"name":"wp","href":"https:\/\/api.w.org\/{rel}","templated":true}]}}