{"id":7852,"date":"2020-01-20T18:32:37","date_gmt":"2020-01-20T18:32:37","guid":{"rendered":"https:\/\/laprensacristiana.com\/?p=7852"},"modified":"2020-01-20T18:32:40","modified_gmt":"2020-01-20T18:32:40","slug":"testimonio-de-sara-winter-de-apoyar-el-aborto-a-decir-si-a-la-vida","status":"publish","type":"post","link":"https:\/\/laprensacristiana.com\/?p=7852","title":{"rendered":"Testimonio de Sara Winter de apoyar el aborto a decir \u00a1Si a la vida!"},"content":{"rendered":"\n<p>Testimonio de Sara Winter de apoyar el aborto a decir \u00a1Si a\nla vida!<\/p>\n\n\n\n<p>En una entrevista que le realiz\u00f3 Faro Films a la ex\nactivista feminista, ella coment\u00f3 que desde su infancia vivi\u00f3 en el mundo de\nlas drogas, fue violada, a los 19 a\u00f1os conoce el movimiento feminista, ella\ncomenta que el grupo le present\u00f3 una imagen en la que se miraba a unas mujeres\nlindas desnudas golpeadas por polic\u00edas pero en su rostro no se observaba dolor\nsi no empoderamiento, bastaron unos segundos para que ella se convenciera de\nser parte de esto.<\/p>\n\n\n\n<p>Viaj\u00f3 a Ucrania para prepararse y apoyar a la comunidad\nLGTB, a los movimientos feministas, lleg\u00f3 a ser la fundadora de FEMEN en Brasil\nun movimiento muy famoso en ese pa\u00eds. <\/p>\n\n\n\n<p>\u201cLas feministas no est\u00e1n interesadas en cambiar la vida de\nuna mujer, est\u00e1n interesadas en un movimiento pol\u00edtico, las chicas como yo, con\nmucho sufrimiento y dolor en su coraz\u00f3n, son usadas como instrumento pol\u00edtico\u201d<\/p>\n\n\n\n<p>Ella claramente dijo que los movimientos feministas tienen\ncomo&nbsp; funci\u00f3n la destrucci\u00f3n de la\nfamilia. <\/p>\n\n\n\n<p>Su vida cambi\u00f3 luego de inducirse el aborto, y no recibir\nayuda de sus compa\u00f1eras&nbsp; feministas, fue\nauxiliada y llevada de emergencia por un amigo, recibi\u00f3 la triste noticia que\nno podr\u00eda tener un hijo nunca m\u00e1s.<\/p>\n\n\n\n<p>\u201cDios me regal\u00f3 una segunda oportunidad, 6 meses despu\u00e9s\nquede embarazada, seria incoherente de mi parte que siguiera luchando por el\naborto porque dentro de mi cuerpo se desarrollaba la vida, Dios es tan\nincre\u00edble que me dio un hijo var\u00f3n\u201d concluy\u00f3 Winter.<\/p>\n","protected":false},"excerpt":{"rendered":"<p>Testimonio de Sara Winter de apoyar el aborto a decir \u00a1Si a la vida! En una entrevista que le realiz\u00f3 Faro Films a la ex activista feminista, ella coment\u00f3 que desde su infancia vivi\u00f3 en el mundo de las drogas, fue violada, a los 19 a\u00f1os conoce el movimiento feminista, ella comenta que el grupo [&hellip;]<\/p>\n","protected":false},"author":3,"featured_media":7853,"comment_status":"open","ping_status":"open","sticky":false,"template":"","format":"standard","meta":[],"categories":[56],"tags":[],"yoast_head":"<!-- This site is optimized with the Yoast SEO plugin v20.8 - https:\/\/yoast.com\/wordpress\/plugins\/seo\/ -->\n<title>Testimonio de Sara Winter de apoyar el aborto a decir \u00a1Si a la vida! - La Prensa Cristiana<\/title>\n<meta name=\"robots\" content=\"index, follow, max-snippet:-1, max-image-preview:large, max-video-preview:-1\" \/>\n<link rel=\"canonical\" href=\"https:\/\/laprensacristiana.com\/?p=7852\" \/>\n<meta property=\"og:locale\" content=\"es_ES\" \/>\n<meta property=\"og:type\" content=\"article\" \/>\n<meta property=\"og:title\" content=\"Testimonio de Sara Winter de apoyar el aborto a decir \u00a1Si a la vida! - La Prensa Cristiana\" \/>\n<meta property=\"og:description\" content=\"Testimonio de Sara Winter de apoyar el aborto a decir \u00a1Si a la vida! En una entrevista que le realiz\u00f3 Faro Films a la ex activista feminista, ella coment\u00f3 que desde su infancia vivi\u00f3 en el mundo de las drogas, fue violada, a los 19 a\u00f1os conoce el movimiento feminista, ella comenta que el grupo [&hellip;]\" \/>\n<meta property=\"og:url\" content=\"https:\/\/laprensacristiana.com\/?p=7852\" \/>\n<meta property=\"og:site_name\" content=\"La Prensa Cristiana\" \/>\n<meta property=\"article:published_time\" content=\"2020-01-20T18:32:37+00:00\" \/>\n<meta property=\"article:modified_time\" content=\"2020-01-20T18:32:40+00:00\" \/>\n<meta property=\"og:image\" content=\"https:\/\/laprensacristiana.com\/wp-content\/uploads\/2020\/01\/WhatsApp-Image-2020-01-20-at-12.29.26.jpeg\" \/>\n\t<meta property=\"og:image:width\" content=\"720\" \/>\n\t<meta property=\"og:image:height\" content=\"712\" \/>\n\t<meta property=\"og:image:type\" content=\"image\/jpeg\" \/>\n<meta name=\"author\" content=\"EDITOR\" \/>\n<meta name=\"twitter:card\" content=\"summary_large_image\" \/>\n<meta name=\"twitter:label1\" content=\"Escrito por\" \/>\n\t<meta name=\"twitter:data1\" content=\"EDITOR\" \/>\n\t<meta name=\"twitter:label2\" content=\"Tiempo de lectura\" \/>\n\t<meta name=\"twitter:data2\" content=\"1 minuto\" \/>\n<script type=\"application\/ld+json\" class=\"yoast-schema-graph\">{\"@context\":\"https:\/\/schema.org\",\"@graph\":[{\"@type\":\"WebPage\",\"@id\":\"https:\/\/laprensacristiana.com\/?p=7852\",\"url\":\"https:\/\/laprensacristiana.com\/?p=7852\",\"name\":\"Testimonio de Sara Winter de apoyar el aborto a decir \u00a1Si a la vida! - La Prensa Cristiana\",\"isPartOf\":{\"@id\":\"https:\/\/laprensacristiana.com\/#website\"},\"datePublished\":\"2020-01-20T18:32:37+00:00\",\"dateModified\":\"2020-01-20T18:32:40+00:00\",\"author\":{\"@id\":\"https:\/\/laprensacristiana.com\/#\/schema\/person\/3e7d82c6bfd6b1fa67010f8f7cd5256e\"},\"breadcrumb\":{\"@id\":\"https:\/\/laprensacristiana.com\/?p=7852#breadcrumb\"},\"inLanguage\":\"es\",\"potentialAction\":[{\"@type\":\"ReadAction\",\"target\":[\"https:\/\/laprensacristiana.com\/?p=7852\"]}]},{\"@type\":\"BreadcrumbList\",\"@id\":\"https:\/\/laprensacristiana.com\/?p=7852#breadcrumb\",\"itemListElement\":[{\"@type\":\"ListItem\",\"position\":1,\"name\":\"Portada\",\"item\":\"https:\/\/laprensacristiana.com\/\"},{\"@type\":\"ListItem\",\"position\":2,\"name\":\"Testimonio de Sara Winter de apoyar el aborto a decir \u00a1Si a la vida!\"}]},{\"@type\":\"WebSite\",\"@id\":\"https:\/\/laprensacristiana.com\/#website\",\"url\":\"https:\/\/laprensacristiana.com\/\",\"name\":\"La Prensa Cristiana\",\"description\":\"Anunciando Las Buenas Nuevas\",\"potentialAction\":[{\"@type\":\"SearchAction\",\"target\":{\"@type\":\"EntryPoint\",\"urlTemplate\":\"https:\/\/laprensacristiana.com\/?s={search_term_string}\"},\"query-input\":\"required name=search_term_string\"}],\"inLanguage\":\"es\"},{\"@type\":\"Person\",\"@id\":\"https:\/\/laprensacristiana.com\/#\/schema\/person\/3e7d82c6bfd6b1fa67010f8f7cd5256e\",\"name\":\"EDITOR\",\"image\":{\"@type\":\"ImageObject\",\"inLanguage\":\"es\",\"@id\":\"https:\/\/laprensacristiana.com\/#\/schema\/person\/image\/\",\"url\":\"https:\/\/secure.gravatar.com\/avatar\/72069dfb6c13772d9e8381e3638666d2?s=96&d=mm&r=g\",\"contentUrl\":\"https:\/\/secure.gravatar.com\/avatar\/72069dfb6c13772d9e8381e3638666d2?s=96&d=mm&r=g\",\"caption\":\"EDITOR\"},\"url\":\"https:\/\/laprensacristiana.com\/?author=3\"}]}<\/script>\n<!-- \/ Yoast SEO plugin. -->","yoast_head_json":{"title":"Testimonio de Sara Winter de apoyar el aborto a decir \u00a1Si a la vida! - La Prensa Cristiana","robots":{"index":"index","follow":"follow","max-snippet":"max-snippet:-1","max-image-preview":"max-image-preview:large","max-video-preview":"max-video-preview:-1"},"canonical":"https:\/\/laprensacristiana.com\/?p=7852","og_locale":"es_ES","og_type":"article","og_title":"Testimonio de Sara Winter de apoyar el aborto a decir \u00a1Si a la vida! - La Prensa Cristiana","og_description":"Testimonio de Sara Winter de apoyar el aborto a decir \u00a1Si a la vida! En una entrevista que le realiz\u00f3 Faro Films a la ex activista feminista, ella coment\u00f3 que desde su infancia vivi\u00f3 en el mundo de las drogas, fue violada, a los 19 a\u00f1os conoce el movimiento feminista, ella comenta que el grupo [&hellip;]","og_url":"https:\/\/laprensacristiana.com\/?p=7852","og_site_name":"La Prensa Cristiana","article_published_time":"2020-01-20T18:32:37+00:00","article_modified_time":"2020-01-20T18:32:40+00:00","og_image":[{"width":720,"height":712,"url":"https:\/\/laprensacristiana.com\/wp-content\/uploads\/2020\/01\/WhatsApp-Image-2020-01-20-at-12.29.26.jpeg","type":"image\/jpeg"}],"author":"EDITOR","twitter_card":"summary_large_image","twitter_misc":{"Escrito por":"EDITOR","Tiempo de lectura":"1 minuto"},"schema":{"@context":"https:\/\/schema.org","@graph":[{"@type":"WebPage","@id":"https:\/\/laprensacristiana.com\/?p=7852","url":"https:\/\/laprensacristiana.com\/?p=7852","name":"Testimonio de Sara Winter de apoyar el aborto a decir \u00a1Si a la vida! - La Prensa Cristiana","isPartOf":{"@id":"https:\/\/laprensacristiana.com\/#website"},"datePublished":"2020-01-20T18:32:37+00:00","dateModified":"2020-01-20T18:32:40+00:00","author":{"@id":"https:\/\/laprensacristiana.com\/#\/schema\/person\/3e7d82c6bfd6b1fa67010f8f7cd5256e"},"breadcrumb":{"@id":"https:\/\/laprensacristiana.com\/?p=7852#breadcrumb"},"inLanguage":"es","potentialAction":[{"@type":"ReadAction","target":["https:\/\/laprensacristiana.com\/?p=7852"]}]},{"@type":"BreadcrumbList","@id":"https:\/\/laprensacristiana.com\/?p=7852#breadcrumb","itemListElement":[{"@type":"ListItem","position":1,"name":"Portada","item":"https:\/\/laprensacristiana.com\/"},{"@type":"ListItem","position":2,"name":"Testimonio de Sara Winter de apoyar el aborto a decir \u00a1Si a la vida!"}]},{"@type":"WebSite","@id":"https:\/\/laprensacristiana.com\/#website","url":"https:\/\/laprensacristiana.com\/","name":"La Prensa Cristiana","description":"Anunciando Las Buenas Nuevas","potentialAction":[{"@type":"SearchAction","target":{"@type":"EntryPoint","urlTemplate":"https:\/\/laprensacristiana.com\/?s={search_term_string}"},"query-input":"required name=search_term_string"}],"inLanguage":"es"},{"@type":"Person","@id":"https:\/\/laprensacristiana.com\/#\/schema\/person\/3e7d82c6bfd6b1fa67010f8f7cd5256e","name":"EDITOR","image":{"@type":"ImageObject","inLanguage":"es","@id":"https:\/\/laprensacristiana.com\/#\/schema\/person\/image\/","url":"https:\/\/secure.gravatar.com\/avatar\/72069dfb6c13772d9e8381e3638666d2?s=96&d=mm&r=g","contentUrl":"https:\/\/secure.gravatar.com\/avatar\/72069dfb6c13772d9e8381e3638666d2?s=96&d=mm&r=g","caption":"EDITOR"},"url":"https:\/\/laprensacristiana.com\/?author=3"}]}},"_links":{"self":[{"href":"https:\/\/laprensacristiana.com\/index.php?rest_route=\/wp\/v2\/posts\/7852"}],"collection":[{"href":"https:\/\/laprensacristiana.com\/index.php?rest_route=\/wp\/v2\/posts"}],"about":[{"href":"https:\/\/laprensacristiana.com\/index.php?rest_route=\/wp\/v2\/types\/post"}],"author":[{"embeddable":true,"href":"https:\/\/laprensacristiana.com\/index.php?rest_route=\/wp\/v2\/users\/3"}],"replies":[{"embeddable":true,"href":"https:\/\/laprensacristiana.com\/index.php?rest_route=%2Fwp%2Fv2%2Fcomments&post=7852"}],"version-history":[{"count":1,"href":"https:\/\/laprensacristiana.com\/index.php?rest_route=\/wp\/v2\/posts\/7852\/revisions"}],"predecessor-version":[{"id":7854,"href":"https:\/\/laprensacristiana.com\/index.php?rest_route=\/wp\/v2\/posts\/7852\/revisions\/7854"}],"wp:featuredmedia":[{"embeddable":true,"href":"https:\/\/laprensacristiana.com\/index.php?rest_route=\/wp\/v2\/media\/7853"}],"wp:attachment":[{"href":"https:\/\/laprensacristiana.com\/index.php?rest_route=%2Fwp%2Fv2%2Fmedia&parent=7852"}],"wp:term":[{"taxonomy":"category","embeddable":true,"href":"https:\/\/laprensacristiana.com\/index.php?rest_route=%2Fwp%2Fv2%2Fcategories&post=7852"},{"taxonomy":"post_tag","embeddable":true,"href":"https:\/\/laprensacristiana.com\/index.php?rest_route=%2Fwp%2Fv2%2Ftags&post=7852"}],"curies":[{"name":"wp","href":"https:\/\/api.w.org\/{rel}","templated":true}]}}