{"id":7855,"date":"2020-01-20T19:57:38","date_gmt":"2020-01-20T19:57:38","guid":{"rendered":"https:\/\/laprensacristiana.com\/?p=7855"},"modified":"2020-01-20T19:57:41","modified_gmt":"2020-01-20T19:57:41","slug":"este-dia-se-conmemora-el-dia-de-martin-luther-king-en-eeuu","status":"publish","type":"post","link":"https:\/\/laprensacristiana.com\/?p=7855","title":{"rendered":"Este d\u00eda se conmemora El D\u00eda de Martin Luther King en EEUU"},"content":{"rendered":"\n<p>Cada tercer lunes del mes de enero EEUU celebra la vida y\nlos logros de Martin Luther King Jr, quien fue un influyente l\u00edder de los\nderechos civiles en dicho pa\u00eds.<\/p>\n\n\n\n<p>Martin Luther King era un ministro bautista que dedic\u00f3 su\nvida a garantizar la igualdad de derechos para los afroamericanos y otras\nminor\u00edas. King creo lo que llam\u00f3 \u201ccoalici\u00f3n de conciencia\u201d que ayud\u00f3 a cambiar\nla sociedad estadounidense y permiti\u00f3 crear nuevas leyes para proteger los\nderechos civiles.<\/p>\n\n\n\n<p>El Dr. King crey\u00f3 en la religi\u00f3n como un poderoso\ncatalizador para el cambio social, recibi\u00f3 su t\u00edtulo de doctor en la escuela de\nTeolog\u00eda de la Universidad de Boston , fue pastor de la iglesia Bautista Dexter\nAvenue en Montgomery, Alabama.<\/p>\n\n\n\n<p>Fund\u00f3 la conferencia de Liderazgo Cristiano del Sur y\npromovi\u00f3 la acci\u00f3n no violenta por los derechos civiles en todo el Sur.<\/p>\n\n\n\n<p>Estados Unidos el D\u00eda de Martin Luther King es designado\ncomo un d\u00eda de servicio, no como un d\u00eda libre en el calendario si no con el\ncompromiso de mejorar la vida de los dem\u00e1s.<\/p>\n","protected":false},"excerpt":{"rendered":"<p>Cada tercer lunes del mes de enero EEUU celebra la vida y los logros de Martin Luther King Jr, quien fue un influyente l\u00edder de los derechos civiles en dicho pa\u00eds. Martin Luther King era un ministro bautista que dedic\u00f3 su vida a garantizar la igualdad de derechos para los afroamericanos y otras minor\u00edas. King [&hellip;]<\/p>\n","protected":false},"author":3,"featured_media":7856,"comment_status":"open","ping_status":"open","sticky":false,"template":"","format":"standard","meta":[],"categories":[56],"tags":[],"yoast_head":"<!-- This site is optimized with the Yoast SEO plugin v20.8 - https:\/\/yoast.com\/wordpress\/plugins\/seo\/ -->\n<title>Este d\u00eda se conmemora El D\u00eda de Martin Luther King en EEUU - La Prensa Cristiana<\/title>\n<meta name=\"robots\" content=\"index, follow, max-snippet:-1, max-image-preview:large, max-video-preview:-1\" \/>\n<link rel=\"canonical\" href=\"https:\/\/laprensacristiana.com\/?p=7855\" \/>\n<meta property=\"og:locale\" content=\"es_ES\" \/>\n<meta property=\"og:type\" content=\"article\" \/>\n<meta property=\"og:title\" content=\"Este d\u00eda se conmemora El D\u00eda de Martin Luther King en EEUU - La Prensa Cristiana\" \/>\n<meta property=\"og:description\" content=\"Cada tercer lunes del mes de enero EEUU celebra la vida y los logros de Martin Luther King Jr, quien fue un influyente l\u00edder de los derechos civiles en dicho pa\u00eds. Martin Luther King era un ministro bautista que dedic\u00f3 su vida a garantizar la igualdad de derechos para los afroamericanos y otras minor\u00edas. King [&hellip;]\" \/>\n<meta property=\"og:url\" content=\"https:\/\/laprensacristiana.com\/?p=7855\" \/>\n<meta property=\"og:site_name\" content=\"La Prensa Cristiana\" \/>\n<meta property=\"article:published_time\" content=\"2020-01-20T19:57:38+00:00\" \/>\n<meta property=\"article:modified_time\" content=\"2020-01-20T19:57:41+00:00\" \/>\n<meta property=\"og:image\" content=\"https:\/\/laprensacristiana.com\/wp-content\/uploads\/2020\/01\/WhatsApp-Image-2020-01-20-at-13.51.54.jpeg\" \/>\n\t<meta property=\"og:image:width\" content=\"500\" \/>\n\t<meta property=\"og:image:height\" content=\"500\" \/>\n\t<meta property=\"og:image:type\" content=\"image\/jpeg\" \/>\n<meta name=\"author\" content=\"EDITOR\" \/>\n<meta name=\"twitter:card\" content=\"summary_large_image\" \/>\n<meta name=\"twitter:label1\" content=\"Escrito por\" \/>\n\t<meta name=\"twitter:data1\" content=\"EDITOR\" \/>\n\t<meta name=\"twitter:label2\" content=\"Tiempo de lectura\" \/>\n\t<meta name=\"twitter:data2\" content=\"1 minuto\" \/>\n<script type=\"application\/ld+json\" class=\"yoast-schema-graph\">{\"@context\":\"https:\/\/schema.org\",\"@graph\":[{\"@type\":\"WebPage\",\"@id\":\"https:\/\/laprensacristiana.com\/?p=7855\",\"url\":\"https:\/\/laprensacristiana.com\/?p=7855\",\"name\":\"Este d\u00eda se conmemora El D\u00eda de Martin Luther King en EEUU - La Prensa Cristiana\",\"isPartOf\":{\"@id\":\"https:\/\/laprensacristiana.com\/#website\"},\"datePublished\":\"2020-01-20T19:57:38+00:00\",\"dateModified\":\"2020-01-20T19:57:41+00:00\",\"author\":{\"@id\":\"https:\/\/laprensacristiana.com\/#\/schema\/person\/3e7d82c6bfd6b1fa67010f8f7cd5256e\"},\"breadcrumb\":{\"@id\":\"https:\/\/laprensacristiana.com\/?p=7855#breadcrumb\"},\"inLanguage\":\"es\",\"potentialAction\":[{\"@type\":\"ReadAction\",\"target\":[\"https:\/\/laprensacristiana.com\/?p=7855\"]}]},{\"@type\":\"BreadcrumbList\",\"@id\":\"https:\/\/laprensacristiana.com\/?p=7855#breadcrumb\",\"itemListElement\":[{\"@type\":\"ListItem\",\"position\":1,\"name\":\"Portada\",\"item\":\"https:\/\/laprensacristiana.com\/\"},{\"@type\":\"ListItem\",\"position\":2,\"name\":\"Este d\u00eda se conmemora El D\u00eda de Martin Luther King en EEUU\"}]},{\"@type\":\"WebSite\",\"@id\":\"https:\/\/laprensacristiana.com\/#website\",\"url\":\"https:\/\/laprensacristiana.com\/\",\"name\":\"La Prensa Cristiana\",\"description\":\"Anunciando Las Buenas Nuevas\",\"potentialAction\":[{\"@type\":\"SearchAction\",\"target\":{\"@type\":\"EntryPoint\",\"urlTemplate\":\"https:\/\/laprensacristiana.com\/?s={search_term_string}\"},\"query-input\":\"required name=search_term_string\"}],\"inLanguage\":\"es\"},{\"@type\":\"Person\",\"@id\":\"https:\/\/laprensacristiana.com\/#\/schema\/person\/3e7d82c6bfd6b1fa67010f8f7cd5256e\",\"name\":\"EDITOR\",\"image\":{\"@type\":\"ImageObject\",\"inLanguage\":\"es\",\"@id\":\"https:\/\/laprensacristiana.com\/#\/schema\/person\/image\/\",\"url\":\"https:\/\/secure.gravatar.com\/avatar\/72069dfb6c13772d9e8381e3638666d2?s=96&d=mm&r=g\",\"contentUrl\":\"https:\/\/secure.gravatar.com\/avatar\/72069dfb6c13772d9e8381e3638666d2?s=96&d=mm&r=g\",\"caption\":\"EDITOR\"},\"url\":\"https:\/\/laprensacristiana.com\/?author=3\"}]}<\/script>\n<!-- \/ Yoast SEO plugin. -->","yoast_head_json":{"title":"Este d\u00eda se conmemora El D\u00eda de Martin Luther King en EEUU - La Prensa Cristiana","robots":{"index":"index","follow":"follow","max-snippet":"max-snippet:-1","max-image-preview":"max-image-preview:large","max-video-preview":"max-video-preview:-1"},"canonical":"https:\/\/laprensacristiana.com\/?p=7855","og_locale":"es_ES","og_type":"article","og_title":"Este d\u00eda se conmemora El D\u00eda de Martin Luther King en EEUU - La Prensa Cristiana","og_description":"Cada tercer lunes del mes de enero EEUU celebra la vida y los logros de Martin Luther King Jr, quien fue un influyente l\u00edder de los derechos civiles en dicho pa\u00eds. Martin Luther King era un ministro bautista que dedic\u00f3 su vida a garantizar la igualdad de derechos para los afroamericanos y otras minor\u00edas. King [&hellip;]","og_url":"https:\/\/laprensacristiana.com\/?p=7855","og_site_name":"La Prensa Cristiana","article_published_time":"2020-01-20T19:57:38+00:00","article_modified_time":"2020-01-20T19:57:41+00:00","og_image":[{"width":500,"height":500,"url":"https:\/\/laprensacristiana.com\/wp-content\/uploads\/2020\/01\/WhatsApp-Image-2020-01-20-at-13.51.54.jpeg","type":"image\/jpeg"}],"author":"EDITOR","twitter_card":"summary_large_image","twitter_misc":{"Escrito por":"EDITOR","Tiempo de lectura":"1 minuto"},"schema":{"@context":"https:\/\/schema.org","@graph":[{"@type":"WebPage","@id":"https:\/\/laprensacristiana.com\/?p=7855","url":"https:\/\/laprensacristiana.com\/?p=7855","name":"Este d\u00eda se conmemora El D\u00eda de Martin Luther King en EEUU - La Prensa Cristiana","isPartOf":{"@id":"https:\/\/laprensacristiana.com\/#website"},"datePublished":"2020-01-20T19:57:38+00:00","dateModified":"2020-01-20T19:57:41+00:00","author":{"@id":"https:\/\/laprensacristiana.com\/#\/schema\/person\/3e7d82c6bfd6b1fa67010f8f7cd5256e"},"breadcrumb":{"@id":"https:\/\/laprensacristiana.com\/?p=7855#breadcrumb"},"inLanguage":"es","potentialAction":[{"@type":"ReadAction","target":["https:\/\/laprensacristiana.com\/?p=7855"]}]},{"@type":"BreadcrumbList","@id":"https:\/\/laprensacristiana.com\/?p=7855#breadcrumb","itemListElement":[{"@type":"ListItem","position":1,"name":"Portada","item":"https:\/\/laprensacristiana.com\/"},{"@type":"ListItem","position":2,"name":"Este d\u00eda se conmemora El D\u00eda de Martin Luther King en EEUU"}]},{"@type":"WebSite","@id":"https:\/\/laprensacristiana.com\/#website","url":"https:\/\/laprensacristiana.com\/","name":"La Prensa Cristiana","description":"Anunciando Las Buenas Nuevas","potentialAction":[{"@type":"SearchAction","target":{"@type":"EntryPoint","urlTemplate":"https:\/\/laprensacristiana.com\/?s={search_term_string}"},"query-input":"required name=search_term_string"}],"inLanguage":"es"},{"@type":"Person","@id":"https:\/\/laprensacristiana.com\/#\/schema\/person\/3e7d82c6bfd6b1fa67010f8f7cd5256e","name":"EDITOR","image":{"@type":"ImageObject","inLanguage":"es","@id":"https:\/\/laprensacristiana.com\/#\/schema\/person\/image\/","url":"https:\/\/secure.gravatar.com\/avatar\/72069dfb6c13772d9e8381e3638666d2?s=96&d=mm&r=g","contentUrl":"https:\/\/secure.gravatar.com\/avatar\/72069dfb6c13772d9e8381e3638666d2?s=96&d=mm&r=g","caption":"EDITOR"},"url":"https:\/\/laprensacristiana.com\/?author=3"}]}},"_links":{"self":[{"href":"https:\/\/laprensacristiana.com\/index.php?rest_route=\/wp\/v2\/posts\/7855"}],"collection":[{"href":"https:\/\/laprensacristiana.com\/index.php?rest_route=\/wp\/v2\/posts"}],"about":[{"href":"https:\/\/laprensacristiana.com\/index.php?rest_route=\/wp\/v2\/types\/post"}],"author":[{"embeddable":true,"href":"https:\/\/laprensacristiana.com\/index.php?rest_route=\/wp\/v2\/users\/3"}],"replies":[{"embeddable":true,"href":"https:\/\/laprensacristiana.com\/index.php?rest_route=%2Fwp%2Fv2%2Fcomments&post=7855"}],"version-history":[{"count":1,"href":"https:\/\/laprensacristiana.com\/index.php?rest_route=\/wp\/v2\/posts\/7855\/revisions"}],"predecessor-version":[{"id":7857,"href":"https:\/\/laprensacristiana.com\/index.php?rest_route=\/wp\/v2\/posts\/7855\/revisions\/7857"}],"wp:featuredmedia":[{"embeddable":true,"href":"https:\/\/laprensacristiana.com\/index.php?rest_route=\/wp\/v2\/media\/7856"}],"wp:attachment":[{"href":"https:\/\/laprensacristiana.com\/index.php?rest_route=%2Fwp%2Fv2%2Fmedia&parent=7855"}],"wp:term":[{"taxonomy":"category","embeddable":true,"href":"https:\/\/laprensacristiana.com\/index.php?rest_route=%2Fwp%2Fv2%2Fcategories&post=7855"},{"taxonomy":"post_tag","embeddable":true,"href":"https:\/\/laprensacristiana.com\/index.php?rest_route=%2Fwp%2Fv2%2Ftags&post=7855"}],"curies":[{"name":"wp","href":"https:\/\/api.w.org\/{rel}","templated":true}]}}