{"id":7861,"date":"2020-01-21T15:22:30","date_gmt":"2020-01-21T15:22:30","guid":{"rendered":"https:\/\/laprensacristiana.com\/?p=7861"},"modified":"2020-01-21T15:23:17","modified_gmt":"2020-01-21T15:23:17","slug":"fundacion-saquemos-sonrisas-transmitiendo-amor-y-esperanza-en-ecuador","status":"publish","type":"post","link":"https:\/\/laprensacristiana.com\/?p=7861","title":{"rendered":"\u00abFundaci\u00f3n Saquemos Sonrisas\u00bb transmitiendo amor y esperanza en Ecuador"},"content":{"rendered":"\n<p>La Fundaci\u00f3n Saquemos Sonrisas es una organizaci\u00f3n privada sin fines de lucro que se fund\u00f3 desde el a\u00f1o 2017, con la misi\u00f3n de realizar labor social y llevar el mensaje de salvaci\u00f3n a las personas que residen en las calles, a los \u00a0hu\u00e9rfanos, extranjeros, centros de rehabilitaci\u00f3n, y \u00a0los que se encuentran dentro de un hospital.<\/p>\n\n\n\n<ul class=\"wp-block-gallery columns-2 is-cropped wp-block-gallery-1 is-layout-flex\"><li class=\"blocks-gallery-item\"><figure><img decoding=\"async\" loading=\"lazy\" width=\"1024\" height=\"768\" src=\"https:\/\/laprensacristiana.com\/wp-content\/uploads\/2020\/01\/WhatsApp-Image-2020-01-21-at-08.57.41-1024x768.jpeg\" alt=\"\" data-id=\"7863\" data-link=\"https:\/\/laprensacristiana.com\/?attachment_id=7863\" class=\"wp-image-7863\" srcset=\"https:\/\/laprensacristiana.com\/wp-content\/uploads\/2020\/01\/WhatsApp-Image-2020-01-21-at-08.57.41-1024x768.jpeg 1024w, https:\/\/laprensacristiana.com\/wp-content\/uploads\/2020\/01\/WhatsApp-Image-2020-01-21-at-08.57.41-300x225.jpeg 300w, https:\/\/laprensacristiana.com\/wp-content\/uploads\/2020\/01\/WhatsApp-Image-2020-01-21-at-08.57.41-768x576.jpeg 768w, https:\/\/laprensacristiana.com\/wp-content\/uploads\/2020\/01\/WhatsApp-Image-2020-01-21-at-08.57.41-80x60.jpeg 80w, https:\/\/laprensacristiana.com\/wp-content\/uploads\/2020\/01\/WhatsApp-Image-2020-01-21-at-08.57.41-265x198.jpeg 265w, https:\/\/laprensacristiana.com\/wp-content\/uploads\/2020\/01\/WhatsApp-Image-2020-01-21-at-08.57.41-696x522.jpeg 696w, https:\/\/laprensacristiana.com\/wp-content\/uploads\/2020\/01\/WhatsApp-Image-2020-01-21-at-08.57.41-1068x801.jpeg 1068w, https:\/\/laprensacristiana.com\/wp-content\/uploads\/2020\/01\/WhatsApp-Image-2020-01-21-at-08.57.41-560x420.jpeg 560w, https:\/\/laprensacristiana.com\/wp-content\/uploads\/2020\/01\/WhatsApp-Image-2020-01-21-at-08.57.41-600x450.jpeg 600w, https:\/\/laprensacristiana.com\/wp-content\/uploads\/2020\/01\/WhatsApp-Image-2020-01-21-at-08.57.41.jpeg 1080w\" sizes=\"(max-width: 1024px) 100vw, 1024px\" \/><\/figure><\/li><li class=\"blocks-gallery-item\"><figure><img decoding=\"async\" loading=\"lazy\" width=\"819\" height=\"1024\" src=\"https:\/\/laprensacristiana.com\/wp-content\/uploads\/2020\/01\/WhatsApp-Image-2020-01-21-at-08.56.52-819x1024.jpeg\" alt=\"\" data-id=\"7864\" data-link=\"https:\/\/laprensacristiana.com\/?attachment_id=7864\" class=\"wp-image-7864\" srcset=\"https:\/\/laprensacristiana.com\/wp-content\/uploads\/2020\/01\/WhatsApp-Image-2020-01-21-at-08.56.52-819x1024.jpeg 819w, https:\/\/laprensacristiana.com\/wp-content\/uploads\/2020\/01\/WhatsApp-Image-2020-01-21-at-08.56.52-240x300.jpeg 240w, https:\/\/laprensacristiana.com\/wp-content\/uploads\/2020\/01\/WhatsApp-Image-2020-01-21-at-08.56.52-768x960.jpeg 768w, https:\/\/laprensacristiana.com\/wp-content\/uploads\/2020\/01\/WhatsApp-Image-2020-01-21-at-08.56.52-696x870.jpeg 696w, https:\/\/laprensacristiana.com\/wp-content\/uploads\/2020\/01\/WhatsApp-Image-2020-01-21-at-08.56.52-336x420.jpeg 336w, https:\/\/laprensacristiana.com\/wp-content\/uploads\/2020\/01\/WhatsApp-Image-2020-01-21-at-08.56.52-600x750.jpeg 600w, https:\/\/laprensacristiana.com\/wp-content\/uploads\/2020\/01\/WhatsApp-Image-2020-01-21-at-08.56.52.jpeg 1024w\" sizes=\"(max-width: 819px) 100vw, 819px\" \/><\/figure><\/li><\/ul>\n\n\n\n<p>La fundaci\u00f3n no solo brinda alimentos a los necesitados, dan hospedaje por un d\u00eda a los extranjeros que no tiene para pagar un hotel,\u00a0 llevan juguetes a los ni\u00f1os en orfanatos, al igual que brindan apoyo emocional.<\/p>\n\n\n\n<figure class=\"wp-block-image\"><img decoding=\"async\" loading=\"lazy\" width=\"1024\" height=\"767\" src=\"https:\/\/laprensacristiana.com\/wp-content\/uploads\/2020\/01\/WhatsApp-Image-2020-01-21-at-08.57.00-1024x767.jpeg\" alt=\"\" class=\"wp-image-7865\" srcset=\"https:\/\/laprensacristiana.com\/wp-content\/uploads\/2020\/01\/WhatsApp-Image-2020-01-21-at-08.57.00-1024x767.jpeg 1024w, https:\/\/laprensacristiana.com\/wp-content\/uploads\/2020\/01\/WhatsApp-Image-2020-01-21-at-08.57.00-300x225.jpeg 300w, https:\/\/laprensacristiana.com\/wp-content\/uploads\/2020\/01\/WhatsApp-Image-2020-01-21-at-08.57.00-768x575.jpeg 768w, https:\/\/laprensacristiana.com\/wp-content\/uploads\/2020\/01\/WhatsApp-Image-2020-01-21-at-08.57.00-80x60.jpeg 80w, https:\/\/laprensacristiana.com\/wp-content\/uploads\/2020\/01\/WhatsApp-Image-2020-01-21-at-08.57.00-265x198.jpeg 265w, https:\/\/laprensacristiana.com\/wp-content\/uploads\/2020\/01\/WhatsApp-Image-2020-01-21-at-08.57.00-696x521.jpeg 696w, https:\/\/laprensacristiana.com\/wp-content\/uploads\/2020\/01\/WhatsApp-Image-2020-01-21-at-08.57.00-1068x800.jpeg 1068w, https:\/\/laprensacristiana.com\/wp-content\/uploads\/2020\/01\/WhatsApp-Image-2020-01-21-at-08.57.00-561x420.jpeg 561w, https:\/\/laprensacristiana.com\/wp-content\/uploads\/2020\/01\/WhatsApp-Image-2020-01-21-at-08.57.00-600x449.jpeg 600w, https:\/\/laprensacristiana.com\/wp-content\/uploads\/2020\/01\/WhatsApp-Image-2020-01-21-at-08.57.00.jpeg 1080w\" sizes=\"(max-width: 1024px) 100vw, 1024px\" \/><\/figure>\n\n\n\n<p>Llevan una palabra de amor y esperanza, oran por las personas\ne imparten palabra de Dios a cada lugar que visitan en Guayaquil, Ecuador.\nCuentan con un equipo interdisciplinario de colaboradores comprometidos con la visi\u00f3n\nde mejorar la calidad de vida de las personas para que puedan someterse a\nprocesos de formaci\u00f3n y as\u00ed prevenir problem\u00e1ticas sociales. <\/p>\n","protected":false},"excerpt":{"rendered":"<p>La Fundaci\u00f3n Saquemos Sonrisas es una organizaci\u00f3n privada sin fines de lucro que se fund\u00f3 desde el a\u00f1o 2017, con la misi\u00f3n de realizar labor social y llevar el mensaje de salvaci\u00f3n a las personas que residen en las calles, a los \u00a0hu\u00e9rfanos, extranjeros, centros de rehabilitaci\u00f3n, y \u00a0los que se encuentran dentro de un [&hellip;]<\/p>\n","protected":false},"author":3,"featured_media":7862,"comment_status":"open","ping_status":"open","sticky":false,"template":"","format":"standard","meta":[],"categories":[56],"tags":[],"yoast_head":"<!-- This site is optimized with the Yoast SEO plugin v20.8 - https:\/\/yoast.com\/wordpress\/plugins\/seo\/ -->\n<title>&quot;Fundaci\u00f3n Saquemos Sonrisas&quot; transmitiendo amor y esperanza en Ecuador - La Prensa Cristiana<\/title>\n<meta name=\"robots\" content=\"index, follow, max-snippet:-1, max-image-preview:large, max-video-preview:-1\" \/>\n<link rel=\"canonical\" href=\"https:\/\/laprensacristiana.com\/?p=7861\" \/>\n<meta property=\"og:locale\" content=\"es_ES\" \/>\n<meta property=\"og:type\" content=\"article\" \/>\n<meta property=\"og:title\" content=\"&quot;Fundaci\u00f3n Saquemos Sonrisas&quot; transmitiendo amor y esperanza en Ecuador - La Prensa Cristiana\" \/>\n<meta property=\"og:description\" content=\"La Fundaci\u00f3n Saquemos Sonrisas es una organizaci\u00f3n privada sin fines de lucro que se fund\u00f3 desde el a\u00f1o 2017, con la misi\u00f3n de realizar labor social y llevar el mensaje de salvaci\u00f3n a las personas que residen en las calles, a los \u00a0hu\u00e9rfanos, extranjeros, centros de rehabilitaci\u00f3n, y \u00a0los que se encuentran dentro de un [&hellip;]\" \/>\n<meta property=\"og:url\" content=\"https:\/\/laprensacristiana.com\/?p=7861\" \/>\n<meta property=\"og:site_name\" content=\"La Prensa Cristiana\" \/>\n<meta property=\"article:published_time\" content=\"2020-01-21T15:22:30+00:00\" \/>\n<meta property=\"article:modified_time\" content=\"2020-01-21T15:23:17+00:00\" \/>\n<meta property=\"og:image\" content=\"https:\/\/laprensacristiana.com\/wp-content\/uploads\/2020\/01\/WhatsApp-Image-2020-01-21-at-08.56.34.jpeg\" \/>\n\t<meta property=\"og:image:width\" content=\"1080\" \/>\n\t<meta property=\"og:image:height\" content=\"809\" \/>\n\t<meta property=\"og:image:type\" content=\"image\/jpeg\" \/>\n<meta name=\"author\" content=\"EDITOR\" \/>\n<meta name=\"twitter:card\" content=\"summary_large_image\" \/>\n<meta name=\"twitter:label1\" content=\"Escrito por\" \/>\n\t<meta name=\"twitter:data1\" content=\"EDITOR\" \/>\n\t<meta name=\"twitter:label2\" content=\"Tiempo de lectura\" \/>\n\t<meta name=\"twitter:data2\" content=\"1 minuto\" \/>\n<script type=\"application\/ld+json\" class=\"yoast-schema-graph\">{\"@context\":\"https:\/\/schema.org\",\"@graph\":[{\"@type\":\"WebPage\",\"@id\":\"https:\/\/laprensacristiana.com\/?p=7861\",\"url\":\"https:\/\/laprensacristiana.com\/?p=7861\",\"name\":\"\\\"Fundaci\u00f3n Saquemos Sonrisas\\\" transmitiendo amor y esperanza en Ecuador - La Prensa Cristiana\",\"isPartOf\":{\"@id\":\"https:\/\/laprensacristiana.com\/#website\"},\"datePublished\":\"2020-01-21T15:22:30+00:00\",\"dateModified\":\"2020-01-21T15:23:17+00:00\",\"author\":{\"@id\":\"https:\/\/laprensacristiana.com\/#\/schema\/person\/3e7d82c6bfd6b1fa67010f8f7cd5256e\"},\"breadcrumb\":{\"@id\":\"https:\/\/laprensacristiana.com\/?p=7861#breadcrumb\"},\"inLanguage\":\"es\",\"potentialAction\":[{\"@type\":\"ReadAction\",\"target\":[\"https:\/\/laprensacristiana.com\/?p=7861\"]}]},{\"@type\":\"BreadcrumbList\",\"@id\":\"https:\/\/laprensacristiana.com\/?p=7861#breadcrumb\",\"itemListElement\":[{\"@type\":\"ListItem\",\"position\":1,\"name\":\"Portada\",\"item\":\"https:\/\/laprensacristiana.com\/\"},{\"@type\":\"ListItem\",\"position\":2,\"name\":\"\u00abFundaci\u00f3n Saquemos Sonrisas\u00bb transmitiendo amor y esperanza en Ecuador\"}]},{\"@type\":\"WebSite\",\"@id\":\"https:\/\/laprensacristiana.com\/#website\",\"url\":\"https:\/\/laprensacristiana.com\/\",\"name\":\"La Prensa Cristiana\",\"description\":\"Anunciando Las Buenas Nuevas\",\"potentialAction\":[{\"@type\":\"SearchAction\",\"target\":{\"@type\":\"EntryPoint\",\"urlTemplate\":\"https:\/\/laprensacristiana.com\/?s={search_term_string}\"},\"query-input\":\"required name=search_term_string\"}],\"inLanguage\":\"es\"},{\"@type\":\"Person\",\"@id\":\"https:\/\/laprensacristiana.com\/#\/schema\/person\/3e7d82c6bfd6b1fa67010f8f7cd5256e\",\"name\":\"EDITOR\",\"image\":{\"@type\":\"ImageObject\",\"inLanguage\":\"es\",\"@id\":\"https:\/\/laprensacristiana.com\/#\/schema\/person\/image\/\",\"url\":\"https:\/\/secure.gravatar.com\/avatar\/72069dfb6c13772d9e8381e3638666d2?s=96&d=mm&r=g\",\"contentUrl\":\"https:\/\/secure.gravatar.com\/avatar\/72069dfb6c13772d9e8381e3638666d2?s=96&d=mm&r=g\",\"caption\":\"EDITOR\"},\"url\":\"https:\/\/laprensacristiana.com\/?author=3\"}]}<\/script>\n<!-- \/ Yoast SEO plugin. -->","yoast_head_json":{"title":"\"Fundaci\u00f3n Saquemos Sonrisas\" transmitiendo amor y esperanza en Ecuador - La Prensa Cristiana","robots":{"index":"index","follow":"follow","max-snippet":"max-snippet:-1","max-image-preview":"max-image-preview:large","max-video-preview":"max-video-preview:-1"},"canonical":"https:\/\/laprensacristiana.com\/?p=7861","og_locale":"es_ES","og_type":"article","og_title":"\"Fundaci\u00f3n Saquemos Sonrisas\" transmitiendo amor y esperanza en Ecuador - La Prensa Cristiana","og_description":"La Fundaci\u00f3n Saquemos Sonrisas es una organizaci\u00f3n privada sin fines de lucro que se fund\u00f3 desde el a\u00f1o 2017, con la misi\u00f3n de realizar labor social y llevar el mensaje de salvaci\u00f3n a las personas que residen en las calles, a los \u00a0hu\u00e9rfanos, extranjeros, centros de rehabilitaci\u00f3n, y \u00a0los que se encuentran dentro de un [&hellip;]","og_url":"https:\/\/laprensacristiana.com\/?p=7861","og_site_name":"La Prensa Cristiana","article_published_time":"2020-01-21T15:22:30+00:00","article_modified_time":"2020-01-21T15:23:17+00:00","og_image":[{"width":1080,"height":809,"url":"https:\/\/laprensacristiana.com\/wp-content\/uploads\/2020\/01\/WhatsApp-Image-2020-01-21-at-08.56.34.jpeg","type":"image\/jpeg"}],"author":"EDITOR","twitter_card":"summary_large_image","twitter_misc":{"Escrito por":"EDITOR","Tiempo de lectura":"1 minuto"},"schema":{"@context":"https:\/\/schema.org","@graph":[{"@type":"WebPage","@id":"https:\/\/laprensacristiana.com\/?p=7861","url":"https:\/\/laprensacristiana.com\/?p=7861","name":"\"Fundaci\u00f3n Saquemos Sonrisas\" transmitiendo amor y esperanza en Ecuador - La Prensa Cristiana","isPartOf":{"@id":"https:\/\/laprensacristiana.com\/#website"},"datePublished":"2020-01-21T15:22:30+00:00","dateModified":"2020-01-21T15:23:17+00:00","author":{"@id":"https:\/\/laprensacristiana.com\/#\/schema\/person\/3e7d82c6bfd6b1fa67010f8f7cd5256e"},"breadcrumb":{"@id":"https:\/\/laprensacristiana.com\/?p=7861#breadcrumb"},"inLanguage":"es","potentialAction":[{"@type":"ReadAction","target":["https:\/\/laprensacristiana.com\/?p=7861"]}]},{"@type":"BreadcrumbList","@id":"https:\/\/laprensacristiana.com\/?p=7861#breadcrumb","itemListElement":[{"@type":"ListItem","position":1,"name":"Portada","item":"https:\/\/laprensacristiana.com\/"},{"@type":"ListItem","position":2,"name":"\u00abFundaci\u00f3n Saquemos Sonrisas\u00bb transmitiendo amor y esperanza en Ecuador"}]},{"@type":"WebSite","@id":"https:\/\/laprensacristiana.com\/#website","url":"https:\/\/laprensacristiana.com\/","name":"La Prensa Cristiana","description":"Anunciando Las Buenas Nuevas","potentialAction":[{"@type":"SearchAction","target":{"@type":"EntryPoint","urlTemplate":"https:\/\/laprensacristiana.com\/?s={search_term_string}"},"query-input":"required name=search_term_string"}],"inLanguage":"es"},{"@type":"Person","@id":"https:\/\/laprensacristiana.com\/#\/schema\/person\/3e7d82c6bfd6b1fa67010f8f7cd5256e","name":"EDITOR","image":{"@type":"ImageObject","inLanguage":"es","@id":"https:\/\/laprensacristiana.com\/#\/schema\/person\/image\/","url":"https:\/\/secure.gravatar.com\/avatar\/72069dfb6c13772d9e8381e3638666d2?s=96&d=mm&r=g","contentUrl":"https:\/\/secure.gravatar.com\/avatar\/72069dfb6c13772d9e8381e3638666d2?s=96&d=mm&r=g","caption":"EDITOR"},"url":"https:\/\/laprensacristiana.com\/?author=3"}]}},"_links":{"self":[{"href":"https:\/\/laprensacristiana.com\/index.php?rest_route=\/wp\/v2\/posts\/7861"}],"collection":[{"href":"https:\/\/laprensacristiana.com\/index.php?rest_route=\/wp\/v2\/posts"}],"about":[{"href":"https:\/\/laprensacristiana.com\/index.php?rest_route=\/wp\/v2\/types\/post"}],"author":[{"embeddable":true,"href":"https:\/\/laprensacristiana.com\/index.php?rest_route=\/wp\/v2\/users\/3"}],"replies":[{"embeddable":true,"href":"https:\/\/laprensacristiana.com\/index.php?rest_route=%2Fwp%2Fv2%2Fcomments&post=7861"}],"version-history":[{"count":2,"href":"https:\/\/laprensacristiana.com\/index.php?rest_route=\/wp\/v2\/posts\/7861\/revisions"}],"predecessor-version":[{"id":7867,"href":"https:\/\/laprensacristiana.com\/index.php?rest_route=\/wp\/v2\/posts\/7861\/revisions\/7867"}],"wp:featuredmedia":[{"embeddable":true,"href":"https:\/\/laprensacristiana.com\/index.php?rest_route=\/wp\/v2\/media\/7862"}],"wp:attachment":[{"href":"https:\/\/laprensacristiana.com\/index.php?rest_route=%2Fwp%2Fv2%2Fmedia&parent=7861"}],"wp:term":[{"taxonomy":"category","embeddable":true,"href":"https:\/\/laprensacristiana.com\/index.php?rest_route=%2Fwp%2Fv2%2Fcategories&post=7861"},{"taxonomy":"post_tag","embeddable":true,"href":"https:\/\/laprensacristiana.com\/index.php?rest_route=%2Fwp%2Fv2%2Ftags&post=7861"}],"curies":[{"name":"wp","href":"https:\/\/api.w.org\/{rel}","templated":true}]}}