{"id":7880,"date":"2020-01-21T23:46:55","date_gmt":"2020-01-21T23:46:55","guid":{"rendered":"https:\/\/laprensacristiana.com\/?p=7880"},"modified":"2020-01-21T23:46:58","modified_gmt":"2020-01-21T23:46:58","slug":"christian-fest-live-da-a-conocer-los-cantantes-para-este-ano","status":"publish","type":"post","link":"https:\/\/laprensacristiana.com\/?p=7880","title":{"rendered":"Christian Fest Live da a conocer los cantantes para este a\u00f1o"},"content":{"rendered":"\n<p>Se acerca cada vez m\u00e1s uno de los eventos m\u00e1s esperados por\nla juventud de El Salvador para este a\u00f1o 2020, Christian Fest Live re\u00fane a\nmiles de j\u00f3venes para compartir un tiempo especial y adorar al Se\u00f1or.<\/p>\n\n\n\n<p>Dentro del programa hay espacio para que la palabra de Dios\nsea difundida, y todo aquel que a\u00fan no le conoce pueda hacerlo, su objetivo es\ncumplir la gran comisi\u00f3n. <\/p>\n\n\n\n<p>Este a\u00f1o el lugar de encuentro ser\u00e1 en el estadio \u201cJorge\nM\u00e1gico Gonzalez\u201d el dia 14 de marzo, y esta tarde se dieron a conocer los\nartistas que se presentaran ese d\u00eda, Redimi2 es uno de los m\u00e1s esperados, Alex\nZurdo, Funky, Marcos Vidal e Ingrid Rosario. <\/p>\n\n\n\n<p>La entrafa ser\u00e1 totalmente gratis y comenzar\u00e1 a las 2:00 pm.<\/p>\n","protected":false},"excerpt":{"rendered":"<p>Se acerca cada vez m\u00e1s uno de los eventos m\u00e1s esperados por la juventud de El Salvador para este a\u00f1o 2020, Christian Fest Live re\u00fane a miles de j\u00f3venes para compartir un tiempo especial y adorar al Se\u00f1or. Dentro del programa hay espacio para que la palabra de Dios sea difundida, y todo aquel que [&hellip;]<\/p>\n","protected":false},"author":3,"featured_media":7881,"comment_status":"open","ping_status":"open","sticky":false,"template":"","format":"standard","meta":[],"categories":[56],"tags":[],"yoast_head":"<!-- This site is optimized with the Yoast SEO plugin v20.8 - https:\/\/yoast.com\/wordpress\/plugins\/seo\/ -->\n<title>Christian Fest Live da a conocer los cantantes para este a\u00f1o - La Prensa Cristiana<\/title>\n<meta name=\"robots\" content=\"index, follow, max-snippet:-1, max-image-preview:large, max-video-preview:-1\" \/>\n<link rel=\"canonical\" href=\"https:\/\/laprensacristiana.com\/?p=7880\" \/>\n<meta property=\"og:locale\" content=\"es_ES\" \/>\n<meta property=\"og:type\" content=\"article\" \/>\n<meta property=\"og:title\" content=\"Christian Fest Live da a conocer los cantantes para este a\u00f1o - La Prensa Cristiana\" \/>\n<meta property=\"og:description\" content=\"Se acerca cada vez m\u00e1s uno de los eventos m\u00e1s esperados por la juventud de El Salvador para este a\u00f1o 2020, Christian Fest Live re\u00fane a miles de j\u00f3venes para compartir un tiempo especial y adorar al Se\u00f1or. Dentro del programa hay espacio para que la palabra de Dios sea difundida, y todo aquel que [&hellip;]\" \/>\n<meta property=\"og:url\" content=\"https:\/\/laprensacristiana.com\/?p=7880\" \/>\n<meta property=\"og:site_name\" content=\"La Prensa Cristiana\" \/>\n<meta property=\"article:published_time\" content=\"2020-01-21T23:46:55+00:00\" \/>\n<meta property=\"article:modified_time\" content=\"2020-01-21T23:46:58+00:00\" \/>\n<meta property=\"og:image\" content=\"https:\/\/laprensacristiana.com\/wp-content\/uploads\/2020\/01\/WhatsApp-Image-2020-01-21-at-17.22.12.jpeg\" \/>\n\t<meta property=\"og:image:width\" content=\"716\" \/>\n\t<meta property=\"og:image:height\" content=\"413\" \/>\n\t<meta property=\"og:image:type\" content=\"image\/jpeg\" \/>\n<meta name=\"author\" content=\"EDITOR\" \/>\n<meta name=\"twitter:card\" content=\"summary_large_image\" \/>\n<meta name=\"twitter:label1\" content=\"Escrito por\" \/>\n\t<meta name=\"twitter:data1\" content=\"EDITOR\" \/>\n\t<meta name=\"twitter:label2\" content=\"Tiempo de lectura\" \/>\n\t<meta name=\"twitter:data2\" content=\"1 minuto\" \/>\n<script type=\"application\/ld+json\" class=\"yoast-schema-graph\">{\"@context\":\"https:\/\/schema.org\",\"@graph\":[{\"@type\":\"WebPage\",\"@id\":\"https:\/\/laprensacristiana.com\/?p=7880\",\"url\":\"https:\/\/laprensacristiana.com\/?p=7880\",\"name\":\"Christian Fest Live da a conocer los cantantes para este a\u00f1o - La Prensa Cristiana\",\"isPartOf\":{\"@id\":\"https:\/\/laprensacristiana.com\/#website\"},\"datePublished\":\"2020-01-21T23:46:55+00:00\",\"dateModified\":\"2020-01-21T23:46:58+00:00\",\"author\":{\"@id\":\"https:\/\/laprensacristiana.com\/#\/schema\/person\/3e7d82c6bfd6b1fa67010f8f7cd5256e\"},\"breadcrumb\":{\"@id\":\"https:\/\/laprensacristiana.com\/?p=7880#breadcrumb\"},\"inLanguage\":\"es\",\"potentialAction\":[{\"@type\":\"ReadAction\",\"target\":[\"https:\/\/laprensacristiana.com\/?p=7880\"]}]},{\"@type\":\"BreadcrumbList\",\"@id\":\"https:\/\/laprensacristiana.com\/?p=7880#breadcrumb\",\"itemListElement\":[{\"@type\":\"ListItem\",\"position\":1,\"name\":\"Portada\",\"item\":\"https:\/\/laprensacristiana.com\/\"},{\"@type\":\"ListItem\",\"position\":2,\"name\":\"Christian Fest Live da a conocer los cantantes para este a\u00f1o\"}]},{\"@type\":\"WebSite\",\"@id\":\"https:\/\/laprensacristiana.com\/#website\",\"url\":\"https:\/\/laprensacristiana.com\/\",\"name\":\"La Prensa Cristiana\",\"description\":\"Anunciando Las Buenas Nuevas\",\"potentialAction\":[{\"@type\":\"SearchAction\",\"target\":{\"@type\":\"EntryPoint\",\"urlTemplate\":\"https:\/\/laprensacristiana.com\/?s={search_term_string}\"},\"query-input\":\"required name=search_term_string\"}],\"inLanguage\":\"es\"},{\"@type\":\"Person\",\"@id\":\"https:\/\/laprensacristiana.com\/#\/schema\/person\/3e7d82c6bfd6b1fa67010f8f7cd5256e\",\"name\":\"EDITOR\",\"image\":{\"@type\":\"ImageObject\",\"inLanguage\":\"es\",\"@id\":\"https:\/\/laprensacristiana.com\/#\/schema\/person\/image\/\",\"url\":\"https:\/\/secure.gravatar.com\/avatar\/72069dfb6c13772d9e8381e3638666d2?s=96&d=mm&r=g\",\"contentUrl\":\"https:\/\/secure.gravatar.com\/avatar\/72069dfb6c13772d9e8381e3638666d2?s=96&d=mm&r=g\",\"caption\":\"EDITOR\"},\"url\":\"https:\/\/laprensacristiana.com\/?author=3\"}]}<\/script>\n<!-- \/ Yoast SEO plugin. -->","yoast_head_json":{"title":"Christian Fest Live da a conocer los cantantes para este a\u00f1o - La Prensa Cristiana","robots":{"index":"index","follow":"follow","max-snippet":"max-snippet:-1","max-image-preview":"max-image-preview:large","max-video-preview":"max-video-preview:-1"},"canonical":"https:\/\/laprensacristiana.com\/?p=7880","og_locale":"es_ES","og_type":"article","og_title":"Christian Fest Live da a conocer los cantantes para este a\u00f1o - La Prensa Cristiana","og_description":"Se acerca cada vez m\u00e1s uno de los eventos m\u00e1s esperados por la juventud de El Salvador para este a\u00f1o 2020, Christian Fest Live re\u00fane a miles de j\u00f3venes para compartir un tiempo especial y adorar al Se\u00f1or. Dentro del programa hay espacio para que la palabra de Dios sea difundida, y todo aquel que [&hellip;]","og_url":"https:\/\/laprensacristiana.com\/?p=7880","og_site_name":"La Prensa Cristiana","article_published_time":"2020-01-21T23:46:55+00:00","article_modified_time":"2020-01-21T23:46:58+00:00","og_image":[{"width":716,"height":413,"url":"https:\/\/laprensacristiana.com\/wp-content\/uploads\/2020\/01\/WhatsApp-Image-2020-01-21-at-17.22.12.jpeg","type":"image\/jpeg"}],"author":"EDITOR","twitter_card":"summary_large_image","twitter_misc":{"Escrito por":"EDITOR","Tiempo de lectura":"1 minuto"},"schema":{"@context":"https:\/\/schema.org","@graph":[{"@type":"WebPage","@id":"https:\/\/laprensacristiana.com\/?p=7880","url":"https:\/\/laprensacristiana.com\/?p=7880","name":"Christian Fest Live da a conocer los cantantes para este a\u00f1o - La Prensa Cristiana","isPartOf":{"@id":"https:\/\/laprensacristiana.com\/#website"},"datePublished":"2020-01-21T23:46:55+00:00","dateModified":"2020-01-21T23:46:58+00:00","author":{"@id":"https:\/\/laprensacristiana.com\/#\/schema\/person\/3e7d82c6bfd6b1fa67010f8f7cd5256e"},"breadcrumb":{"@id":"https:\/\/laprensacristiana.com\/?p=7880#breadcrumb"},"inLanguage":"es","potentialAction":[{"@type":"ReadAction","target":["https:\/\/laprensacristiana.com\/?p=7880"]}]},{"@type":"BreadcrumbList","@id":"https:\/\/laprensacristiana.com\/?p=7880#breadcrumb","itemListElement":[{"@type":"ListItem","position":1,"name":"Portada","item":"https:\/\/laprensacristiana.com\/"},{"@type":"ListItem","position":2,"name":"Christian Fest Live da a conocer los cantantes para este a\u00f1o"}]},{"@type":"WebSite","@id":"https:\/\/laprensacristiana.com\/#website","url":"https:\/\/laprensacristiana.com\/","name":"La Prensa Cristiana","description":"Anunciando Las Buenas Nuevas","potentialAction":[{"@type":"SearchAction","target":{"@type":"EntryPoint","urlTemplate":"https:\/\/laprensacristiana.com\/?s={search_term_string}"},"query-input":"required name=search_term_string"}],"inLanguage":"es"},{"@type":"Person","@id":"https:\/\/laprensacristiana.com\/#\/schema\/person\/3e7d82c6bfd6b1fa67010f8f7cd5256e","name":"EDITOR","image":{"@type":"ImageObject","inLanguage":"es","@id":"https:\/\/laprensacristiana.com\/#\/schema\/person\/image\/","url":"https:\/\/secure.gravatar.com\/avatar\/72069dfb6c13772d9e8381e3638666d2?s=96&d=mm&r=g","contentUrl":"https:\/\/secure.gravatar.com\/avatar\/72069dfb6c13772d9e8381e3638666d2?s=96&d=mm&r=g","caption":"EDITOR"},"url":"https:\/\/laprensacristiana.com\/?author=3"}]}},"_links":{"self":[{"href":"https:\/\/laprensacristiana.com\/index.php?rest_route=\/wp\/v2\/posts\/7880"}],"collection":[{"href":"https:\/\/laprensacristiana.com\/index.php?rest_route=\/wp\/v2\/posts"}],"about":[{"href":"https:\/\/laprensacristiana.com\/index.php?rest_route=\/wp\/v2\/types\/post"}],"author":[{"embeddable":true,"href":"https:\/\/laprensacristiana.com\/index.php?rest_route=\/wp\/v2\/users\/3"}],"replies":[{"embeddable":true,"href":"https:\/\/laprensacristiana.com\/index.php?rest_route=%2Fwp%2Fv2%2Fcomments&post=7880"}],"version-history":[{"count":2,"href":"https:\/\/laprensacristiana.com\/index.php?rest_route=\/wp\/v2\/posts\/7880\/revisions"}],"predecessor-version":[{"id":8145,"href":"https:\/\/laprensacristiana.com\/index.php?rest_route=\/wp\/v2\/posts\/7880\/revisions\/8145"}],"wp:featuredmedia":[{"embeddable":true,"href":"https:\/\/laprensacristiana.com\/index.php?rest_route=\/wp\/v2\/media\/7881"}],"wp:attachment":[{"href":"https:\/\/laprensacristiana.com\/index.php?rest_route=%2Fwp%2Fv2%2Fmedia&parent=7880"}],"wp:term":[{"taxonomy":"category","embeddable":true,"href":"https:\/\/laprensacristiana.com\/index.php?rest_route=%2Fwp%2Fv2%2Fcategories&post=7880"},{"taxonomy":"post_tag","embeddable":true,"href":"https:\/\/laprensacristiana.com\/index.php?rest_route=%2Fwp%2Fv2%2Ftags&post=7880"}],"curies":[{"name":"wp","href":"https:\/\/api.w.org\/{rel}","templated":true}]}}